{"id":812,"count":1,"description":"Nouvelles et mises \u00e0 jour de la Conf\u00e9rence l\u00e9gislative de l\u2019AIP (IAFF) ax\u00e9es sur la d\u00e9fense des int\u00e9r\u00eats, les priorit\u00e9s l\u00e9gislatives et l\u2019engagement des membres aupr\u00e8s des \u00e9lus sur les questions touchant les pompiers et les travailleurs param\u00e9dicaux.","link":"https:\/\/www.iaff.org\/fr-ca\/tag\/conference-legislative\/","name":"Conf\u00e9rence l\u00e9gislative","slug":"conference-legislative","taxonomy":"post_tag","meta":[],"_links":{"self":[{"href":"https:\/\/www.iaff.org\/fr-ca\/wp-json\/wp\/v2\/tags\/812","targetHints":{"allow":["GET"]}}],"collection":[{"href":"https:\/\/www.iaff.org\/fr-ca\/wp-json\/wp\/v2\/tags"}],"about":[{"href":"https:\/\/www.iaff.org\/fr-ca\/wp-json\/wp\/v2\/taxonomies\/post_tag"}],"wp:post_type":[{"href":"https:\/\/www.iaff.org\/fr-ca\/wp-json\/wp\/v2\/posts?tags=812"},{"href":"https:\/\/www.iaff.org\/fr-ca\/wp-json\/wp\/v2\/news?tags=812"},{"href":"https:\/\/www.iaff.org\/fr-ca\/wp-json\/wp\/v2\/pdhg?tags=812"},{"href":"https:\/\/www.iaff.org\/fr-ca\/wp-json\/wp\/v2\/tribe_events?tags=812"},{"href":"https:\/\/www.iaff.org\/fr-ca\/wp-json\/wp\/v2\/tec_calendar_embed?tags=812"}],"curies":[{"name":"wp","href":"https:\/\/api.w.org\/{rel}","templated":true}]}}