{"id":808,"count":1,"description":"Normes minimales d\u2019effectifs, l\u00e9gislation sur les effectifs, mises hors service temporaires\/fermetures de casernes et d\u00e9fense des int\u00e9r\u00eats li\u00e9s aux effectifs.","link":"https:\/\/www.iaff.org\/fr-ca\/tag\/effectifs\/","name":"Effectifs","slug":"effectifs","taxonomy":"post_tag","meta":[],"_links":{"self":[{"href":"https:\/\/www.iaff.org\/fr-ca\/wp-json\/wp\/v2\/tags\/808","targetHints":{"allow":["GET"]}}],"collection":[{"href":"https:\/\/www.iaff.org\/fr-ca\/wp-json\/wp\/v2\/tags"}],"about":[{"href":"https:\/\/www.iaff.org\/fr-ca\/wp-json\/wp\/v2\/taxonomies\/post_tag"}],"wp:post_type":[{"href":"https:\/\/www.iaff.org\/fr-ca\/wp-json\/wp\/v2\/posts?tags=808"},{"href":"https:\/\/www.iaff.org\/fr-ca\/wp-json\/wp\/v2\/news?tags=808"},{"href":"https:\/\/www.iaff.org\/fr-ca\/wp-json\/wp\/v2\/pdhg?tags=808"},{"href":"https:\/\/www.iaff.org\/fr-ca\/wp-json\/wp\/v2\/tribe_events?tags=808"},{"href":"https:\/\/www.iaff.org\/fr-ca\/wp-json\/wp\/v2\/tec_calendar_embed?tags=808"}],"curies":[{"name":"wp","href":"https:\/\/api.w.org\/{rel}","templated":true}]}}