{"id":806,"count":1,"description":"Jours f\u00e9ri\u00e9s du calendrier civil et f\u00e9d\u00e9ral, y compris le jour de l\u2019Ind\u00e9pendance, l\u2019Action de gr\u00e2ce, No\u00ebl, la f\u00eate des M\u00e8res, la f\u00eate des P\u00e8res, le jour des Anciens Combattants et le 19 juin (Juneteenth).","link":"https:\/\/www.iaff.org\/fr-ca\/tag\/jours-feries\/","name":"Jours f\u00e9ri\u00e9s","slug":"jours-feries","taxonomy":"post_tag","meta":[],"_links":{"self":[{"href":"https:\/\/www.iaff.org\/fr-ca\/wp-json\/wp\/v2\/tags\/806","targetHints":{"allow":["GET"]}}],"collection":[{"href":"https:\/\/www.iaff.org\/fr-ca\/wp-json\/wp\/v2\/tags"}],"about":[{"href":"https:\/\/www.iaff.org\/fr-ca\/wp-json\/wp\/v2\/taxonomies\/post_tag"}],"wp:post_type":[{"href":"https:\/\/www.iaff.org\/fr-ca\/wp-json\/wp\/v2\/posts?tags=806"},{"href":"https:\/\/www.iaff.org\/fr-ca\/wp-json\/wp\/v2\/news?tags=806"},{"href":"https:\/\/www.iaff.org\/fr-ca\/wp-json\/wp\/v2\/pdhg?tags=806"},{"href":"https:\/\/www.iaff.org\/fr-ca\/wp-json\/wp\/v2\/tribe_events?tags=806"},{"href":"https:\/\/www.iaff.org\/fr-ca\/wp-json\/wp\/v2\/tec_calendar_embed?tags=806"}],"curies":[{"name":"wp","href":"https:\/\/api.w.org\/{rel}","templated":true}]}}