{"id":805,"count":1,"description":"C\u00e9l\u00e9brations d\u2019une seule journ\u00e9e pour les services d\u2019incendie et mois de reconnaissance de l\u2019identit\u00e9 et du patrimoine, notamment la Journ\u00e9e nationale des survivants du cancer, le Jour de comm\u00e9moration des travailleurs, le Jour du drapeau, le Mois de l\u2019histoire des Noirs, le Mois de la fiert\u00e9 et le Mois du patrimoine des Am\u00e9ricains d\u2019origine asiatique et des \u00eeles du Pacifique (AAPI).","link":"https:\/\/www.iaff.org\/fr-ca\/tag\/sensibilisation-et-reconnaissance\/","name":"Sensibilisation et reconnaissance","slug":"sensibilisation-et-reconnaissance","taxonomy":"post_tag","meta":[],"_links":{"self":[{"href":"https:\/\/www.iaff.org\/fr-ca\/wp-json\/wp\/v2\/tags\/805","targetHints":{"allow":["GET"]}}],"collection":[{"href":"https:\/\/www.iaff.org\/fr-ca\/wp-json\/wp\/v2\/tags"}],"about":[{"href":"https:\/\/www.iaff.org\/fr-ca\/wp-json\/wp\/v2\/taxonomies\/post_tag"}],"wp:post_type":[{"href":"https:\/\/www.iaff.org\/fr-ca\/wp-json\/wp\/v2\/posts?tags=805"},{"href":"https:\/\/www.iaff.org\/fr-ca\/wp-json\/wp\/v2\/news?tags=805"},{"href":"https:\/\/www.iaff.org\/fr-ca\/wp-json\/wp\/v2\/pdhg?tags=805"},{"href":"https:\/\/www.iaff.org\/fr-ca\/wp-json\/wp\/v2\/tribe_events?tags=805"},{"href":"https:\/\/www.iaff.org\/fr-ca\/wp-json\/wp\/v2\/tec_calendar_embed?tags=805"}],"curies":[{"name":"wp","href":"https:\/\/api.w.org\/{rel}","templated":true}]}}