{"id":804,"count":1,"description":"Politique de pension, prestations de retraite et d\u00e9fense des int\u00e9r\u00eats connexes.","link":"https:\/\/www.iaff.org\/fr-ca\/tag\/pension-et-retraite\/","name":"Pension et retraite","slug":"pension-et-retraite","taxonomy":"post_tag","meta":[],"_links":{"self":[{"href":"https:\/\/www.iaff.org\/fr-ca\/wp-json\/wp\/v2\/tags\/804","targetHints":{"allow":["GET"]}}],"collection":[{"href":"https:\/\/www.iaff.org\/fr-ca\/wp-json\/wp\/v2\/tags"}],"about":[{"href":"https:\/\/www.iaff.org\/fr-ca\/wp-json\/wp\/v2\/taxonomies\/post_tag"}],"wp:post_type":[{"href":"https:\/\/www.iaff.org\/fr-ca\/wp-json\/wp\/v2\/posts?tags=804"},{"href":"https:\/\/www.iaff.org\/fr-ca\/wp-json\/wp\/v2\/news?tags=804"},{"href":"https:\/\/www.iaff.org\/fr-ca\/wp-json\/wp\/v2\/pdhg?tags=804"},{"href":"https:\/\/www.iaff.org\/fr-ca\/wp-json\/wp\/v2\/tribe_events?tags=804"},{"href":"https:\/\/www.iaff.org\/fr-ca\/wp-json\/wp\/v2\/tec_calendar_embed?tags=804"}],"curies":[{"name":"wp","href":"https:\/\/api.w.org\/{rel}","templated":true}]}}