{"id":97662,"date":"2025-06-26T16:26:23","date_gmt":"2025-06-26T20:26:23","guid":{"rendered":"https:\/\/www.iaff.org\/news\/les-pompiers-ont-de-nombreuses-facons-de-soutenir-dystrophie-musculaire-canada-selon-le-pdg-de-lorganisme-de-bienfaisance\/"},"modified":"2025-07-18T14:36:45","modified_gmt":"2025-07-18T18:36:45","slug":"les-pompiers-ont-de-nombreuses-facons-de-soutenir-dystrophie-musculaire-canada-selon-le-pdg-de-lorganisme-de-bienfaisance","status":"publish","type":"news","link":"https:\/\/www.iaff.org\/fr-ca\/news\/les-pompiers-ont-de-nombreuses-facons-de-soutenir-dystrophie-musculaire-canada-selon-le-pdg-de-lorganisme-de-bienfaisance\/","title":{"rendered":"Les pompiers ont de nombreuses fa\u00e7ons de soutenir Dystrophie musculaire Canada, selon le PDG de l\u2019organisme de bienfaisance"},"content":{"rendered":"\n<hr class=\"wp-block-separator has-alpha-channel-opacity\"\/>\n<div class=\"wp-block-paragraph \">\n<p><a id=\"_msocom_1\"><\/a><\/p>\n<\/div><div class=\"wp-block-paragraph \">\n<p><\/p>\n<\/div><section\n\t class=\"page-blocks iaff-page-blocks align wp-block-acf-page-blocks\" id=\"page-blocks_block_80da333b2ef298210eeddb61f90b2a58\">\n\t<div class=\"acf-innerblocks-container\">\n<div class=\"wp-block-paragraph \">\n<p>Les membres canadiens de IAFF ont c\u00e9l\u00e9br\u00e9 le 70e<sup>anniversaire<\/sup> de leur partenariat avec Dystrophie musculaire Canada (MDC) de la meilleure fa\u00e7on qu\u2019ils connaissent : en recueillant des fonds par le biais de campements sur les toits de la caserne de pompiers, de p\u00e9ages routiers et d\u2019autres initiatives communautaires.<\/p>\n<\/div>\n\n<div class=\"wp-block-paragraph \">\n<p>IAFF Les sections locales, profitant de la g\u00e9n\u00e9rosit\u00e9 des membres de la communaut\u00e9, ont recueilli environ 945 000 $ au cours de l\u2019exercice 2024 pour MDC, des fonds qui fournissent une aide quotidienne aux personnes atteintes de maladies neuromusculaires et soutiennent la recherche vitale.<\/p>\n<\/div>\n\n<div class=\"wp-block-paragraph \">\n<p>Stacey Lintern, chef de la direction de l\u2019organisme de bienfaisance, se dit reconnaissante envers les affili\u00e9s de IAFF pour les fonds qu\u2019ils recueillent et pour avoir gard\u00e9 Dystrophie musculaire Canada et les familles qu\u2019il aide pr\u00e8s de leur c\u0153ur.<\/p>\n<\/div>\n\n<div class=\"wp-block-paragraph \">\n<p>\u00ab Notre engagement est de trouver des rem\u00e8des et des traitements qui changent la vie et, en m\u00eame temps, de faire de notre mieux pour assurer la meilleure qualit\u00e9 de vie possible \u00e0 la communaut\u00e9 \u00bb, a d\u00e9clar\u00e9 Lintern. \u00ab Je sais que les pompiers soutiennent beaucoup de grandes causes, et nous sommes tellement chanceux. Les pompiers font vraiment partie de notre ADN en tant qu\u2019organisation. <\/p>\n<\/div>\n\n<div class=\"wp-block-paragraph \">\n<p>Le total recueilli par les affili\u00e9s de IAFF l\u2019an dernier repr\u00e9sente une baisse d\u2019environ 27% par rapport aux niveaux d\u2019avant la pand\u00e9mie. La collecte de fonds globale pour l\u2019organisation a diminu\u00e9 d\u2019un tiers depuis la COVID. <\/p>\n<\/div>\n\n<div class=\"wp-block-paragraph \">\n<p>Lintern affirme que le soutien de IAFF a men\u00e9 \u00e0 une perc\u00e9e qui a chang\u00e9 la vie dans le diagnostic et le traitement de l\u2019amyotrophie spinale (AMS) au cours des quatre derni\u00e8res ann\u00e9es.<\/p>\n<\/div>\n\n<div class=\"wp-block-paragraph \">\n<p>Par le pass\u00e9, l\u2019AS \u00e9tait g\u00e9n\u00e9ralement ind\u00e9tectable chez un enfant jusqu\u2019\u00e0 l\u2019apparition des sympt\u00f4mes, et il \u00e9tait souvent trop tard pour \u00e9viter que le trouble ne devienne mortel. Mais aujourd\u2019hui, tous les nouveau-n\u00e9s au Canada subissent un test de d\u00e9pistage de l\u2019AS et, s\u2019ils sont positifs, les traitements de th\u00e9rapie g\u00e9nique sont commenc\u00e9s dans les 17 jours.   <\/p>\n<\/div>\n\n<div class=\"wp-block-paragraph \">\n<p>\u00ab Ces enfants marchent et courent maintenant, vous ne sauriez pas qu\u2019ils ont un trouble neuromusculaire. Et les pompiers ont jou\u00e9 un r\u00f4le essentiel dans la collecte de fonds que nous investissons dans la recherche \u00bb, a d\u00e9clar\u00e9 Lintern, ajoutant que la course est maintenant lanc\u00e9e pour voir si les th\u00e9rapies g\u00e9niques peuvent \u00eatre utilis\u00e9es pour d\u00e9velopper des traitements pour 600 autres types de maladies neuromusculaires.<\/p>\n<\/div>\n\n<div class=\"wp-block-paragraph \">\n<p>\u00ab C\u2019est l\u2019impact des pompiers sur les familles atteintes d\u2019une maladie neuromusculaire \u00bb, a d\u00e9clar\u00e9 le General President Edward Kelly. \u00ab Nous sommes fiers du partenariat de 70 ans que IAFF partage avec MDC \u2013 et nous continuerons jusqu\u2019\u00e0 ce qu\u2019un rem\u00e8de soit trouv\u00e9. \u00bb <\/p>\n<\/div>\n\n<div class=\"wp-block-paragraph \">\n<p>En plus de la satisfaction d\u2019aider les familles touch\u00e9es par des maladies neuromusculaires, les pompiers peuvent \u00e9galement b\u00e9n\u00e9ficier d\u2019un d\u00e9veloppement professionnel en s\u2019impliquant aupr\u00e8s de MDC, au niveau local ou m\u00eame en tant que membre b\u00e9n\u00e9vole de leur conseil d\u2019administration.<\/p>\n<\/div>\n\n\n<figure class=\"wp-block-pullquote\"><blockquote><p>Je sais que les pompiers soutiennent beaucoup de grandes causes, et nous sommes tellement chanceux. Les pompiers font vraiment partie de notre ADN en tant qu\u2019organisation. <br\/><\/p><cite>Stacey Lintern, chef de la direction de Dystrophie musculaire Canada<\/cite><\/blockquote><\/figure>\n\n\n<div class=\"wp-block-paragraph \">\n<p>\u00ab Nous sommes toujours \u00e0 la recherche d\u2019une repr\u00e9sentation au conseil d\u2019administration des pompiers \u00bb, a d\u00e9clar\u00e9 Lintern. Des postes au conseil d\u2019administration sont ouverts en septembre, y compris des postes au sein du Comit\u00e9 national des relations avec les pompiers, qui travaille avec les cadres sup\u00e9rieurs du MDC sur la planification et la strat\u00e9gie. <\/p>\n<\/div>\n\n<div class=\"wp-block-paragraph \">\n<p>Le 19 juin, Danielle Campo, Danielle Campo, a parl\u00e9 aux dirigeants locaux et provinciaux de l\u2019AIP lors de la Conf\u00e9rence biennale sur les politiques canadiennes Jack Jessop \u00e0 Windsor.<\/p>\n<\/div>\n\n<div class=\"wp-block-paragraph \">\n<p>Campo, triple m\u00e9daill\u00e9e d\u2019or paralympique et d\u00e9tentrice du record du monde en natation, a inspir\u00e9 les d\u00e9l\u00e9gu\u00e9s avec une histoire \u00e9mouvante sur les d\u00e9fis qu\u2019elle a surmont\u00e9s, y compris la fa\u00e7on dont elle a re\u00e7u un diagnostic erron\u00e9 de dystrophie musculaire, alors qu\u2019en fait elle souffrait d\u2019amyotrophie spinale. Elle est maintenant m\u00e8re de deux jeunes enfants atteints de la maladie.   <\/p>\n<\/div>\n\n<div class=\"wp-block-paragraph \">\n<p>\u00ab Lorsque notre communaut\u00e9 rencontre les pompiers, c\u2019est comme par magie. Ils quittent ces conf\u00e9rences avec le sentiment d\u2019avoir tous les pompiers canadiens derri\u00e8re eux. Et ils peuvent s\u2019en sortir le lendemain.<\/p>\n<\/div>\n<\/div><\/section>\n<div class=\"wp-block-paragraph \">\n<p><\/p>\n<\/div>\n<figure class=\"wp-block-gallery has-nested-images columns-default is-cropped wp-block-gallery-1 is-layout-flex wp-block-gallery-is-layout-flex\">\n<figure data-wp-context=\"{&quot;imageId&quot;:&quot;69f161c9360a1&quot;}\" data-wp-interactive=\"core\/image\" data-wp-key=\"69f161c9360a1\" class=\"wp-block-image size-large wp-lightbox-container\"><img decoding=\"async\" width=\"1024\" height=\"859\" data-wp-class--hide=\"state.isContentHidden\" data-wp-class--show=\"state.isContentVisible\" data-wp-init=\"callbacks.setButtonStyles\" data-wp-on--click=\"actions.showLightbox\" data-wp-on--load=\"callbacks.setButtonStyles\" data-wp-on-window--resize=\"callbacks.setButtonStyles\" data-id=\"97658\" src=\"https:\/\/www.iaff.org\/wp-content\/uploads\/2025\/06\/Barrie-MDC-1-1024x859.jpeg\" alt=\"\" class=\"wp-image-97658\" srcset=\"https:\/\/www.iaff.org\/wp-content\/uploads\/2025\/06\/Barrie-MDC-1-1024x859.jpeg 1024w, https:\/\/www.iaff.org\/wp-content\/uploads\/2025\/06\/Barrie-MDC-1-300x252.jpeg 300w, https:\/\/www.iaff.org\/wp-content\/uploads\/2025\/06\/Barrie-MDC-1-768x644.jpeg 768w, https:\/\/www.iaff.org\/wp-content\/uploads\/2025\/06\/Barrie-MDC-1-240x201.jpeg 240w, https:\/\/www.iaff.org\/wp-content\/uploads\/2025\/06\/Barrie-MDC-1-954x800.jpeg 954w, https:\/\/www.iaff.org\/wp-content\/uploads\/2025\/06\/Barrie-MDC-1-966x810.jpeg 966w, https:\/\/www.iaff.org\/wp-content\/uploads\/2025\/06\/Barrie-MDC-1.jpeg 1440w\" sizes=\"(max-width: 1024px) 100vw, 1024px\" \/><button\n\t\t\tclass=\"lightbox-trigger\"\n\t\t\ttype=\"button\"\n\t\t\taria-haspopup=\"dialog\"\n\t\t\taria-label=\"Enlarge\"\n\t\t\tdata-wp-init=\"callbacks.initTriggerButton\"\n\t\t\tdata-wp-on--click=\"actions.showLightbox\"\n\t\t\tdata-wp-style--right=\"state.imageButtonRight\"\n\t\t\tdata-wp-style--top=\"state.imageButtonTop\"\n\t\t>\n\t\t\t<svg xmlns=\"http:\/\/www.w3.org\/2000\/svg\" width=\"12\" height=\"12\" fill=\"none\" viewBox=\"0 0 12 12\">\n\t\t\t\t<path fill=\"#fff\" d=\"M2 0a2 2 0 0 0-2 2v2h1.5V2a.5.5 0 0 1 .5-.5h2V0H2Zm2 10.5H2a.5.5 0 0 1-.5-.5V8H0v2a2 2 0 0 0 2 2h2v-1.5ZM8 12v-1.5h2a.5.5 0 0 0 .5-.5V8H12v2a2 2 0 0 1-2 2H8Zm2-12a2 2 0 0 1 2 2v2h-1.5V2a.5.5 0 0 0-.5-.5H8V0h2Z\" \/>\n\t\t\t<\/svg>\n\t\t<\/button><figcaption class=\"wp-element-caption\">Les pompiers de la section locale 1753 de Barrie faisaient partie des nombreux affili\u00e9s canadiens de l\u2019AIP qui ont recueilli des fonds pour Dystrophie musculaire Canada l\u2019an dernier.  <\/figcaption><\/figure>\n<\/figure>\n","protected":false},"featured_media":97644,"menu_order":0,"template":"","tags":[62,112],"class_list":["post-97662","news","type-news","status-publish","has-post-thumbnail","hentry","tag-canada-fr-ca","tag-redonner"],"acf":[],"publishpress_future_workflow_manual_trigger":{"enabledWorkflows":[]},"_links":{"self":[{"href":"https:\/\/www.iaff.org\/fr-ca\/wp-json\/wp\/v2\/news\/97662","targetHints":{"allow":["GET"]}}],"collection":[{"href":"https:\/\/www.iaff.org\/fr-ca\/wp-json\/wp\/v2\/news"}],"about":[{"href":"https:\/\/www.iaff.org\/fr-ca\/wp-json\/wp\/v2\/types\/news"}],"version-history":[{"count":0,"href":"https:\/\/www.iaff.org\/fr-ca\/wp-json\/wp\/v2\/news\/97662\/revisions"}],"wp:featuredmedia":[{"embeddable":true,"href":"https:\/\/www.iaff.org\/fr-ca\/wp-json\/wp\/v2\/media\/97644"}],"wp:attachment":[{"href":"https:\/\/www.iaff.org\/fr-ca\/wp-json\/wp\/v2\/media?parent=97662"}],"wp:term":[{"taxonomy":"post_tag","embeddable":true,"href":"https:\/\/www.iaff.org\/fr-ca\/wp-json\/wp\/v2\/tags?post=97662"}],"curies":[{"name":"wp","href":"https:\/\/api.w.org\/{rel}","templated":true}]}}