{"id":97325,"date":"2025-06-26T09:50:54","date_gmt":"2025-06-26T13:50:54","guid":{"rendered":"https:\/\/www.iaff.org\/news\/les-familles-exhortent-le-congres-a-reconnaitre-les-deces-par-cancer-professionnel-dans-lexercice-de-ses-fonctions\/"},"modified":"2025-10-06T10:43:24","modified_gmt":"2025-10-06T14:43:24","slug":"les-familles-exhortent-le-congres-a-reconnaitre-les-deces-par-cancer-professionnel-dans-lexercice-de-ses-fonctions","status":"publish","type":"news","link":"https:\/\/www.iaff.org\/fr-ca\/news\/les-familles-exhortent-le-congres-a-reconnaitre-les-deces-par-cancer-professionnel-dans-lexercice-de-ses-fonctions\/","title":{"rendered":"Les familles exhortent le Congr\u00e8s \u00e0 reconna\u00eetre les d\u00e9c\u00e8s par cancer professionnel dans l\u2019exercice de ses fonctions"},"content":{"rendered":"<section\n\t class=\"page-blocks iaff-page-blocks align wp-block-acf-page-blocks\" id=\"page-blocks_block_8c53177b50f5121b6943b3cf857e3a51\">\n\t<div class=\"acf-innerblocks-container\">\n<div class=\"wp-block-paragraph \">\n<p>Plus de 50 membres de familles, pompiers, membres du personnel de IAFF et d\u00e9fenseurs de tout le pays se sont r\u00e9unis au Capitole des \u00c9tats-Unis cette semaine avec un seul objectif : exhorter le Congr\u00e8s \u00e0 adopter la loi Honoring Our Fallen Heroes.  <\/p>\n<\/div>\n\n<div class=\"wp-block-paragraph \">\n<p>La \u00ab Loi sur l\u2019honneur \u00bb bipartisane (S. 237 \/ H.R. 1269) \u00e9largirait le programme d\u2019avantages sociaux des agents de s\u00e9curit\u00e9 publique (PSOB) pour inclure le cancer professionnel, la principale cause de d\u00e9c\u00e8s chez les pompiers. La loi vise \u00e0 combler une lacune dans la loi f\u00e9d\u00e9rale en reconnaissant le cancer comme une maladie dans l\u2019exercice de ses fonctions, en veillant \u00e0 ce que les premiers intervenants et leurs familles re\u00e7oivent le soutien financier et les prestations de d\u00e9c\u00e8s qu\u2019ils m\u00e9ritent.   <\/p>\n<\/div>\n\n<div class=\"wp-block-paragraph \">\n<p>\u00ab Ces familles ont vu de leurs propres yeux les effets d\u00e9vastateurs du cancer professionnel sur le service d\u2019incendie. Les pompiers perdent la vie \u00e0 cause d\u2019un cancer professionnel \u00e0 un rythme alarmant, et il est temps que le gouvernement f\u00e9d\u00e9ral reconnaisse enfin que ces sacrifices se produisent dans l\u2019exercice de leurs fonctions \u00bb, a d\u00e9clar\u00e9 le General President Edward Kelly. \u00ab Je tiens \u00e0 remercier tous les membres du Congr\u00e8s qui ont rencontr\u00e9 les familles de nos soldats tomb\u00e9s au combat et qui se battent c\u00f4te \u00e0 c\u00f4te avec IAFF pour faire adopter la Loi sur l\u2019honneur de nos h\u00e9ros tomb\u00e9s au combat. \u00bb   <\/p>\n<\/div>\n\n\n<figure class=\"wp-block-pullquote\"><blockquote><p>Ces familles ont vu de leurs propres yeux les effets d\u00e9vastateurs du cancer professionnel sur le service d\u2019incendie. Les pompiers perdent la vie \u00e0 cause d\u2019un cancer professionnel \u00e0 un rythme alarmant, et il est temps que le gouvernement f\u00e9d\u00e9ral reconnaisse enfin que ces sacrifices se produisent dans l\u2019exercice de leurs fonctions. <\/p><cite>pr\u00e9sident g\u00e9n\u00e9ral Edward Kelly <\/cite><\/blockquote><\/figure>\n\n\n<div class=\"wp-block-paragraph \">\n<p>Depuis sa r\u00e9introduction plus t\u00f4t cette ann\u00e9e, 116 membres du Congr\u00e8s \u2013 83 d\u00e9mocrates et 33 r\u00e9publicains \u2013 ont sign\u00e9 pour coparrainer le projet de loi \u00e0 la Chambre. Au S\u00e9nat, 42 membres ont soutenu le projet de loi, dont 16 r\u00e9publicains et 26 d\u00e9mocrates.   <\/p>\n<\/div>\n\n\n<figure class=\"wp-block-gallery has-nested-images columns-default is-cropped wp-block-gallery-1 is-layout-flex wp-block-gallery-is-layout-flex\">\n<figure data-wp-context=\"{&quot;imageId&quot;:&quot;69f2da9320b03&quot;}\" data-wp-interactive=\"core\/image\" data-wp-key=\"69f2da9320b03\" class=\"wp-block-image size-large wp-lightbox-container\"><img decoding=\"async\" width=\"1024\" height=\"657\" data-wp-class--hide=\"state.isContentHidden\" data-wp-class--show=\"state.isContentVisible\" data-wp-init=\"callbacks.setButtonStyles\" data-wp-on--click=\"actions.showLightbox\" data-wp-on--load=\"callbacks.setButtonStyles\" data-wp-on-window--resize=\"callbacks.setButtonStyles\" data-id=\"97278\" src=\"https:\/\/www.iaff.org\/wp-content\/uploads\/2025\/06\/Klobuchar-MPFF-group-photo-1024x657.jpeg\" alt=\"\" class=\"wp-image-97278\" srcset=\"https:\/\/www.iaff.org\/wp-content\/uploads\/2025\/06\/Klobuchar-MPFF-group-photo-1024x657.jpeg 1024w, https:\/\/www.iaff.org\/wp-content\/uploads\/2025\/06\/Klobuchar-MPFF-group-photo-300x193.jpeg 300w, https:\/\/www.iaff.org\/wp-content\/uploads\/2025\/06\/Klobuchar-MPFF-group-photo-768x493.jpeg 768w, https:\/\/www.iaff.org\/wp-content\/uploads\/2025\/06\/Klobuchar-MPFF-group-photo-240x154.jpeg 240w, https:\/\/www.iaff.org\/wp-content\/uploads\/2025\/06\/Klobuchar-MPFF-group-photo.jpeg 1200w\" sizes=\"(max-width: 1024px) 100vw, 1024px\" \/><button\n\t\t\tclass=\"lightbox-trigger\"\n\t\t\ttype=\"button\"\n\t\t\taria-haspopup=\"dialog\"\n\t\t\taria-label=\"Enlarge\"\n\t\t\tdata-wp-init=\"callbacks.initTriggerButton\"\n\t\t\tdata-wp-on--click=\"actions.showLightbox\"\n\t\t\tdata-wp-style--right=\"state.imageButtonRight\"\n\t\t\tdata-wp-style--top=\"state.imageButtonTop\"\n\t\t>\n\t\t\t<svg xmlns=\"http:\/\/www.w3.org\/2000\/svg\" width=\"12\" height=\"12\" fill=\"none\" viewBox=\"0 0 12 12\">\n\t\t\t\t<path fill=\"#fff\" d=\"M2 0a2 2 0 0 0-2 2v2h1.5V2a.5.5 0 0 1 .5-.5h2V0H2Zm2 10.5H2a.5.5 0 0 1-.5-.5V8H0v2a2 2 0 0 0 2 2h2v-1.5ZM8 12v-1.5h2a.5.5 0 0 0 .5-.5V8H12v2a2 2 0 0 1-2 2H8Zm2-12a2 2 0 0 1 2 2v2h-1.5V2a.5.5 0 0 0-.5-.5H8V0h2Z\" \/>\n\t\t\t<\/svg>\n\t\t<\/button><figcaption class=\"wp-element-caption\">Minnesota Profesional Fire Fighters avec la s\u00e9natrice Amy Klobuchar et ses familles.<\/figcaption><\/figure>\n\n\n\n<figure data-wp-context=\"{&quot;imageId&quot;:&quot;69f2da93216d6&quot;}\" data-wp-interactive=\"core\/image\" data-wp-key=\"69f2da93216d6\" class=\"wp-block-image size-large wp-lightbox-container\"><img decoding=\"async\" width=\"1024\" height=\"662\" data-wp-class--hide=\"state.isContentHidden\" data-wp-class--show=\"state.isContentVisible\" data-wp-init=\"callbacks.setButtonStyles\" data-wp-on--click=\"actions.showLightbox\" data-wp-on--load=\"callbacks.setButtonStyles\" data-wp-on-window--resize=\"callbacks.setButtonStyles\" data-id=\"97290\" src=\"https:\/\/www.iaff.org\/wp-content\/uploads\/2025\/06\/MPFF-2-1024x662.jpg\" alt=\"\" class=\"wp-image-97290\" srcset=\"https:\/\/www.iaff.org\/wp-content\/uploads\/2025\/06\/MPFF-2-1024x662.jpg 1024w, https:\/\/www.iaff.org\/wp-content\/uploads\/2025\/06\/MPFF-2-300x194.jpg 300w, https:\/\/www.iaff.org\/wp-content\/uploads\/2025\/06\/MPFF-2-768x497.jpg 768w, https:\/\/www.iaff.org\/wp-content\/uploads\/2025\/06\/MPFF-2-240x155.jpg 240w, https:\/\/www.iaff.org\/wp-content\/uploads\/2025\/06\/MPFF-2-1237x800.jpg 1237w, https:\/\/www.iaff.org\/wp-content\/uploads\/2025\/06\/MPFF-2-1253x810.jpg 1253w, https:\/\/www.iaff.org\/wp-content\/uploads\/2025\/06\/MPFF-2.jpg 1440w\" sizes=\"(max-width: 1024px) 100vw, 1024px\" \/><button\n\t\t\tclass=\"lightbox-trigger\"\n\t\t\ttype=\"button\"\n\t\t\taria-haspopup=\"dialog\"\n\t\t\taria-label=\"Enlarge\"\n\t\t\tdata-wp-init=\"callbacks.initTriggerButton\"\n\t\t\tdata-wp-on--click=\"actions.showLightbox\"\n\t\t\tdata-wp-style--right=\"state.imageButtonRight\"\n\t\t\tdata-wp-style--top=\"state.imageButtonTop\"\n\t\t>\n\t\t\t<svg xmlns=\"http:\/\/www.w3.org\/2000\/svg\" width=\"12\" height=\"12\" fill=\"none\" viewBox=\"0 0 12 12\">\n\t\t\t\t<path fill=\"#fff\" d=\"M2 0a2 2 0 0 0-2 2v2h1.5V2a.5.5 0 0 1 .5-.5h2V0H2Zm2 10.5H2a.5.5 0 0 1-.5-.5V8H0v2a2 2 0 0 0 2 2h2v-1.5ZM8 12v-1.5h2a.5.5 0 0 0 .5-.5V8H12v2a2 2 0 0 1-2 2H8Zm2-12a2 2 0 0 1 2 2v2h-1.5V2a.5.5 0 0 0-.5-.5H8V0h2Z\" \/>\n\t\t\t<\/svg>\n\t\t<\/button><figcaption class=\"wp-element-caption\">R\u00e9union au Capitole.<\/figcaption><\/figure>\n\n\n\n<figure data-wp-context=\"{&quot;imageId&quot;:&quot;69f2da932217f&quot;}\" data-wp-interactive=\"core\/image\" data-wp-key=\"69f2da932217f\" class=\"wp-block-image size-large wp-lightbox-container\"><img decoding=\"async\" width=\"1024\" height=\"662\" data-wp-class--hide=\"state.isContentHidden\" data-wp-class--show=\"state.isContentVisible\" data-wp-init=\"callbacks.setButtonStyles\" data-wp-on--click=\"actions.showLightbox\" data-wp-on--load=\"callbacks.setButtonStyles\" data-wp-on-window--resize=\"callbacks.setButtonStyles\" data-id=\"97293\" src=\"https:\/\/www.iaff.org\/wp-content\/uploads\/2025\/06\/MPFF-1024x662.jpg\" alt=\"\" class=\"wp-image-97293\" srcset=\"https:\/\/www.iaff.org\/wp-content\/uploads\/2025\/06\/MPFF-1024x662.jpg 1024w, https:\/\/www.iaff.org\/wp-content\/uploads\/2025\/06\/MPFF-300x194.jpg 300w, https:\/\/www.iaff.org\/wp-content\/uploads\/2025\/06\/MPFF-768x497.jpg 768w, https:\/\/www.iaff.org\/wp-content\/uploads\/2025\/06\/MPFF-240x155.jpg 240w, https:\/\/www.iaff.org\/wp-content\/uploads\/2025\/06\/MPFF-1237x800.jpg 1237w, https:\/\/www.iaff.org\/wp-content\/uploads\/2025\/06\/MPFF-1253x810.jpg 1253w, https:\/\/www.iaff.org\/wp-content\/uploads\/2025\/06\/MPFF.jpg 1440w\" sizes=\"(max-width: 1024px) 100vw, 1024px\" \/><button\n\t\t\tclass=\"lightbox-trigger\"\n\t\t\ttype=\"button\"\n\t\t\taria-haspopup=\"dialog\"\n\t\t\taria-label=\"Enlarge\"\n\t\t\tdata-wp-init=\"callbacks.initTriggerButton\"\n\t\t\tdata-wp-on--click=\"actions.showLightbox\"\n\t\t\tdata-wp-style--right=\"state.imageButtonRight\"\n\t\t\tdata-wp-style--top=\"state.imageButtonTop\"\n\t\t>\n\t\t\t<svg xmlns=\"http:\/\/www.w3.org\/2000\/svg\" width=\"12\" height=\"12\" fill=\"none\" viewBox=\"0 0 12 12\">\n\t\t\t\t<path fill=\"#fff\" d=\"M2 0a2 2 0 0 0-2 2v2h1.5V2a.5.5 0 0 1 .5-.5h2V0H2Zm2 10.5H2a.5.5 0 0 1-.5-.5V8H0v2a2 2 0 0 0 2 2h2v-1.5ZM8 12v-1.5h2a.5.5 0 0 0 .5-.5V8H12v2a2 2 0 0 1-2 2H8Zm2-12a2 2 0 0 1 2 2v2h-1.5V2a.5.5 0 0 0-.5-.5H8V0h2Z\" \/>\n\t\t\t<\/svg>\n\t\t<\/button><figcaption class=\"wp-element-caption\">IAFF et familles avec la d\u00e9put\u00e9e Betty McCollum.<\/figcaption><\/figure>\n\n\n\n<figure data-wp-context=\"{&quot;imageId&quot;:&quot;69f2da9322cf6&quot;}\" data-wp-interactive=\"core\/image\" data-wp-key=\"69f2da9322cf6\" class=\"wp-block-image size-large wp-lightbox-container\"><img decoding=\"async\" width=\"1024\" height=\"768\" data-wp-class--hide=\"state.isContentHidden\" data-wp-class--show=\"state.isContentVisible\" data-wp-init=\"callbacks.setButtonStyles\" data-wp-on--click=\"actions.showLightbox\" data-wp-on--load=\"callbacks.setButtonStyles\" data-wp-on-window--resize=\"callbacks.setButtonStyles\" data-id=\"97269\" src=\"https:\/\/www.iaff.org\/wp-content\/uploads\/2025\/06\/Julie-and-Meghan-1024x768.jpeg\" alt=\"\" class=\"wp-image-97269\" srcset=\"https:\/\/www.iaff.org\/wp-content\/uploads\/2025\/06\/Julie-and-Meghan-1024x768.jpeg 1024w, https:\/\/www.iaff.org\/wp-content\/uploads\/2025\/06\/Julie-and-Meghan-300x225.jpeg 300w, https:\/\/www.iaff.org\/wp-content\/uploads\/2025\/06\/Julie-and-Meghan-768x576.jpeg 768w, https:\/\/www.iaff.org\/wp-content\/uploads\/2025\/06\/Julie-and-Meghan-240x180.jpeg 240w, https:\/\/www.iaff.org\/wp-content\/uploads\/2025\/06\/Julie-and-Meghan-1067x800.jpeg 1067w, https:\/\/www.iaff.org\/wp-content\/uploads\/2025\/06\/Julie-and-Meghan-1080x810.jpeg 1080w, https:\/\/www.iaff.org\/wp-content\/uploads\/2025\/06\/Julie-and-Meghan.jpeg 1200w\" sizes=\"(max-width: 1024px) 100vw, 1024px\" \/><button\n\t\t\tclass=\"lightbox-trigger\"\n\t\t\ttype=\"button\"\n\t\t\taria-haspopup=\"dialog\"\n\t\t\taria-label=\"Enlarge\"\n\t\t\tdata-wp-init=\"callbacks.initTriggerButton\"\n\t\t\tdata-wp-on--click=\"actions.showLightbox\"\n\t\t\tdata-wp-style--right=\"state.imageButtonRight\"\n\t\t\tdata-wp-style--top=\"state.imageButtonTop\"\n\t\t>\n\t\t\t<svg xmlns=\"http:\/\/www.w3.org\/2000\/svg\" width=\"12\" height=\"12\" fill=\"none\" viewBox=\"0 0 12 12\">\n\t\t\t\t<path fill=\"#fff\" d=\"M2 0a2 2 0 0 0-2 2v2h1.5V2a.5.5 0 0 1 .5-.5h2V0H2Zm2 10.5H2a.5.5 0 0 1-.5-.5V8H0v2a2 2 0 0 0 2 2h2v-1.5ZM8 12v-1.5h2a.5.5 0 0 0 .5-.5V8H12v2a2 2 0 0 1-2 2H8Zm2-12a2 2 0 0 1 2 2v2h-1.5V2a.5.5 0 0 0-.5-.5H8V0h2Z\" \/>\n\t\t\t<\/svg>\n\t\t<\/button><figcaption class=\"wp-element-caption\">Julie et Meghan Paidar.<\/figcaption><\/figure>\n\n\n\n<figure data-wp-context=\"{&quot;imageId&quot;:&quot;69f2da9323880&quot;}\" data-wp-interactive=\"core\/image\" data-wp-key=\"69f2da9323880\" class=\"wp-block-image size-large wp-lightbox-container\"><img decoding=\"async\" width=\"1024\" height=\"768\" data-wp-class--hide=\"state.isContentHidden\" data-wp-class--show=\"state.isContentVisible\" data-wp-init=\"callbacks.setButtonStyles\" data-wp-on--click=\"actions.showLightbox\" data-wp-on--load=\"callbacks.setButtonStyles\" data-wp-on-window--resize=\"callbacks.setButtonStyles\" data-id=\"97275\" src=\"https:\/\/www.iaff.org\/wp-content\/uploads\/2025\/06\/Klobuchar-group-photo-1024x768.jpeg\" alt=\"\" class=\"wp-image-97275\" srcset=\"https:\/\/www.iaff.org\/wp-content\/uploads\/2025\/06\/Klobuchar-group-photo-1024x768.jpeg 1024w, https:\/\/www.iaff.org\/wp-content\/uploads\/2025\/06\/Klobuchar-group-photo-300x225.jpeg 300w, https:\/\/www.iaff.org\/wp-content\/uploads\/2025\/06\/Klobuchar-group-photo-768x576.jpeg 768w, https:\/\/www.iaff.org\/wp-content\/uploads\/2025\/06\/Klobuchar-group-photo-240x180.jpeg 240w, https:\/\/www.iaff.org\/wp-content\/uploads\/2025\/06\/Klobuchar-group-photo-1067x800.jpeg 1067w, https:\/\/www.iaff.org\/wp-content\/uploads\/2025\/06\/Klobuchar-group-photo-1080x810.jpeg 1080w, https:\/\/www.iaff.org\/wp-content\/uploads\/2025\/06\/Klobuchar-group-photo.jpeg 1200w\" sizes=\"(max-width: 1024px) 100vw, 1024px\" \/><button\n\t\t\tclass=\"lightbox-trigger\"\n\t\t\ttype=\"button\"\n\t\t\taria-haspopup=\"dialog\"\n\t\t\taria-label=\"Enlarge\"\n\t\t\tdata-wp-init=\"callbacks.initTriggerButton\"\n\t\t\tdata-wp-on--click=\"actions.showLightbox\"\n\t\t\tdata-wp-style--right=\"state.imageButtonRight\"\n\t\t\tdata-wp-style--top=\"state.imageButtonTop\"\n\t\t>\n\t\t\t<svg xmlns=\"http:\/\/www.w3.org\/2000\/svg\" width=\"12\" height=\"12\" fill=\"none\" viewBox=\"0 0 12 12\">\n\t\t\t\t<path fill=\"#fff\" d=\"M2 0a2 2 0 0 0-2 2v2h1.5V2a.5.5 0 0 1 .5-.5h2V0H2Zm2 10.5H2a.5.5 0 0 1-.5-.5V8H0v2a2 2 0 0 0 2 2h2v-1.5ZM8 12v-1.5h2a.5.5 0 0 0 .5-.5V8H12v2a2 2 0 0 1-2 2H8Zm2-12a2 2 0 0 1 2 2v2h-1.5V2a.5.5 0 0 0-.5-.5H8V0h2Z\" \/>\n\t\t\t<\/svg>\n\t\t<\/button><figcaption class=\"wp-element-caption\">Photo de groupe avec Klobuchar.<\/figcaption><\/figure>\n<\/figure>\n\n\n<div class=\"wp-block-paragraph \">\n<p>\u00ab Ce ne sont pas des trag\u00e9dies isol\u00e9es \u00bb, a d\u00e9clar\u00e9 Josh Southerland, pompier de la section locale 4416 du comt\u00e9 de Hamilton, en Indiana, qui a perdu son p\u00e8re d\u2019un cancer du rein en 2020. \u00ab Nous esp\u00e9rons que cela sera adopt\u00e9 pour que nous puissions le faire pour les familles. \u00bb   <\/p>\n<\/div>\n\n<div class=\"wp-block-paragraph \">\n<p>Southerland et les membres du groupe ont rencontr\u00e9 un large \u00e9ventail de l\u00e9gislateurs, dont la repr\u00e9sentante Betty McCollum (D-MN), le s\u00e9nateur Chuck Grassley (R-IA), le repr\u00e9sentant Jim Baird (R-IN) et le s\u00e9nateur Adam Schiff (D-CA). Le groupe a \u00e9galement pass\u00e9 du temps avec la s\u00e9natrice Amy Klobuchar (D-MN), l\u2019une des principales marraines du projet de loi.   <\/p>\n<\/div>\n\n<div class=\"wp-block-paragraph \">\n<p>En plus de la s\u00e9natrice Klobuchar, la \u00ab loi d\u2019honneur \u00bb est dirig\u00e9e par le s\u00e9nateur Kevin Cramer (R-ND), la repr\u00e9sentante Mary Gay Scanlon (D-PA) et le repr\u00e9sentant Carlos Gimenez (R-FL). Les quatre l\u00e9gislateurs ont jou\u00e9 un r\u00f4le cl\u00e9 dans la collaboration avec IAFF pour obtenir un soutien bipartite pour la l\u00e9gislation.   <\/p>\n<\/div>\n\n<div class=\"wp-block-paragraph \">\n<p>\u00ab Jusqu\u2019\u00e0 pr\u00e9sent, les l\u00e9gislateurs ont \u00e9t\u00e9 tr\u00e8s r\u00e9ceptifs. Ils ont \u00e9t\u00e9 engag\u00e9s et ont pos\u00e9 beaucoup de questions, alors j\u2019esp\u00e8re un r\u00e9sultat positif et un vote rapide cette ann\u00e9e \u00bb, a d\u00e9clar\u00e9 Southerland.  <\/p>\n<\/div>\n\n<div class=\"wp-block-paragraph \">\n<p>Klobuchar s\u2019est adress\u00e9 au groupe lors des efforts de lobbying, encourageant les familles et les d\u00e9fenseurs \u00e0 \u00ab ne pas abandonner \u00bb les efforts pour faire adopter le projet de loi. \u00ab Merci aux pompiers qui n\u2019ont jamais abandonn\u00e9 cela \u00bb, a-t-elle d\u00e9clar\u00e9, tout en ajoutant : \u00ab Nous avons travaill\u00e9 tr\u00e8s fort sur ce projet de loi parce que nous connaissons les faits. \u00bb   <\/p>\n<\/div>\n\n\n<figure class=\"wp-block-gallery has-nested-images columns-default is-cropped wp-block-gallery-2 is-layout-flex wp-block-gallery-is-layout-flex\">\n<figure data-wp-context=\"{&quot;imageId&quot;:&quot;69f2da9325893&quot;}\" data-wp-interactive=\"core\/image\" data-wp-key=\"69f2da9325893\" class=\"wp-block-image size-large wp-lightbox-container\"><img decoding=\"async\" width=\"1024\" height=\"768\" data-wp-class--hide=\"state.isContentHidden\" data-wp-class--show=\"state.isContentVisible\" data-wp-init=\"callbacks.setButtonStyles\" data-wp-on--click=\"actions.showLightbox\" data-wp-on--load=\"callbacks.setButtonStyles\" data-wp-on-window--resize=\"callbacks.setButtonStyles\" data-id=\"97296\" src=\"https:\/\/www.iaff.org\/wp-content\/uploads\/2025\/06\/Rep-Tim-Kaine-1024x768.jpg\" alt=\"\" class=\"wp-image-97296\" srcset=\"https:\/\/www.iaff.org\/wp-content\/uploads\/2025\/06\/Rep-Tim-Kaine-1024x768.jpg 1024w, https:\/\/www.iaff.org\/wp-content\/uploads\/2025\/06\/Rep-Tim-Kaine-300x225.jpg 300w, https:\/\/www.iaff.org\/wp-content\/uploads\/2025\/06\/Rep-Tim-Kaine-768x576.jpg 768w, https:\/\/www.iaff.org\/wp-content\/uploads\/2025\/06\/Rep-Tim-Kaine-1536x1152.jpg 1536w, https:\/\/www.iaff.org\/wp-content\/uploads\/2025\/06\/Rep-Tim-Kaine-240x180.jpg 240w, https:\/\/www.iaff.org\/wp-content\/uploads\/2025\/06\/Rep-Tim-Kaine-1067x800.jpg 1067w, https:\/\/www.iaff.org\/wp-content\/uploads\/2025\/06\/Rep-Tim-Kaine-1080x810.jpg 1080w, https:\/\/www.iaff.org\/wp-content\/uploads\/2025\/06\/Rep-Tim-Kaine.jpg 2048w\" sizes=\"(max-width: 1024px) 100vw, 1024px\" \/><button\n\t\t\tclass=\"lightbox-trigger\"\n\t\t\ttype=\"button\"\n\t\t\taria-haspopup=\"dialog\"\n\t\t\taria-label=\"Enlarge\"\n\t\t\tdata-wp-init=\"callbacks.initTriggerButton\"\n\t\t\tdata-wp-on--click=\"actions.showLightbox\"\n\t\t\tdata-wp-style--right=\"state.imageButtonRight\"\n\t\t\tdata-wp-style--top=\"state.imageButtonTop\"\n\t\t>\n\t\t\t<svg xmlns=\"http:\/\/www.w3.org\/2000\/svg\" width=\"12\" height=\"12\" fill=\"none\" viewBox=\"0 0 12 12\">\n\t\t\t\t<path fill=\"#fff\" d=\"M2 0a2 2 0 0 0-2 2v2h1.5V2a.5.5 0 0 1 .5-.5h2V0H2Zm2 10.5H2a.5.5 0 0 1-.5-.5V8H0v2a2 2 0 0 0 2 2h2v-1.5ZM8 12v-1.5h2a.5.5 0 0 0 .5-.5V8H12v2a2 2 0 0 1-2 2H8Zm2-12a2 2 0 0 1 2 2v2h-1.5V2a.5.5 0 0 0-.5-.5H8V0h2Z\" \/>\n\t\t\t<\/svg>\n\t\t<\/button><figcaption class=\"wp-element-caption\">l\u2019AIP Le directeur des affaires gouvernementales, Evan Davis, et le pr\u00e9sident de la section locale 2924 de Virginia Beach, en Virginie, Max Gonano, avec le s\u00e9nateur Tim Caine.  <\/figcaption><\/figure>\n\n\n\n<figure data-wp-context=\"{&quot;imageId&quot;:&quot;69f2da93261fe&quot;}\" data-wp-interactive=\"core\/image\" data-wp-key=\"69f2da93261fe\" class=\"wp-block-image size-large wp-lightbox-container\"><img decoding=\"async\" width=\"1024\" height=\"768\" data-wp-class--hide=\"state.isContentHidden\" data-wp-class--show=\"state.isContentVisible\" data-wp-init=\"callbacks.setButtonStyles\" data-wp-on--click=\"actions.showLightbox\" data-wp-on--load=\"callbacks.setButtonStyles\" data-wp-on-window--resize=\"callbacks.setButtonStyles\" data-id=\"97272\" src=\"https:\/\/www.iaff.org\/wp-content\/uploads\/2025\/06\/Jen-Kiggans-1024x768.jpg\" alt=\"\" class=\"wp-image-97272\" srcset=\"https:\/\/www.iaff.org\/wp-content\/uploads\/2025\/06\/Jen-Kiggans-1024x768.jpg 1024w, https:\/\/www.iaff.org\/wp-content\/uploads\/2025\/06\/Jen-Kiggans-300x225.jpg 300w, https:\/\/www.iaff.org\/wp-content\/uploads\/2025\/06\/Jen-Kiggans-768x576.jpg 768w, https:\/\/www.iaff.org\/wp-content\/uploads\/2025\/06\/Jen-Kiggans-240x180.jpg 240w, https:\/\/www.iaff.org\/wp-content\/uploads\/2025\/06\/Jen-Kiggans-1067x800.jpg 1067w, https:\/\/www.iaff.org\/wp-content\/uploads\/2025\/06\/Jen-Kiggans-1080x810.jpg 1080w, https:\/\/www.iaff.org\/wp-content\/uploads\/2025\/06\/Jen-Kiggans.jpg 1200w\" sizes=\"(max-width: 1024px) 100vw, 1024px\" \/><button\n\t\t\tclass=\"lightbox-trigger\"\n\t\t\ttype=\"button\"\n\t\t\taria-haspopup=\"dialog\"\n\t\t\taria-label=\"Enlarge\"\n\t\t\tdata-wp-init=\"callbacks.initTriggerButton\"\n\t\t\tdata-wp-on--click=\"actions.showLightbox\"\n\t\t\tdata-wp-style--right=\"state.imageButtonRight\"\n\t\t\tdata-wp-style--top=\"state.imageButtonTop\"\n\t\t>\n\t\t\t<svg xmlns=\"http:\/\/www.w3.org\/2000\/svg\" width=\"12\" height=\"12\" fill=\"none\" viewBox=\"0 0 12 12\">\n\t\t\t\t<path fill=\"#fff\" d=\"M2 0a2 2 0 0 0-2 2v2h1.5V2a.5.5 0 0 1 .5-.5h2V0H2Zm2 10.5H2a.5.5 0 0 1-.5-.5V8H0v2a2 2 0 0 0 2 2h2v-1.5ZM8 12v-1.5h2a.5.5 0 0 0 .5-.5V8H12v2a2 2 0 0 1-2 2H8Zm2-12a2 2 0 0 1 2 2v2h-1.5V2a.5.5 0 0 0-.5-.5H8V0h2Z\" \/>\n\t\t\t<\/svg>\n\t\t<\/button><figcaption class=\"wp-element-caption\">Membres et familles de l\u2019IAFF avec la repr\u00e9sentante Jen Kiggans.  <\/figcaption><\/figure>\n\n\n\n<figure data-wp-context=\"{&quot;imageId&quot;:&quot;69f2da9326b37&quot;}\" data-wp-interactive=\"core\/image\" data-wp-key=\"69f2da9326b37\" class=\"wp-block-image size-large wp-lightbox-container\"><img decoding=\"async\" width=\"1024\" height=\"683\" data-wp-class--hide=\"state.isContentHidden\" data-wp-class--show=\"state.isContentVisible\" data-wp-init=\"callbacks.setButtonStyles\" data-wp-on--click=\"actions.showLightbox\" data-wp-on--load=\"callbacks.setButtonStyles\" data-wp-on-window--resize=\"callbacks.setButtonStyles\" data-id=\"97257\" src=\"https:\/\/www.iaff.org\/wp-content\/uploads\/2025\/06\/Group-photo-2-1024x683.jpeg\" alt=\"\" class=\"wp-image-97257\" srcset=\"https:\/\/www.iaff.org\/wp-content\/uploads\/2025\/06\/Group-photo-2-1024x683.jpeg 1024w, https:\/\/www.iaff.org\/wp-content\/uploads\/2025\/06\/Group-photo-2-300x200.jpeg 300w, https:\/\/www.iaff.org\/wp-content\/uploads\/2025\/06\/Group-photo-2-768x512.jpeg 768w, https:\/\/www.iaff.org\/wp-content\/uploads\/2025\/06\/Group-photo-2-240x160.jpeg 240w, https:\/\/www.iaff.org\/wp-content\/uploads\/2025\/06\/Group-photo-2.jpeg 1200w\" sizes=\"(max-width: 1024px) 100vw, 1024px\" \/><button\n\t\t\tclass=\"lightbox-trigger\"\n\t\t\ttype=\"button\"\n\t\t\taria-haspopup=\"dialog\"\n\t\t\taria-label=\"Enlarge\"\n\t\t\tdata-wp-init=\"callbacks.initTriggerButton\"\n\t\t\tdata-wp-on--click=\"actions.showLightbox\"\n\t\t\tdata-wp-style--right=\"state.imageButtonRight\"\n\t\t\tdata-wp-style--top=\"state.imageButtonTop\"\n\t\t>\n\t\t\t<svg xmlns=\"http:\/\/www.w3.org\/2000\/svg\" width=\"12\" height=\"12\" fill=\"none\" viewBox=\"0 0 12 12\">\n\t\t\t\t<path fill=\"#fff\" d=\"M2 0a2 2 0 0 0-2 2v2h1.5V2a.5.5 0 0 1 .5-.5h2V0H2Zm2 10.5H2a.5.5 0 0 1-.5-.5V8H0v2a2 2 0 0 0 2 2h2v-1.5ZM8 12v-1.5h2a.5.5 0 0 0 .5-.5V8H12v2a2 2 0 0 1-2 2H8Zm2-12a2 2 0 0 1 2 2v2h-1.5V2a.5.5 0 0 0-.5-.5H8V0h2Z\" \/>\n\t\t\t<\/svg>\n\t\t<\/button><figcaption class=\"wp-element-caption\">Membres et familles de la VPFF.<\/figcaption><\/figure>\n<\/figure>\n\n\n<div class=\"wp-block-paragraph \">\n<p>Parmi ceux qui ont fait du lobbying se trouvait Cylina Cervantes, qui a voyag\u00e9 de Californie, avec ses trois enfants en l\u2019honneur de son d\u00e9funt mari, <a href=\"https:\/\/lodd.iaff.org\/LODDProfile?ID=1059371\" target=\"_blank\" rel=\"noreferrer noopener\">Miguel Cervantes<\/a>, pompier de la section locale 2274 de Rancho Cucamonga, en Californie, qui n\u2019avait que 45 ans lorsqu\u2019il est d\u00e9c\u00e9d\u00e9 en 2023 apr\u00e8s une bataille de sept mois contre le cancer.  <\/p>\n<\/div>\n\n<div class=\"wp-block-paragraph \">\n<p>\u00ab Ce n\u2019est pas cens\u00e9 \u00eatre mon histoire \u00bb, a d\u00e9clar\u00e9 Cervantes. \u00ab Cela ne semble toujours pas r\u00e9el. Mon mari a \u00e9t\u00e9 pompier pendant plus de 22 ans. Il a travaill\u00e9 pour le d\u00e9partement de ses r\u00eaves, a \u00e9t\u00e9 promu ing\u00e9nieur m\u00e9dical et a m\u00eame \u00e9t\u00e9 vice-pr\u00e9sident du syndicat. Nous pensions que nous avions toute une vie devant nous.   <\/p>\n<\/div>\n\n\n<figure class=\"wp-block-pullquote\"><blockquote><p>L\u2019adoption aiderait \u00e0 soutenir des gens comme mon h\u00e9ros qui a perdu la vie \u00e0 cause du cancer. Nous ne voulons pas que d\u2019autres familles vivent ce que nous avons v\u00e9cu, sans le soutien dont elles ont besoin et qu\u2019elles m\u00e9ritent.   <\/p><cite>Cylina Cervantes  <\/cite><\/blockquote><\/figure>\n\n\n<div class=\"wp-block-paragraph \">\n<p>Miguel a re\u00e7u un diagnostic de lymphome folliculaire en 2022, qui a ensuite \u00e9volu\u00e9 vers un lymphome diffus \u00e0 grandes cellules B li\u00e9 \u00e0 des canc\u00e9rog\u00e8nes toxiques. \u00ab Tout chez lui \u00e9tait fort et h\u00e9ro\u00efque \u00bb, a d\u00e9clar\u00e9 Cervantes. \u00ab Voir le cancer l\u2019\u00e9puiser en seulement sept mois a \u00e9t\u00e9 d\u00e9chirant. \u00bb    <\/p>\n<\/div>\n\n<div class=\"wp-block-paragraph \">\n<p>Au Capitole, Cervantes, aux c\u00f4t\u00e9s de ses enfants, Isaac (15 ans), Jacob (13 ans) et Madeline (12 ans), ont fait du porte-\u00e0-porte, \u00e9duquant les l\u00e9gislateurs sur la crise croissante du cancer dans les services d\u2019incendie et les encourageant \u00e0 adopter la loi Honoring Our Heroes pour soutenir des h\u00e9ros comme Miguel.  <\/p>\n<\/div>\n\n\n<figure class=\"wp-block-gallery has-nested-images columns-default is-cropped wp-block-gallery-3 is-layout-flex wp-block-gallery-is-layout-flex\">\n<figure data-wp-context=\"{&quot;imageId&quot;:&quot;69f2da9327780&quot;}\" data-wp-interactive=\"core\/image\" data-wp-key=\"69f2da9327780\" class=\"wp-block-image size-large wp-lightbox-container\"><img decoding=\"async\" width=\"1024\" height=\"683\" data-wp-class--hide=\"state.isContentHidden\" data-wp-class--show=\"state.isContentVisible\" data-wp-init=\"callbacks.setButtonStyles\" data-wp-on--click=\"actions.showLightbox\" data-wp-on--load=\"callbacks.setButtonStyles\" data-wp-on-window--resize=\"callbacks.setButtonStyles\" data-id=\"97299\" src=\"https:\/\/www.iaff.org\/wp-content\/uploads\/2025\/06\/Rep.-Jim-Baird-1-1024x683.jpeg\" alt=\"\" class=\"wp-image-97299\" srcset=\"https:\/\/www.iaff.org\/wp-content\/uploads\/2025\/06\/Rep.-Jim-Baird-1-1024x683.jpeg 1024w, https:\/\/www.iaff.org\/wp-content\/uploads\/2025\/06\/Rep.-Jim-Baird-1-300x200.jpeg 300w, https:\/\/www.iaff.org\/wp-content\/uploads\/2025\/06\/Rep.-Jim-Baird-1-768x512.jpeg 768w, https:\/\/www.iaff.org\/wp-content\/uploads\/2025\/06\/Rep.-Jim-Baird-1-240x160.jpeg 240w, https:\/\/www.iaff.org\/wp-content\/uploads\/2025\/06\/Rep.-Jim-Baird-1.jpeg 1200w\" sizes=\"(max-width: 1024px) 100vw, 1024px\" \/><button\n\t\t\tclass=\"lightbox-trigger\"\n\t\t\ttype=\"button\"\n\t\t\taria-haspopup=\"dialog\"\n\t\t\taria-label=\"Enlarge\"\n\t\t\tdata-wp-init=\"callbacks.initTriggerButton\"\n\t\t\tdata-wp-on--click=\"actions.showLightbox\"\n\t\t\tdata-wp-style--right=\"state.imageButtonRight\"\n\t\t\tdata-wp-style--top=\"state.imageButtonTop\"\n\t\t>\n\t\t\t<svg xmlns=\"http:\/\/www.w3.org\/2000\/svg\" width=\"12\" height=\"12\" fill=\"none\" viewBox=\"0 0 12 12\">\n\t\t\t\t<path fill=\"#fff\" d=\"M2 0a2 2 0 0 0-2 2v2h1.5V2a.5.5 0 0 1 .5-.5h2V0H2Zm2 10.5H2a.5.5 0 0 1-.5-.5V8H0v2a2 2 0 0 0 2 2h2v-1.5ZM8 12v-1.5h2a.5.5 0 0 0 .5-.5V8H12v2a2 2 0 0 1-2 2H8Zm2-12a2 2 0 0 1 2 2v2h-1.5V2a.5.5 0 0 0-.5-.5H8V0h2Z\" \/>\n\t\t\t<\/svg>\n\t\t<\/button><figcaption class=\"wp-element-caption\">Cervantes avec Josh Southerland, Sean Patrick Carroll et le repr\u00e9sentant Jim Baird de la section locale 4416.<\/figcaption><\/figure>\n\n\n\n<figure data-wp-context=\"{&quot;imageId&quot;:&quot;69f2da9328065&quot;}\" data-wp-interactive=\"core\/image\" data-wp-key=\"69f2da9328065\" class=\"wp-block-image size-large wp-lightbox-container\"><img decoding=\"async\" width=\"1024\" height=\"768\" data-wp-class--hide=\"state.isContentHidden\" data-wp-class--show=\"state.isContentVisible\" data-wp-init=\"callbacks.setButtonStyles\" data-wp-on--click=\"actions.showLightbox\" data-wp-on--load=\"callbacks.setButtonStyles\" data-wp-on-window--resize=\"callbacks.setButtonStyles\" data-id=\"97266\" src=\"https:\/\/www.iaff.org\/wp-content\/uploads\/2025\/06\/Klobuchar-group-photo-2-1024x768.jpeg\" alt=\"\" class=\"wp-image-97266\" srcset=\"https:\/\/www.iaff.org\/wp-content\/uploads\/2025\/06\/Klobuchar-group-photo-2-1024x768.jpeg 1024w, https:\/\/www.iaff.org\/wp-content\/uploads\/2025\/06\/Klobuchar-group-photo-2-300x225.jpeg 300w, https:\/\/www.iaff.org\/wp-content\/uploads\/2025\/06\/Klobuchar-group-photo-2-768x576.jpeg 768w, https:\/\/www.iaff.org\/wp-content\/uploads\/2025\/06\/Klobuchar-group-photo-2-240x180.jpeg 240w, https:\/\/www.iaff.org\/wp-content\/uploads\/2025\/06\/Klobuchar-group-photo-2-1067x800.jpeg 1067w, https:\/\/www.iaff.org\/wp-content\/uploads\/2025\/06\/Klobuchar-group-photo-2-1080x810.jpeg 1080w, https:\/\/www.iaff.org\/wp-content\/uploads\/2025\/06\/Klobuchar-group-photo-2.jpeg 1200w\" sizes=\"(max-width: 1024px) 100vw, 1024px\" \/><button\n\t\t\tclass=\"lightbox-trigger\"\n\t\t\ttype=\"button\"\n\t\t\taria-haspopup=\"dialog\"\n\t\t\taria-label=\"Enlarge\"\n\t\t\tdata-wp-init=\"callbacks.initTriggerButton\"\n\t\t\tdata-wp-on--click=\"actions.showLightbox\"\n\t\t\tdata-wp-style--right=\"state.imageButtonRight\"\n\t\t\tdata-wp-style--top=\"state.imageButtonTop\"\n\t\t>\n\t\t\t<svg xmlns=\"http:\/\/www.w3.org\/2000\/svg\" width=\"12\" height=\"12\" fill=\"none\" viewBox=\"0 0 12 12\">\n\t\t\t\t<path fill=\"#fff\" d=\"M2 0a2 2 0 0 0-2 2v2h1.5V2a.5.5 0 0 1 .5-.5h2V0H2Zm2 10.5H2a.5.5 0 0 1-.5-.5V8H0v2a2 2 0 0 0 2 2h2v-1.5ZM8 12v-1.5h2a.5.5 0 0 0 .5-.5V8H12v2a2 2 0 0 1-2 2H8Zm2-12a2 2 0 0 1 2 2v2h-1.5V2a.5.5 0 0 0-.5-.5H8V0h2Z\" \/>\n\t\t\t<\/svg>\n\t\t<\/button><figcaption class=\"wp-element-caption\">La famille Cervantes avec la s\u00e9natrice Amy Klobuchar.<\/figcaption><\/figure>\n\n\n\n<figure data-wp-context=\"{&quot;imageId&quot;:&quot;69f2da93288b9&quot;}\" data-wp-interactive=\"core\/image\" data-wp-key=\"69f2da93288b9\" class=\"wp-block-image size-large wp-lightbox-container\"><img decoding=\"async\" width=\"1024\" height=\"683\" data-wp-class--hide=\"state.isContentHidden\" data-wp-class--show=\"state.isContentVisible\" data-wp-init=\"callbacks.setButtonStyles\" data-wp-on--click=\"actions.showLightbox\" data-wp-on--load=\"callbacks.setButtonStyles\" data-wp-on-window--resize=\"callbacks.setButtonStyles\" data-id=\"97239\" src=\"https:\/\/www.iaff.org\/wp-content\/uploads\/2025\/06\/Advocates-with-Grassley-2-1024x683.jpeg\" alt=\"\" class=\"wp-image-97239\" srcset=\"https:\/\/www.iaff.org\/wp-content\/uploads\/2025\/06\/Advocates-with-Grassley-2-1024x683.jpeg 1024w, https:\/\/www.iaff.org\/wp-content\/uploads\/2025\/06\/Advocates-with-Grassley-2-300x200.jpeg 300w, https:\/\/www.iaff.org\/wp-content\/uploads\/2025\/06\/Advocates-with-Grassley-2-768x512.jpeg 768w, https:\/\/www.iaff.org\/wp-content\/uploads\/2025\/06\/Advocates-with-Grassley-2-240x160.jpeg 240w, https:\/\/www.iaff.org\/wp-content\/uploads\/2025\/06\/Advocates-with-Grassley-2.jpeg 1200w\" sizes=\"(max-width: 1024px) 100vw, 1024px\" \/><button\n\t\t\tclass=\"lightbox-trigger\"\n\t\t\ttype=\"button\"\n\t\t\taria-haspopup=\"dialog\"\n\t\t\taria-label=\"Enlarge\"\n\t\t\tdata-wp-init=\"callbacks.initTriggerButton\"\n\t\t\tdata-wp-on--click=\"actions.showLightbox\"\n\t\t\tdata-wp-style--right=\"state.imageButtonRight\"\n\t\t\tdata-wp-style--top=\"state.imageButtonTop\"\n\t\t>\n\t\t\t<svg xmlns=\"http:\/\/www.w3.org\/2000\/svg\" width=\"12\" height=\"12\" fill=\"none\" viewBox=\"0 0 12 12\">\n\t\t\t\t<path fill=\"#fff\" d=\"M2 0a2 2 0 0 0-2 2v2h1.5V2a.5.5 0 0 1 .5-.5h2V0H2Zm2 10.5H2a.5.5 0 0 1-.5-.5V8H0v2a2 2 0 0 0 2 2h2v-1.5ZM8 12v-1.5h2a.5.5 0 0 0 .5-.5V8H12v2a2 2 0 0 1-2 2H8Zm2-12a2 2 0 0 1 2 2v2h-1.5V2a.5.5 0 0 0-.5-.5H8V0h2Z\" \/>\n\t\t\t<\/svg>\n\t\t<\/button><figcaption class=\"wp-element-caption\">Famille Cervantes avec le s\u00e9nateur Chuck Grassley.<\/figcaption><\/figure>\n\n\n\n<figure data-wp-context=\"{&quot;imageId&quot;:&quot;69f2da93291ab&quot;}\" data-wp-interactive=\"core\/image\" data-wp-key=\"69f2da93291ab\" class=\"wp-block-image size-large wp-lightbox-container\"><img decoding=\"async\" width=\"1024\" height=\"731\" data-wp-class--hide=\"state.isContentHidden\" data-wp-class--show=\"state.isContentVisible\" data-wp-init=\"callbacks.setButtonStyles\" data-wp-on--click=\"actions.showLightbox\" data-wp-on--load=\"callbacks.setButtonStyles\" data-wp-on-window--resize=\"callbacks.setButtonStyles\" data-id=\"97281\" src=\"https:\/\/www.iaff.org\/wp-content\/uploads\/2025\/06\/Miguel-Cervantes-copy-1024x731.jpeg\" alt=\"\" class=\"wp-image-97281\" srcset=\"https:\/\/www.iaff.org\/wp-content\/uploads\/2025\/06\/Miguel-Cervantes-copy-1024x731.jpeg 1024w, https:\/\/www.iaff.org\/wp-content\/uploads\/2025\/06\/Miguel-Cervantes-copy-300x214.jpeg 300w, https:\/\/www.iaff.org\/wp-content\/uploads\/2025\/06\/Miguel-Cervantes-copy-768x548.jpeg 768w, https:\/\/www.iaff.org\/wp-content\/uploads\/2025\/06\/Miguel-Cervantes-copy-240x171.jpeg 240w, https:\/\/www.iaff.org\/wp-content\/uploads\/2025\/06\/Miguel-Cervantes-copy-1120x800.jpeg 1120w, https:\/\/www.iaff.org\/wp-content\/uploads\/2025\/06\/Miguel-Cervantes-copy-1134x810.jpeg 1134w, https:\/\/www.iaff.org\/wp-content\/uploads\/2025\/06\/Miguel-Cervantes-copy.jpeg 1200w\" sizes=\"(max-width: 1024px) 100vw, 1024px\" \/><button\n\t\t\tclass=\"lightbox-trigger\"\n\t\t\ttype=\"button\"\n\t\t\taria-haspopup=\"dialog\"\n\t\t\taria-label=\"Enlarge\"\n\t\t\tdata-wp-init=\"callbacks.initTriggerButton\"\n\t\t\tdata-wp-on--click=\"actions.showLightbox\"\n\t\t\tdata-wp-style--right=\"state.imageButtonRight\"\n\t\t\tdata-wp-style--top=\"state.imageButtonTop\"\n\t\t>\n\t\t\t<svg xmlns=\"http:\/\/www.w3.org\/2000\/svg\" width=\"12\" height=\"12\" fill=\"none\" viewBox=\"0 0 12 12\">\n\t\t\t\t<path fill=\"#fff\" d=\"M2 0a2 2 0 0 0-2 2v2h1.5V2a.5.5 0 0 1 .5-.5h2V0H2Zm2 10.5H2a.5.5 0 0 1-.5-.5V8H0v2a2 2 0 0 0 2 2h2v-1.5ZM8 12v-1.5h2a.5.5 0 0 0 .5-.5V8H12v2a2 2 0 0 1-2 2H8Zm2-12a2 2 0 0 1 2 2v2h-1.5V2a.5.5 0 0 0-.5-.5H8V0h2Z\" \/>\n\t\t\t<\/svg>\n\t\t<\/button><figcaption class=\"wp-element-caption\">Miguel Cervantes sur une photo tenue par son fils.<\/figcaption><\/figure>\n\n\n\n<figure data-wp-context=\"{&quot;imageId&quot;:&quot;69f2da9329af8&quot;}\" data-wp-interactive=\"core\/image\" data-wp-key=\"69f2da9329af8\" class=\"wp-block-image size-large wp-lightbox-container\"><img decoding=\"async\" width=\"1024\" height=\"683\" data-wp-class--hide=\"state.isContentHidden\" data-wp-class--show=\"state.isContentVisible\" data-wp-init=\"callbacks.setButtonStyles\" data-wp-on--click=\"actions.showLightbox\" data-wp-on--load=\"callbacks.setButtonStyles\" data-wp-on-window--resize=\"callbacks.setButtonStyles\" data-id=\"97311\" src=\"https:\/\/www.iaff.org\/wp-content\/uploads\/2025\/06\/Adam-Schiff-with-Cervantes-family-1024x683.jpeg\" alt=\"\" class=\"wp-image-97311\" srcset=\"https:\/\/www.iaff.org\/wp-content\/uploads\/2025\/06\/Adam-Schiff-with-Cervantes-family-1024x683.jpeg 1024w, https:\/\/www.iaff.org\/wp-content\/uploads\/2025\/06\/Adam-Schiff-with-Cervantes-family-300x200.jpeg 300w, https:\/\/www.iaff.org\/wp-content\/uploads\/2025\/06\/Adam-Schiff-with-Cervantes-family-768x512.jpeg 768w, https:\/\/www.iaff.org\/wp-content\/uploads\/2025\/06\/Adam-Schiff-with-Cervantes-family-1536x1024.jpeg 1536w, https:\/\/www.iaff.org\/wp-content\/uploads\/2025\/06\/Adam-Schiff-with-Cervantes-family-240x160.jpeg 240w, https:\/\/www.iaff.org\/wp-content\/uploads\/2025\/06\/Adam-Schiff-with-Cervantes-family-1200x800.jpeg 1200w, https:\/\/www.iaff.org\/wp-content\/uploads\/2025\/06\/Adam-Schiff-with-Cervantes-family-1215x810.jpeg 1215w, https:\/\/www.iaff.org\/wp-content\/uploads\/2025\/06\/Adam-Schiff-with-Cervantes-family.jpeg 1620w\" sizes=\"(max-width: 1024px) 100vw, 1024px\" \/><button\n\t\t\tclass=\"lightbox-trigger\"\n\t\t\ttype=\"button\"\n\t\t\taria-haspopup=\"dialog\"\n\t\t\taria-label=\"Enlarge\"\n\t\t\tdata-wp-init=\"callbacks.initTriggerButton\"\n\t\t\tdata-wp-on--click=\"actions.showLightbox\"\n\t\t\tdata-wp-style--right=\"state.imageButtonRight\"\n\t\t\tdata-wp-style--top=\"state.imageButtonTop\"\n\t\t>\n\t\t\t<svg xmlns=\"http:\/\/www.w3.org\/2000\/svg\" width=\"12\" height=\"12\" fill=\"none\" viewBox=\"0 0 12 12\">\n\t\t\t\t<path fill=\"#fff\" d=\"M2 0a2 2 0 0 0-2 2v2h1.5V2a.5.5 0 0 1 .5-.5h2V0H2Zm2 10.5H2a.5.5 0 0 1-.5-.5V8H0v2a2 2 0 0 0 2 2h2v-1.5ZM8 12v-1.5h2a.5.5 0 0 0 .5-.5V8H12v2a2 2 0 0 1-2 2H8Zm2-12a2 2 0 0 1 2 2v2h-1.5V2a.5.5 0 0 0-.5-.5H8V0h2Z\" \/>\n\t\t\t<\/svg>\n\t\t<\/button><figcaption class=\"wp-element-caption\">La famille Cervantes s\u2019entretient avec le s\u00e9nateur Adam Schiff.&nbsp;<\/figcaption><\/figure>\n<\/figure>\n\n\n<div class=\"wp-block-paragraph \">\n<p>\u00ab L\u2019adoption de cette loi aiderait \u00e0 soutenir des gens comme mon h\u00e9ros qui a perdu la vie du cancer \u00bb, a d\u00e9clar\u00e9 Cervantes. \u00ab Nous ne voulons pas que d\u2019autres familles vivent ce que nous avons v\u00e9cu, sans le soutien dont elles ont besoin et qu\u2019elles m\u00e9ritent. \u00bb   <\/p>\n<\/div>\n\n<div class=\"wp-block-paragraph \">\n<p>Alors que les familles se frayent un chemin dans les couloirs du Congr\u00e8s, elles esp\u00e8rent que leurs histoires communes de chagrin feront avancer le soutien \u00e0 ceux qui ont r\u00e9pondu \u00e0 l\u2019appel.  <\/p>\n<\/div>\n\n<div class=\"wp-block-paragraph \">\n<p>\u00ab Il s\u2019agit d\u2019honorer leur sacrifice \u00bb, a d\u00e9clar\u00e9 Southerland. \u00ab Et s\u2019assurer que le syst\u00e8me l\u2019honore aussi. \u00bb   <\/p>\n<\/div>\n\n<div class=\"wp-block-paragraph \">\n<p>Dans les semaines pr\u00e9c\u00e9dant leur journ\u00e9e de lobbying, IAFF s\u2019est assise avec certaines de ces familles pour en savoir plus sur leur parcours et pourquoi elles se battent pour la \u00ab Loi d\u2019honneur \u00bb. Vous pouvez voir leurs histoires <a href=\"https:\/\/www.youtube.com\/@IAFFofficial\/videos\" target=\"_blank\" rel=\"noreferrer noopener\">ici<\/a> ou en visitant la page YouTube de IAFF.   <\/p>\n<\/div>\n<\/div><\/section>\n","protected":false},"featured_media":97246,"menu_order":0,"template":"","tags":[88,96,61,82],"class_list":["post-97325","news","type-news","status-publish","has-post-thumbnail","hentry","tag-cancer-fr-ca","tag-droits-des-travailleurs-et-travailleuses","tag-legislation-etatsunienne","tag-spfa"],"acf":[],"publishpress_future_workflow_manual_trigger":{"enabledWorkflows":[]},"_links":{"self":[{"href":"https:\/\/www.iaff.org\/fr-ca\/wp-json\/wp\/v2\/news\/97325","targetHints":{"allow":["GET"]}}],"collection":[{"href":"https:\/\/www.iaff.org\/fr-ca\/wp-json\/wp\/v2\/news"}],"about":[{"href":"https:\/\/www.iaff.org\/fr-ca\/wp-json\/wp\/v2\/types\/news"}],"version-history":[{"count":0,"href":"https:\/\/www.iaff.org\/fr-ca\/wp-json\/wp\/v2\/news\/97325\/revisions"}],"wp:featuredmedia":[{"embeddable":true,"href":"https:\/\/www.iaff.org\/fr-ca\/wp-json\/wp\/v2\/media\/97246"}],"wp:attachment":[{"href":"https:\/\/www.iaff.org\/fr-ca\/wp-json\/wp\/v2\/media?parent=97325"}],"wp:term":[{"taxonomy":"post_tag","embeddable":true,"href":"https:\/\/www.iaff.org\/fr-ca\/wp-json\/wp\/v2\/tags?post=97325"}],"curies":[{"name":"wp","href":"https:\/\/api.w.org\/{rel}","templated":true}]}}