{"id":96085,"date":"2025-06-20T13:25:39","date_gmt":"2025-06-20T17:25:39","guid":{"rendered":"https:\/\/www.iaff.org\/news\/securite-des-pompiers-ce-quil-faut-considerer-en-cas-de-troubles-civils\/"},"modified":"2025-06-27T10:12:57","modified_gmt":"2025-06-27T14:12:57","slug":"securite-des-pompiers-ce-quil-faut-considerer-en-cas-de-troubles-civils","status":"publish","type":"news","link":"https:\/\/www.iaff.org\/fr-ca\/news\/securite-des-pompiers-ce-quil-faut-considerer-en-cas-de-troubles-civils\/","title":{"rendered":"S\u00e9curit\u00e9 des pompiers : ce qu\u2019il faut consid\u00e9rer en cas de troubles civils"},"content":{"rendered":"<section\n\t class=\"page-blocks iaff-page-blocks align wp-block-acf-page-blocks\" id=\"page-blocks_block_b9d4ab030eef0b482b4b5f227e2e6bed\">\n\t<div class=\"acf-innerblocks-container\">\n<div class=\"wp-block-paragraph \">\n<p>Les r\u00e9cents ratissages d\u2019immigration dans le sud de la Californie sont devenus le point chaud de plusieurs jours de manifestations \u00e0 Los Angeles. Bien que de nombreuses manifestations aient \u00e9t\u00e9 pacifiques, des moments de tension ont mis les premiers intervenants de la ville en \u00e9tat d\u2019alerte maximale.   <\/p>\n<\/div>\n\n<div class=\"wp-block-paragraph \">\n<p>\u00c0 leur apog\u00e9e, les manifestations ont vu l\u2019acc\u00e8s aux principales autoroutes bloqu\u00e9es et des v\u00e9hicules <a href=\"https:\/\/abc7.com\/live-updates\/tensions-flare-downtown-la-anti-ice-protesters-clash-agents-live-updates\/16692645\/entry\/16699505\/\" target=\"_blank\" rel=\"noopener\">incendi\u00e9s<\/a>. La mairesse de Los Angeles, Karen Bass, a r\u00e9pondu par un couvre-feu temporaire.   <\/p>\n<\/div>\n\n<div class=\"wp-block-paragraph \">\n<p>Ce qui s\u2019est pass\u00e9 plus t\u00f4t ce mois-ci en Californie peut se produire n\u2019importe o\u00f9, et de nombreux \u00e9pisodes se sont produits aux \u00c9tats-Unis et au Canada au cours des cinq derni\u00e8res ann\u00e9es.  <\/p>\n<\/div>\n\n<div class=\"wp-block-paragraph \">\n<p>Qu\u2019il s\u2019agisse d\u2019une manifestation, d\u2019une manifestation politique ou d\u2019un acte spontan\u00e9 de troubles civils, les pompiers, les ambulanciers param\u00e9dicaux et d\u2019autres professionnels de la m\u00e9decine d\u2019urgence sont appel\u00e9s \u00e0 intervenir dans des environnements de plus en plus impr\u00e9visibles. Les enjeux sont \u00e9lev\u00e9s : des foules charg\u00e9es d\u2019\u00e9motions, un acc\u00e8s retard\u00e9 aux patients ou aux incendies, et des menaces qui changent rapidement.   <\/p>\n<\/div>\n\n<div class=\"wp-block-paragraph \">\n<p>Les minist\u00e8res de toute l\u2019Am\u00e9rique du Nord peuvent tirer de pr\u00e9cieuses le\u00e7ons des r\u00e9cents \u00e9v\u00e9nements survenus \u00e0 Los Angeles et \u00e0 Minneapolis et \u00e0 Washington, D.C., o\u00f9 les services d\u2019incendie et les services m\u00e9dicaux d\u2019urgence ont \u00e9labor\u00e9 des protocoles d\u2019intervention sp\u00e9cialis\u00e9s, coordonn\u00e9 \u00e9troitement avec les forces de l\u2019ordre et sont rest\u00e9s concentr\u00e9s sur la mission pour donner la priorit\u00e9 \u00e0 la s\u00e9curit\u00e9 des intervenants.  <br\/><br\/>Les services d\u2019incendie et les services m\u00e9dicaux d\u2019urgence ne s\u2019arr\u00eatent pas, m\u00eame pendant les manifestations \u00e0 Los Angeles. \u00c0 mesure que la foule augmentait, le centre des op\u00e9rations d\u2019urgence de la ville est entr\u00e9 en activation de niveau 2, modifiant les protocoles d\u2019intervention pour assurer la s\u00e9curit\u00e9 des pompiers au travail.   <br\/> <br\/>\u00ab Cela signifie que les pompiers, les forces de l\u2019ordre et les agences connexes se coordonnent tous par l\u2019interm\u00e9diaire du COU et continuent de r\u00e9pondre aux urgences en alerte accrue \u00bb, a d\u00e9clar\u00e9 John Bagala, repr\u00e9sentant de l\u2019\u00c9tat du 10e district. \u00ab Les zones jug\u00e9es dangereuses n\u00e9cessitent une escorte polici\u00e8re en tout temps. \u00bb   <\/p>\n<\/div>\n\n<div class=\"wp-block-paragraph \">\n<p>Une fois les zones chaudes identifi\u00e9es, jusqu \u00ab \u00e0 sept unit\u00e9s de la force op\u00e9rationnelle sont d\u00e9ploy\u00e9es et r\u00e9pondent \u00e0 partir d\u2019endroits strat\u00e9giques, selon les responsables du service d\u2019incendie du comt\u00e9 de Los Angeles. Au minimum, il s\u2019agit d\u2019un camion de pompiers, d\u2019une locomotive et d\u2019une entreprise d \u00bb \u00e9chelles. Cependant, les unit\u00e9s peuvent \u00eatre agrandies pour inclure plus d\u2019appareils au besoin.    <\/p>\n<\/div>\n\n<div class=\"wp-block-paragraph \">\n<p>\u00ab La s\u00e9curit\u00e9 est primordiale. Il est donc essentiel que les pompiers restent concentr\u00e9s sur leur mission et attendent de pouvoir intervenir avec les forces de l\u2019ordre \u00bb, a d\u00e9clar\u00e9 Adam VanGerpen, l\u2019un des nombreux agents d\u2019information publique du service d\u2019incendie de Los Angeles et membre de la section locale 112. \u00ab Avec la police \u00e0 l\u2019aff\u00fbt de tout signe de danger, nous pouvons entrer et sortir rapidement. \u00bb   <\/p>\n<\/div>\n\n\n<figure class=\"wp-block-pullquote\"><blockquote><p>La s\u00e9curit\u00e9 est primordiale. Il est donc essentiel que les pompiers restent concentr\u00e9s sur leur mission et attendent de pouvoir intervenir avec les forces de l\u2019ordre. Avec la police \u00e0 l\u2019aff\u00fbt de tout signe de danger, nous pouvons entrer et sortir rapidement.  <\/p><cite>Directeur principal de la LAFD Adam VanGerpen<\/cite><\/blockquote><\/figure>\n\n\n<div class=\"wp-block-paragraph \">\n<p>Parfois, il peut \u00eatre plus s\u00fbr de laisser br\u00fbler les feux.  <\/p>\n<\/div>\n\n<div class=\"wp-block-paragraph \">\n<p>Par exemple, comme <a href=\"https:\/\/www.nbcnews.com\/tech\/innovation\/waymo-cars-set-fire-sitting-ducks-la-protests-rcna212426\" target=\"_blank\" rel=\"noopener\">l\u2019ont rapport\u00e9<\/a> certains m\u00e9dias, des manifestants ont mis le feu \u00e0 plusieurs taxis \u00e9lectriques autonomes.  <\/p>\n<\/div>\n\n<div class=\"wp-block-paragraph \">\n<p>\u00ab Ce n\u2019\u00e9tait pas s\u00e9curitaire pour nous d\u2019y aller. Donc, nous n\u2019allions pas entrer \u00e0 moins que les voitures ne soient positionn\u00e9es pr\u00e8s des b\u00e2timents et que le risque de propagation du feu soit \u00e9lev\u00e9 \u00bb, a d\u00e9clar\u00e9 VanGerpen. \u00ab Dans ces cas, nous sommes entr\u00e9s et avons \u00e9teint les feux et sommes sortis. \u00bb   <\/p>\n<\/div>\n\n\n<figure class=\"wp-block-gallery has-nested-images columns-default is-cropped wp-block-gallery-1 is-layout-flex wp-block-gallery-is-layout-flex\">\n<figure data-wp-context=\"{&quot;imageId&quot;:&quot;69ef14655242f&quot;}\" data-wp-interactive=\"core\/image\" data-wp-key=\"69ef14655242f\" class=\"wp-block-image size-large wp-lightbox-container\"><img decoding=\"async\" width=\"853\" height=\"568\" data-wp-class--hide=\"state.isContentHidden\" data-wp-class--show=\"state.isContentVisible\" data-wp-init=\"callbacks.setButtonStyles\" data-wp-on--click=\"actions.showLightbox\" data-wp-on--load=\"callbacks.setButtonStyles\" data-wp-on-window--resize=\"callbacks.setButtonStyles\" data-id=\"96008\" src=\"https:\/\/www.iaff.org\/wp-content\/uploads\/2025\/06\/LAICEProtestResponse.png\" alt=\"\" class=\"wp-image-96008\" srcset=\"https:\/\/www.iaff.org\/wp-content\/uploads\/2025\/06\/LAICEProtestResponse.png 853w, https:\/\/www.iaff.org\/wp-content\/uploads\/2025\/06\/LAICEProtestResponse-300x200.png 300w, https:\/\/www.iaff.org\/wp-content\/uploads\/2025\/06\/LAICEProtestResponse-768x511.png 768w, https:\/\/www.iaff.org\/wp-content\/uploads\/2025\/06\/LAICEProtestResponse-240x160.png 240w\" sizes=\"(max-width: 853px) 100vw, 853px\" \/><button\n\t\t\tclass=\"lightbox-trigger\"\n\t\t\ttype=\"button\"\n\t\t\taria-haspopup=\"dialog\"\n\t\t\taria-label=\"Enlarge\"\n\t\t\tdata-wp-init=\"callbacks.initTriggerButton\"\n\t\t\tdata-wp-on--click=\"actions.showLightbox\"\n\t\t\tdata-wp-style--right=\"state.imageButtonRight\"\n\t\t\tdata-wp-style--top=\"state.imageButtonTop\"\n\t\t>\n\t\t\t<svg xmlns=\"http:\/\/www.w3.org\/2000\/svg\" width=\"12\" height=\"12\" fill=\"none\" viewBox=\"0 0 12 12\">\n\t\t\t\t<path fill=\"#fff\" d=\"M2 0a2 2 0 0 0-2 2v2h1.5V2a.5.5 0 0 1 .5-.5h2V0H2Zm2 10.5H2a.5.5 0 0 1-.5-.5V8H0v2a2 2 0 0 0 2 2h2v-1.5ZM8 12v-1.5h2a.5.5 0 0 0 .5-.5V8H12v2a2 2 0 0 1-2 2H8Zm2-12a2 2 0 0 1 2 2v2h-1.5V2a.5.5 0 0 0-.5-.5H8V0h2Z\" \/>\n\t\t\t<\/svg>\n\t\t<\/button><figcaption class=\"wp-element-caption\">Les membres de la section locale 112 de Los Angeles r\u00e9agissent lors de manifestations contre l\u2019immigration.<\/figcaption><\/figure>\n\n\n\n<figure data-wp-context=\"{&quot;imageId&quot;:&quot;69ef146552dbb&quot;}\" data-wp-interactive=\"core\/image\" data-wp-key=\"69ef146552dbb\" class=\"wp-block-image size-full wp-lightbox-container\"><img decoding=\"async\" width=\"853\" height=\"568\" data-wp-class--hide=\"state.isContentHidden\" data-wp-class--show=\"state.isContentVisible\" data-wp-init=\"callbacks.setButtonStyles\" data-wp-on--click=\"actions.showLightbox\" data-wp-on--load=\"callbacks.setButtonStyles\" data-wp-on-window--resize=\"callbacks.setButtonStyles\" data-id=\"96078\" src=\"https:\/\/www.iaff.org\/wp-content\/uploads\/2025\/06\/LAresponse.png\" alt=\"\" class=\"wp-image-96078\" srcset=\"https:\/\/www.iaff.org\/wp-content\/uploads\/2025\/06\/LAresponse.png 853w, https:\/\/www.iaff.org\/wp-content\/uploads\/2025\/06\/LAresponse-300x200.png 300w, https:\/\/www.iaff.org\/wp-content\/uploads\/2025\/06\/LAresponse-768x511.png 768w, https:\/\/www.iaff.org\/wp-content\/uploads\/2025\/06\/LAresponse-240x160.png 240w\" sizes=\"(max-width: 853px) 100vw, 853px\" \/><button\n\t\t\tclass=\"lightbox-trigger\"\n\t\t\ttype=\"button\"\n\t\t\taria-haspopup=\"dialog\"\n\t\t\taria-label=\"Enlarge\"\n\t\t\tdata-wp-init=\"callbacks.initTriggerButton\"\n\t\t\tdata-wp-on--click=\"actions.showLightbox\"\n\t\t\tdata-wp-style--right=\"state.imageButtonRight\"\n\t\t\tdata-wp-style--top=\"state.imageButtonTop\"\n\t\t>\n\t\t\t<svg xmlns=\"http:\/\/www.w3.org\/2000\/svg\" width=\"12\" height=\"12\" fill=\"none\" viewBox=\"0 0 12 12\">\n\t\t\t\t<path fill=\"#fff\" d=\"M2 0a2 2 0 0 0-2 2v2h1.5V2a.5.5 0 0 1 .5-.5h2V0H2Zm2 10.5H2a.5.5 0 0 1-.5-.5V8H0v2a2 2 0 0 0 2 2h2v-1.5ZM8 12v-1.5h2a.5.5 0 0 0 .5-.5V8H12v2a2 2 0 0 1-2 2H8Zm2-12a2 2 0 0 1 2 2v2h-1.5V2a.5.5 0 0 0-.5-.5H8V0h2Z\" \/>\n\t\t\t<\/svg>\n\t\t<\/button><figcaption class=\"wp-element-caption\">Les manifestations de l\u2019immigration ont cr\u00e9\u00e9 des conditions potentiellement dangereuses pour les premiers intervenants.<\/figcaption><\/figure>\n<\/figure>\n\n\n<div class=\"wp-block-paragraph \">\n<p>Les premiers intervenants \u00e9taient \u00e9galement en \u00e9tat d\u2019alerte accrue plus t\u00f4t ce mois-ci au Minnesota apr\u00e8s la mort par balle de la repr\u00e9sentante de l\u2019\u00c9tat Melissa Hortman et de son mari, Mark, et la tentative de meurtre du s\u00e9nateur John Hoffman et de sa femme, Yvette.  <\/p>\n<\/div>\n\n<div class=\"wp-block-paragraph \">\n<p>Les responsables municipaux \u00e9taient \u00e9galement au courant des manifestations No Kings pr\u00e9vues.  <\/p>\n<\/div>\n\n<div class=\"wp-block-paragraph \">\n<p>\u00ab Le message provenant des bureaux du gouvernement \u00e9tait de rester calme\u00bb, a d\u00e9clar\u00e9 le pr\u00e9sident de la section locale 82 de Minneapolis, Mark Lakosky. \u00ab Notre ville a travers\u00e9 les derniers jours sans incident grave, mais nous \u00e9tions pr\u00eats \u00e0 intervenir avec notre groupe de travail si les choses s\u2019aggravaient.\u00bb <br\/> <br\/>Minneapolis a \u00e9t\u00e9 l \u00ab \u00e9picentre des manifestations de 2020 apr\u00e8s que George Floyd a \u00e9t\u00e9 tu\u00e9 par un policier de la ville. <br\/> <br\/>\u201cPendant ces manifestations, c\u201d \u00e9tait un feu apr\u00e8s l\u2019autre. Nous \u00e9tions en mode d\u2019intervention constante, toujours avec notre unit\u00e9 de force op\u00e9rationnelle, compl\u00e9t\u00e9e par des unit\u00e9s de police\u00bb, a d\u00e9clar\u00e9 le chef adjoint des pompiers Wes VanVickle, qui est \u00e9galement membre de la section locale 82. \u00ab C \u201c\u00e9tait un rythme intense jusqu\u201d \u00e0 ce que la Garde nationale puisse arriver pour compl\u00e9ter notre r\u00e9ponse.\u00bb    <\/p>\n<\/div>\n\n<div class=\"wp-block-paragraph \">\n<p>\u00c0 la suite de cette manifestation, les pompiers de Minneapolis ont reconnu l\u2019importance cruciale de la coordination avec les organismes d\u2019application de la loi et les organismes connexes pour obtenir les informations les plus pr\u00e9cises et en temps r\u00e9el sur les menaces potentielles et leur emplacement afin d\u2019assurer la s\u00e9curit\u00e9 des pompiers.  <\/p>\n<\/div>\n\n<div class=\"wp-block-paragraph \">\n<p>Une fois qu\u2019il a cette information, le Minist\u00e8re peut d\u00e9terminer les domaines o\u00f9 les \u00e9quipes du groupe de travail sont n\u00e9cessaires ou o\u00f9 des interventions r\u00e9guli\u00e8res peuvent se poursuivre. Les dirigeants de Minneapolis disent qu\u2019il pourrait \u00e9galement devenir important de changer les \u00e9quipes du groupe de travail avec plus de r\u00e9gularit\u00e9 pour \u00e9viter une fatigue accrue.   <\/p>\n<\/div>\n\n<div class=\"wp-block-paragraph \">\n<p>\u00ab Nous sommes tous form\u00e9s sur ce qu\u2019il faut faire dans ces sc\u00e9narios. Pour rester en s\u00e9curit\u00e9, nous devons simplement rester concentr\u00e9s sur notre mission \u00bb, a d\u00e9clar\u00e9 VanVickle. \u00ab Ayez un centre de commandement, gardez les lignes de communication ouvertes, sachez ce que font tous les organismes concern\u00e9s et gardez la t\u00eate sur un pivot. \u00bb   <\/p>\n<\/div>\n\n\n<figure class=\"wp-block-gallery has-nested-images columns-default is-cropped wp-block-gallery-2 is-layout-flex wp-block-gallery-is-layout-flex\">\n<figure data-wp-context=\"{&quot;imageId&quot;:&quot;69ef146554b03&quot;}\" data-wp-interactive=\"core\/image\" data-wp-key=\"69ef146554b03\" class=\"wp-block-image size-large wp-lightbox-container\"><img decoding=\"async\" width=\"280\" height=\"180\" data-wp-class--hide=\"state.isContentHidden\" data-wp-class--show=\"state.isContentVisible\" data-wp-init=\"callbacks.setButtonStyles\" data-wp-on--click=\"actions.showLightbox\" data-wp-on--load=\"callbacks.setButtonStyles\" data-wp-on-window--resize=\"callbacks.setButtonStyles\" data-id=\"96015\" src=\"https:\/\/www.iaff.org\/wp-content\/uploads\/2025\/06\/MNshooting.jpeg\" alt=\"\" class=\"wp-image-96015\" srcset=\"https:\/\/www.iaff.org\/wp-content\/uploads\/2025\/06\/MNshooting.jpeg 280w, https:\/\/www.iaff.org\/wp-content\/uploads\/2025\/06\/MNshooting-240x154.jpeg 240w\" sizes=\"(max-width: 280px) 100vw, 280px\" \/><button\n\t\t\tclass=\"lightbox-trigger\"\n\t\t\ttype=\"button\"\n\t\t\taria-haspopup=\"dialog\"\n\t\t\taria-label=\"Enlarge\"\n\t\t\tdata-wp-init=\"callbacks.initTriggerButton\"\n\t\t\tdata-wp-on--click=\"actions.showLightbox\"\n\t\t\tdata-wp-style--right=\"state.imageButtonRight\"\n\t\t\tdata-wp-style--top=\"state.imageButtonTop\"\n\t\t>\n\t\t\t<svg xmlns=\"http:\/\/www.w3.org\/2000\/svg\" width=\"12\" height=\"12\" fill=\"none\" viewBox=\"0 0 12 12\">\n\t\t\t\t<path fill=\"#fff\" d=\"M2 0a2 2 0 0 0-2 2v2h1.5V2a.5.5 0 0 1 .5-.5h2V0H2Zm2 10.5H2a.5.5 0 0 1-.5-.5V8H0v2a2 2 0 0 0 2 2h2v-1.5ZM8 12v-1.5h2a.5.5 0 0 0 .5-.5V8H12v2a2 2 0 0 1-2 2H8Zm2-12a2 2 0 0 1 2 2v2h-1.5V2a.5.5 0 0 0-.5-.5H8V0h2Z\" \/>\n\t\t\t<\/svg>\n\t\t<\/button><figcaption class=\"wp-element-caption\">La repr\u00e9sentante de l\u2019\u00c9tat Melissa Hortman et son mari, Mark, qui ont r\u00e9cemment \u00e9t\u00e9 tu\u00e9s par balle.<\/figcaption><\/figure>\n\n\n\n<figure data-wp-context=\"{&quot;imageId&quot;:&quot;69ef1465552c9&quot;}\" data-wp-interactive=\"core\/image\" data-wp-key=\"69ef1465552c9\" class=\"wp-block-image size-large wp-lightbox-container\"><img decoding=\"async\" width=\"1000\" height=\"667\" data-wp-class--hide=\"state.isContentHidden\" data-wp-class--show=\"state.isContentVisible\" data-wp-init=\"callbacks.setButtonStyles\" data-wp-on--click=\"actions.showLightbox\" data-wp-on--load=\"callbacks.setButtonStyles\" data-wp-on-window--resize=\"callbacks.setButtonStyles\" data-id=\"96017\" src=\"https:\/\/www.iaff.org\/wp-content\/uploads\/2025\/06\/MinneapolisFloyd.jpg\" alt=\"\" class=\"wp-image-96017\" srcset=\"https:\/\/www.iaff.org\/wp-content\/uploads\/2025\/06\/MinneapolisFloyd.jpg 1000w, https:\/\/www.iaff.org\/wp-content\/uploads\/2025\/06\/MinneapolisFloyd-300x200.jpg 300w, https:\/\/www.iaff.org\/wp-content\/uploads\/2025\/06\/MinneapolisFloyd-768x512.jpg 768w, https:\/\/www.iaff.org\/wp-content\/uploads\/2025\/06\/MinneapolisFloyd-240x160.jpg 240w\" sizes=\"(max-width: 1000px) 100vw, 1000px\" \/><button\n\t\t\tclass=\"lightbox-trigger\"\n\t\t\ttype=\"button\"\n\t\t\taria-haspopup=\"dialog\"\n\t\t\taria-label=\"Enlarge\"\n\t\t\tdata-wp-init=\"callbacks.initTriggerButton\"\n\t\t\tdata-wp-on--click=\"actions.showLightbox\"\n\t\t\tdata-wp-style--right=\"state.imageButtonRight\"\n\t\t\tdata-wp-style--top=\"state.imageButtonTop\"\n\t\t>\n\t\t\t<svg xmlns=\"http:\/\/www.w3.org\/2000\/svg\" width=\"12\" height=\"12\" fill=\"none\" viewBox=\"0 0 12 12\">\n\t\t\t\t<path fill=\"#fff\" d=\"M2 0a2 2 0 0 0-2 2v2h1.5V2a.5.5 0 0 1 .5-.5h2V0H2Zm2 10.5H2a.5.5 0 0 1-.5-.5V8H0v2a2 2 0 0 0 2 2h2v-1.5ZM8 12v-1.5h2a.5.5 0 0 0 .5-.5V8H12v2a2 2 0 0 1-2 2H8Zm2-12a2 2 0 0 1 2 2v2h-1.5V2a.5.5 0 0 0-.5-.5H8V0h2Z\" \/>\n\t\t\t<\/svg>\n\t\t<\/button><figcaption class=\"wp-element-caption\">Minneapolis pendant les manifestations de George Floyd en 2020.<\/figcaption><\/figure>\n<\/figure>\n\n\n<div class=\"wp-block-paragraph \">\n<p>Les pompiers de Washington, D.C., ont \u00e9galement un mod\u00e8le de groupe de travail qui est activ\u00e9 r\u00e9guli\u00e8rement. Ces cas vont d\u2019un rassemblement standard o\u00f9 les gens exercent leurs droits garantis par le Premier amendement \u00e0 des urgences \u00e0 grande \u00e9chelle telles que l\u2019incident du 6 janvier 2021 et les manifestations de George Floyd en 2020.   <\/p>\n<\/div>\n\n<div class=\"wp-block-paragraph \">\n<p>Lorsque les incidents d\u00e9g\u00e9n\u00e8rent en troubles civils, le minist\u00e8re s\u2019appuie davantage sur les forces de l\u2019ordre pour aider \u00e0 g\u00e9rer les foules, \u00e0 pr\u00e9venir les comportements ill\u00e9gaux et \u00e0 maintenir un environnement op\u00e9rationnel s\u00fbr.  <br\/><br\/>\u00ab Nous devons \u00eatre pr\u00eats \u00e0 intervenir dans ces environnements \u00bb, a d\u00e9clar\u00e9 le capitaine Ray Edwards, qui occupe un poste de direction au sein de la division des op\u00e9rations sp\u00e9ciales du service d\u2019incendie et des services m\u00e9dicaux d\u2019urgence de DC et est membre de la section locale 36. \u00ab Nous entrons avec plus d\u2019unit\u00e9s et de personnel et n\u2019entrons jamais sans escorte polici\u00e8re. \u00bb <br\/> <br\/>Edwards a d\u00e9clar\u00e9 que c\u2019est protocole de recevoir des renseignements sur des menaces potentielles du d\u00e9partement de la S\u00e9curit\u00e9 int\u00e9rieure ou de l\u2019une des nombreuses agences d\u2019application de la loi dans la r\u00e9gion m\u00e9tropolitaine. Des unit\u00e9s de la force op\u00e9rationnelle sp\u00e9ciale seront ensuite affect\u00e9es, tandis que chaque caserne de pompiers continuera d\u2019\u00eatre dot\u00e9e en personnel normalement.    <br\/> <br\/>\u00ab S\u2019il s\u2019agit d\u2019une marche de 100 000 personnes, par exemple, nous recevons principalement des appels m\u00e9dicaux. Les gens n\u2019ont pas l\u2019habitude de marcher sur de longues distances, alors ils sont \u00e9puis\u00e9s par la chaleur ou d\u00e9shydrat\u00e9s \u00bb, a d\u00e9clar\u00e9 Edwards. \u00ab Mais s\u2019il s\u2019agit d\u2019une situation de troubles civils, nous aurons plus d\u2019incendies. \u00bb <br\/> <br\/>\u00ab Les petits feux de poubelle qui ne menacent aucune structure \u00e0 proximit\u00e9, nous pouvons les laisser br\u00fbler. Mais, s\u2019il est adoss\u00e9 \u00e0 un b\u00e2timent, nous allons faire appel aux forces de l\u2019ordre et l\u2019\u00e9teindre rapidement.   <\/p>\n<\/div>\n\n<div class=\"wp-block-paragraph \">\n<p>Edwards a d\u00e9clar\u00e9 que les pompiers de D.C. ont tout vu et ont tir\u00e9 de pr\u00e9cieuses le\u00e7ons des exp\u00e9riences pass\u00e9es. La cl\u00e9, a-t-il soulign\u00e9, est d\u2019\u00eatre pr\u00eat, de rester concentr\u00e9 sur la mission, de suivre les protocoles \u00e9tablis, de comprendre son r\u00f4le dans l\u2019intervention et de toujours donner la priorit\u00e9 \u00e0 la s\u00e9curit\u00e9.   <\/p>\n<\/div>\n\n\n<figure class=\"wp-block-gallery has-nested-images columns-default is-cropped wp-block-gallery-3 is-layout-flex wp-block-gallery-is-layout-flex\">\n<figure data-wp-context=\"{&quot;imageId&quot;:&quot;69ef146555cad&quot;}\" data-wp-interactive=\"core\/image\" data-wp-key=\"69ef146555cad\" class=\"wp-block-image size-large wp-lightbox-container\"><img decoding=\"async\" width=\"1024\" height=\"768\" data-wp-class--hide=\"state.isContentHidden\" data-wp-class--show=\"state.isContentVisible\" data-wp-init=\"callbacks.setButtonStyles\" data-wp-on--click=\"actions.showLightbox\" data-wp-on--load=\"callbacks.setButtonStyles\" data-wp-on-window--resize=\"callbacks.setButtonStyles\" data-id=\"96042\" src=\"https:\/\/www.iaff.org\/wp-content\/uploads\/2025\/06\/DC_2020FloydProtests2-1-1024x768.jpg\" alt=\"\" class=\"wp-image-96042\" srcset=\"https:\/\/www.iaff.org\/wp-content\/uploads\/2025\/06\/DC_2020FloydProtests2-1-1024x768.jpg 1024w, https:\/\/www.iaff.org\/wp-content\/uploads\/2025\/06\/DC_2020FloydProtests2-1-300x225.jpg 300w, https:\/\/www.iaff.org\/wp-content\/uploads\/2025\/06\/DC_2020FloydProtests2-1-768x576.jpg 768w, https:\/\/www.iaff.org\/wp-content\/uploads\/2025\/06\/DC_2020FloydProtests2-1-1536x1152.jpg 1536w, https:\/\/www.iaff.org\/wp-content\/uploads\/2025\/06\/DC_2020FloydProtests2-1-240x180.jpg 240w, https:\/\/www.iaff.org\/wp-content\/uploads\/2025\/06\/DC_2020FloydProtests2-1-1067x800.jpg 1067w, https:\/\/www.iaff.org\/wp-content\/uploads\/2025\/06\/DC_2020FloydProtests2-1-1080x810.jpg 1080w, https:\/\/www.iaff.org\/wp-content\/uploads\/2025\/06\/DC_2020FloydProtests2-1.jpg 2016w\" sizes=\"(max-width: 1024px) 100vw, 1024px\" \/><button\n\t\t\tclass=\"lightbox-trigger\"\n\t\t\ttype=\"button\"\n\t\t\taria-haspopup=\"dialog\"\n\t\t\taria-label=\"Enlarge\"\n\t\t\tdata-wp-init=\"callbacks.initTriggerButton\"\n\t\t\tdata-wp-on--click=\"actions.showLightbox\"\n\t\t\tdata-wp-style--right=\"state.imageButtonRight\"\n\t\t\tdata-wp-style--top=\"state.imageButtonTop\"\n\t\t>\n\t\t\t<svg xmlns=\"http:\/\/www.w3.org\/2000\/svg\" width=\"12\" height=\"12\" fill=\"none\" viewBox=\"0 0 12 12\">\n\t\t\t\t<path fill=\"#fff\" d=\"M2 0a2 2 0 0 0-2 2v2h1.5V2a.5.5 0 0 1 .5-.5h2V0H2Zm2 10.5H2a.5.5 0 0 1-.5-.5V8H0v2a2 2 0 0 0 2 2h2v-1.5ZM8 12v-1.5h2a.5.5 0 0 0 .5-.5V8H12v2a2 2 0 0 1-2 2H8Zm2-12a2 2 0 0 1 2 2v2h-1.5V2a.5.5 0 0 0-.5-.5H8V0h2Z\" \/>\n\t\t\t<\/svg>\n\t\t<\/button><figcaption class=\"wp-element-caption\">Les pompiers de la section locale 36 de DC r\u00e9pondant \u00e0 des urgences incendie pendant les manifestations de George Floyd en 2020.<\/figcaption><\/figure>\n\n\n\n<figure data-wp-context=\"{&quot;imageId&quot;:&quot;69ef146556521&quot;}\" data-wp-interactive=\"core\/image\" data-wp-key=\"69ef146556521\" class=\"wp-block-image size-large wp-lightbox-container\"><img decoding=\"async\" width=\"1024\" height=\"680\" data-wp-class--hide=\"state.isContentHidden\" data-wp-class--show=\"state.isContentVisible\" data-wp-init=\"callbacks.setButtonStyles\" data-wp-on--click=\"actions.showLightbox\" data-wp-on--load=\"callbacks.setButtonStyles\" data-wp-on-window--resize=\"callbacks.setButtonStyles\" data-id=\"96043\" src=\"https:\/\/www.iaff.org\/wp-content\/uploads\/2025\/06\/DC_2020FloydProtests3-1.jpg\" alt=\"\" class=\"wp-image-96043\" srcset=\"https:\/\/www.iaff.org\/wp-content\/uploads\/2025\/06\/DC_2020FloydProtests3-1.jpg 1024w, https:\/\/www.iaff.org\/wp-content\/uploads\/2025\/06\/DC_2020FloydProtests3-1-300x199.jpg 300w, https:\/\/www.iaff.org\/wp-content\/uploads\/2025\/06\/DC_2020FloydProtests3-1-768x510.jpg 768w, https:\/\/www.iaff.org\/wp-content\/uploads\/2025\/06\/DC_2020FloydProtests3-1-240x159.jpg 240w\" sizes=\"(max-width: 1024px) 100vw, 1024px\" \/><button\n\t\t\tclass=\"lightbox-trigger\"\n\t\t\ttype=\"button\"\n\t\t\taria-haspopup=\"dialog\"\n\t\t\taria-label=\"Enlarge\"\n\t\t\tdata-wp-init=\"callbacks.initTriggerButton\"\n\t\t\tdata-wp-on--click=\"actions.showLightbox\"\n\t\t\tdata-wp-style--right=\"state.imageButtonRight\"\n\t\t\tdata-wp-style--top=\"state.imageButtonTop\"\n\t\t>\n\t\t\t<svg xmlns=\"http:\/\/www.w3.org\/2000\/svg\" width=\"12\" height=\"12\" fill=\"none\" viewBox=\"0 0 12 12\">\n\t\t\t\t<path fill=\"#fff\" d=\"M2 0a2 2 0 0 0-2 2v2h1.5V2a.5.5 0 0 1 .5-.5h2V0H2Zm2 10.5H2a.5.5 0 0 1-.5-.5V8H0v2a2 2 0 0 0 2 2h2v-1.5ZM8 12v-1.5h2a.5.5 0 0 0 .5-.5V8H12v2a2 2 0 0 1-2 2H8Zm2-12a2 2 0 0 1 2 2v2h-1.5V2a.5.5 0 0 0-.5-.5H8V0h2Z\" \/>\n\t\t\t<\/svg>\n\t\t<\/button><figcaption class=\"wp-element-caption\">Coordonner l\u2019intervention s\u00e9curitaire pendant les manifestations de 2020.<\/figcaption><\/figure>\n<\/figure>\n\n\n<div class=\"wp-block-paragraph \">\n<p>IAFF offre d\u2019autres conseils sur la s\u00e9curit\u00e9 en milieu de travail avec deux cours de formation : Pr\u00e9vention de la <a href=\"https:\/\/my.iaff.org\/Web\/Events\/Event_Display.aspx?EventKey=LMS_107&amp;WebsiteKey=7403ace1-c45e-4dbc-b9cd-d5803a7d91da\" target=\"_blank\" rel=\"noopener\">violence en milieu de travail pour les premiers intervenants<\/a> et son suivi, <a href=\"https:\/\/my.iaff.org\/Web\/Events\/Event_Display.aspx?EventKey=LMS_135&amp;WebsiteKey=7403ace1-c45e-4dbc-b9cd-d5803a7d91da\" target=\"_blank\" rel=\"noopener\">Strat\u00e9gies pratiques de s\u00e9curit\u00e9<\/a>. Les cours, qui utilisent des sc\u00e9narios r\u00e9els comme exemples, sont con\u00e7us pour fournir aux intervenants des services d\u2019incendie et des services m\u00e9dicaux d\u2019urgence des moyens de se prot\u00e9ger dans des situations potentiellement violentes.  <\/p>\n<\/div>\n<\/div><\/section>\n","protected":false},"featured_media":96011,"menu_order":0,"template":"","tags":[68],"class_list":["post-96085","news","type-news","status-publish","has-post-thumbnail","hentry","tag-formation"],"acf":[],"publishpress_future_workflow_manual_trigger":{"enabledWorkflows":[]},"_links":{"self":[{"href":"https:\/\/www.iaff.org\/fr-ca\/wp-json\/wp\/v2\/news\/96085","targetHints":{"allow":["GET"]}}],"collection":[{"href":"https:\/\/www.iaff.org\/fr-ca\/wp-json\/wp\/v2\/news"}],"about":[{"href":"https:\/\/www.iaff.org\/fr-ca\/wp-json\/wp\/v2\/types\/news"}],"version-history":[{"count":0,"href":"https:\/\/www.iaff.org\/fr-ca\/wp-json\/wp\/v2\/news\/96085\/revisions"}],"wp:featuredmedia":[{"embeddable":true,"href":"https:\/\/www.iaff.org\/fr-ca\/wp-json\/wp\/v2\/media\/96011"}],"wp:attachment":[{"href":"https:\/\/www.iaff.org\/fr-ca\/wp-json\/wp\/v2\/media?parent=96085"}],"wp:term":[{"taxonomy":"post_tag","embeddable":true,"href":"https:\/\/www.iaff.org\/fr-ca\/wp-json\/wp\/v2\/tags?post=96085"}],"curies":[{"name":"wp","href":"https:\/\/api.w.org\/{rel}","templated":true}]}}