{"id":95235,"date":"2025-06-13T12:08:33","date_gmt":"2025-06-13T16:08:33","guid":{"rendered":"https:\/\/www.iaff.org\/news\/desantis-signe-des-mesures-de-securite-radicales-pour-les-pompiers\/"},"modified":"2025-09-29T15:10:51","modified_gmt":"2025-09-29T19:10:51","slug":"desantis-signe-des-mesures-de-securite-radicales-pour-les-pompiers","status":"publish","type":"news","link":"https:\/\/www.iaff.org\/fr-ca\/news\/desantis-signe-des-mesures-de-securite-radicales-pour-les-pompiers\/","title":{"rendered":"DeSantis signe des mesures de s\u00e9curit\u00e9 radicales pour les pompiers"},"content":{"rendered":"<section\n\t class=\"page-blocks iaff-page-blocks align wp-block-acf-page-blocks\" id=\"page-blocks_block_8025549c1358feb691c6d909ecb78a2b\">\n\t<div class=\"acf-innerblocks-container\">\n<div class=\"wp-block-paragraph \">\n<p><\/p>\n<\/div>\n<\/div><\/section>\n<div class=\"wp-block-paragraph \">\n<p>Apr\u00e8s avoir pris la parole lors de la 81e<sup>convention annuelle des<\/sup> pompiers professionnels de Floride (FPF) \u00e0 Palm Beach Gardens, le gouverneur Ron DeSantis a sign\u00e9 la loi H.B. 929 \u2013 une l\u00e9gislation bipartisane visant \u00e0 am\u00e9liorer la sant\u00e9 mentale des pompiers, \u00e0 \u00e9liminer les PFAS des \u00e9quipements de protection, etc. Il s\u2019agit de l\u2019avanc\u00e9e la plus importante de la politique de sant\u00e9 et de s\u00e9curit\u00e9 des pompiers dans l\u2019\u00c9tat depuis des g\u00e9n\u00e9rations.   <\/p>\n<\/div><div class=\"wp-block-paragraph \">\n<p>\u00ab Cette l\u00e9gislation compl\u00e8te modernise la loi de l\u2019OSHA sur les pompiers de notre \u00c9tat en am\u00e9liorant la collecte de donn\u00e9es sur les suicides, en \u00e9tablissant des pratiques exemplaires en mati\u00e8re de sant\u00e9 mentale, en exigeant un \u00e9quipement de participation plus s\u00fbr au-del\u00e0 des normes de la NFPA et en guidant les d\u00e9partements vers des horaires de travail plus durables \u00bb, a d\u00e9clar\u00e9 le pr\u00e9sident de la FPF, Wayne \u00ab Bernie \u00bb Bernoska.  <\/p>\n<\/div><div class=\"wp-block-paragraph \">\n<p>DeSantis a remerci\u00e9 les pompiers professionnels de la Floride pour leur travail de protection de leurs communaut\u00e9s, reconnaissant les sacrifices qu\u2019ils font chaque jour pour mener \u00e0 bien leur mission.  <\/p>\n<\/div><div class=\"wp-block-paragraph \">\n<p>\u00ab Les pompiers risquent leur vie pour sauver les autres \u00bb, a-t-il d\u00e9clar\u00e9 lors de la c\u00e9r\u00e9monie de signature. \u00ab Leur travail h\u00e9ro\u00efque a un impact physique et mental. Le projet de loi H.B. 929 reconna\u00eet les risques et renforce l\u2019engagement de la Floride envers le bien-\u00eatre de nos pompiers, et j\u2019ai \u00e9t\u00e9 fier de le signer aux c\u00f4t\u00e9s de certains des h\u00e9ros locaux de l\u2019\u00c9tat aujourd\u2019hui.   <\/p>\n<\/div><div class=\"wp-block-paragraph \">\n<p>Le projet de loi H.B. 929 a \u00e9t\u00e9 codirig\u00e9 par les repr\u00e9sentants r\u00e9publicains Danny Alvarez Sr. et Erika Booth \u00e0 la Chambre des repr\u00e9sentants de la Floride, tandis que le s\u00e9nateur Nick DiCeglie (R) a conduit le projet de loi \u00e0 la chambre haute de l\u2019\u00c9tat.  <\/p>\n<\/div><div class=\"wp-block-paragraph \">\n<p>\u00ab Nous sommes fiers d\u2019avoir d\u00e9fendu cette mesure au nom de nos membres et sommes reconnaissants du large soutien qu\u2019elle a re\u00e7u dans le processus l\u00e9gislatif et que le gouverneur ait fait de cette importante loi une r\u00e9alit\u00e9 pour les pompiers de la Floride \u00bb, a d\u00e9clar\u00e9 Bernoska.  <\/p>\n<\/div><div class=\"wp-block-paragraph \">\n<p>Le projet de loi H.B. 929 a \u00e9t\u00e9 adopt\u00e9 par la Chambre des repr\u00e9sentants par 115 voix contre 0 et le S\u00e9nat de la Floride par un vote de 37 contre 0, d\u00e9montrant le fort soutien des pompiers de la part des l\u00e9gislateurs de tout l\u2019\u00c9tat.  <\/p>\n<\/div>\n<figure class=\"wp-block-pullquote\"><blockquote><p>Nous sommes fiers d\u2019avoir d\u00e9fendu cette mesure au nom de nos membres et nous sommes reconnaissants du large soutien qu\u2019elle a re\u00e7u dans le processus l\u00e9gislatif et que le gouverneur ait fait de cette importante loi une r\u00e9alit\u00e9 pour les pompiers de la Floride<\/p><cite>Le pr\u00e9sident des pompiers professionnels de la Floride, Wayne \u00ab Bernie \u00bb Bernoska<\/cite><\/blockquote><\/figure>\n<div class=\"wp-block-paragraph \">\n<p>\u00ab L\u2019obtention d\u2019un soutien unanime pour ces r\u00e9formes essentielles t\u00e9moigne du travail exceptionnel que le pr\u00e9sident Bernoska et ses membres accomplissent \u00e0 Tallahassee et dans tout l\u2019\u00c9tat. La loi H.B. 929 est l\u2019une des lois les plus compl\u00e8tes et les plus pro-pompiers que nous ayons vues depuis un certain temps \u00bb, a d\u00e9clar\u00e9 le vice-pr\u00e9sident du 12e district, Walter Dix.   <\/p>\n<\/div><div class=\"wp-block-paragraph \">\n<p>\u00ab Les pompiers de la Floride savent maintenant que l \u201c\u00c9tat les soutient alors qu\u2019ils luttent contre le cancer professionnel, les probl\u00e8mes de sant\u00e9 mentale et l\u201d \u00e9puisement professionnel dans les services d\u2019incendie.\u00bb  <\/p>\n<\/div><div class=\"wp-block-paragraph \">\n<p>Le pr\u00e9sident g\u00e9n\u00e9ral Edward Kelly a f\u00e9licit\u00e9 la FPF pour son travail au nom des milliers de membres de l\u2019AIP en Floride.  <\/p>\n<\/div><div class=\"wp-block-paragraph \">\n<p>\u00ab Le travail du Florida Professional Fire Fighter sur H.B. 929 montre ce qui peut \u00eatre accompli lorsque les pompiers travaillent avec leurs \u00e9lus pour adopter de v\u00e9ritables r\u00e9formes de bon sens \u00bb, a-t-il d\u00e9clar\u00e9.  <\/p>\n<\/div><div class=\"wp-block-paragraph \">\n<p>\u00ab Nous savons que lorsque les pompiers sont plus en s\u00e9curit\u00e9, les communaut\u00e9s que nous avons jur\u00e9 de prot\u00e9ger le sont aussi \u00bb, a ajout\u00e9 Kelly. \u00ab Cette nouvelle l\u00e9gislation fera une diff\u00e9rence dans la vie de chaque Floridien et des pompiers sur lesquels ils comptent. \u00bb   <\/p>\n<\/div>\n<figure class=\"wp-block-pullquote\"><blockquote><p>Nous savons que lorsque les pompiers sont plus en s\u00e9curit\u00e9, les communaut\u00e9s que nous avons jur\u00e9 de prot\u00e9ger le sont aussi. Cette nouvelle l\u00e9gislation fera une diff\u00e9rence dans la vie de chaque Floridien et des pompiers sur lesquels ils comptent. <\/p><cite>Pr\u00e9sident g\u00e9n\u00e9ral de l\u2019IAFF, Edward Kelly<\/cite><\/blockquote><\/figure>\n<div class=\"wp-block-paragraph \">\n<p>Avec la signature du gouverneur, la nouvelle loi devrait entrer en vigueur le 1er juillet.  <\/p>\n<\/div>","protected":false},"featured_media":95052,"menu_order":0,"template":"","tags":[88,61,82],"class_list":["post-95235","news","type-news","status-publish","has-post-thumbnail","hentry","tag-cancer-fr-ca","tag-legislation-etatsunienne","tag-spfa"],"acf":[],"publishpress_future_workflow_manual_trigger":{"enabledWorkflows":[]},"_links":{"self":[{"href":"https:\/\/www.iaff.org\/fr-ca\/wp-json\/wp\/v2\/news\/95235","targetHints":{"allow":["GET"]}}],"collection":[{"href":"https:\/\/www.iaff.org\/fr-ca\/wp-json\/wp\/v2\/news"}],"about":[{"href":"https:\/\/www.iaff.org\/fr-ca\/wp-json\/wp\/v2\/types\/news"}],"version-history":[{"count":0,"href":"https:\/\/www.iaff.org\/fr-ca\/wp-json\/wp\/v2\/news\/95235\/revisions"}],"wp:featuredmedia":[{"embeddable":true,"href":"https:\/\/www.iaff.org\/fr-ca\/wp-json\/wp\/v2\/media\/95052"}],"wp:attachment":[{"href":"https:\/\/www.iaff.org\/fr-ca\/wp-json\/wp\/v2\/media?parent=95235"}],"wp:term":[{"taxonomy":"post_tag","embeddable":true,"href":"https:\/\/www.iaff.org\/fr-ca\/wp-json\/wp\/v2\/tags?post=95235"}],"curies":[{"name":"wp","href":"https:\/\/api.w.org\/{rel}","templated":true}]}}