{"id":93195,"date":"2025-05-21T12:59:38","date_gmt":"2025-05-21T16:59:38","guid":{"rendered":"https:\/\/www.iaff.org\/news\/les-pompiers-professionnels-de-keasbey-au-new-jersey-font-leurs-preuves\/"},"modified":"2025-07-09T09:53:35","modified_gmt":"2025-07-09T13:53:35","slug":"les-pompiers-professionnels-de-keasbey-au-new-jersey-font-leurs-preuves","status":"publish","type":"news","link":"https:\/\/www.iaff.org\/fr-ca\/news\/les-pompiers-professionnels-de-keasbey-au-new-jersey-font-leurs-preuves\/","title":{"rendered":"Les pompiers professionnels de Keasbey, au New Jersey, font leurs preuves"},"content":{"rendered":"<section\n\t class=\"page-blocks iaff-page-blocks align wp-block-acf-page-blocks\" id=\"page-blocks_block_07eab547463db535e0cbabcb6890e575\">\n\t<div class=\"acf-innerblocks-container\">\n<div class=\"wp-block-paragraph \">\n<p>Les citoyens de Keasbey, une petite enclave en difficult\u00e9 dans le canton de Woodbridge, au New Jersey, b\u00e9n\u00e9ficient des avantages d\u2019une s\u00e9curit\u00e9 publique solide trois ans apr\u00e8s que cinq pompiers professionnels \u00e0 temps plein ont \u00e9t\u00e9 form\u00e9s et mis au travail.<\/p>\n<\/div>\n\n<div class=\"wp-block-paragraph \">\n<p>Les pompiers professionnels du district d\u2019incendie num\u00e9ro 4 de Keasbey ont re\u00e7u une formation, de l\u2019\u00e9quipement et des ressources suffisants pour servir leur communaut\u00e9, qui se trouve entre le New Jersey Turnpike et Staten Island. L\u2019investissement a port\u00e9 ses fruits en am\u00e9liorant les temps d\u2019intervention, montrant \u00e0 leurs voisins ce que les pompiers de carri\u00e8re bien form\u00e9s et disponibles peuvent accomplir. <\/p>\n<\/div>\n\n<div class=\"wp-block-paragraph \">\n<p>\u00ab Ces pompiers font un excellent travail et d\u00e9montrent que de solides pratiques de s\u00e9curit\u00e9 publique peuvent renforcer les communaut\u00e9s \u00bb, a d\u00e9clar\u00e9 David Hines, pr\u00e9sident de la section locale 290 des pompiers professionnels du canton de Woodbridge et vice-pr\u00e9sident de l\u2019Association des pompiers professionnels du New Jersey.<\/p>\n<\/div>\n\n<div class=\"wp-block-paragraph \">\n<p>Par exemple, en juillet 2024, les pompiers de Keasbey ont \u00e9t\u00e9 les premiers sur les lieux lorsqu\u2019un camion semi-remorque compl\u00e8tement englouti a menac\u00e9 un entrep\u00f4t voisin. En quelques minutes, ils ont mis l\u2019eau \u00e0 l\u2019eau et ont r\u00e9ussi \u00e0 contenir l\u2019incident, \u00e9vitant ainsi d\u2019autres dommages. <\/p>\n<\/div>\n\n<div class=\"wp-block-paragraph \">\n<p>Avant les nouvelles embauches, le service d\u2019incendie de Keasbey \u00e9tait enti\u00e8rement compos\u00e9 de pompiers volontaires charg\u00e9s de prot\u00e9ger une r\u00e9gion industrielle bord\u00e9e de viaducs autoroutiers et de certaines zones r\u00e9sidentielles. Pourtant, comme de nombreuses communaut\u00e9s urbaines, l\u2019ensemble du canton de Woodbridge d\u00e9couvre les limites de la d\u00e9pendance aux pompiers volontaires. <\/p>\n<\/div>\n\n<div class=\"wp-block-paragraph \">\n<p>\u00ab Les membres de l\u2019AIP \u00e0 Keasbey fournissent un service public pr\u00e9cieux aux citoyens. Ils prouvent leur valeur quotidiennement pour assurer la s\u00e9curit\u00e9 des citoyens et sont pr\u00eats \u00e0 intervenir imm\u00e9diatement. Nous applaudissons la ville de Keasbey pour avoir vu sa valeur et avoir embauch\u00e9 les membres \u00bb, a d\u00e9clar\u00e9 James Slevin, vice-pr\u00e9sident du 1er district de l\u2019AIP .<\/p>\n<\/div>\n\n\n<figure class=\"wp-block-pullquote\"><blockquote><p>Les membres de IAFF \u00e0 Keasbey fournissent un service public pr\u00e9cieux aux citoyens. Ils prouvent leur valeur quotidiennement pour assurer la s\u00e9curit\u00e9 des citoyens et sont pr\u00eats \u00e0 intervenir imm\u00e9diatement. Nous f\u00e9licitons la ville de Keasbey d\u2019avoir vu sa valeur et d\u2019avoir embauch\u00e9 les membres.  <\/p><cite>Le vice-pr\u00e9sident du 1er district, James Slevin<\/cite><\/blockquote><\/figure>\n\n\n<div class=\"wp-block-paragraph \">\n<p>Les rangs des pompiers volontaires \u00e0 l\u2019\u00e9chelle nationale ont diminu\u00e9 de 25% depuis 1984, tandis que la population am\u00e9ricaine a augment\u00e9 de 40%.<\/p>\n<\/div>\n\n<div class=\"wp-block-paragraph \">\n<p>Mme Hines a not\u00e9 que la meilleure fa\u00e7on de prot\u00e9ger et de renforcer les communaut\u00e9s commence toujours par investir dans les pompiers de carri\u00e8re. \u00ab Il n\u2019y aura tout simplement pas assez de candidats pr\u00eats et capables de se porter volontaires \u00bb, a-t-il d\u00e9clar\u00e9. <\/p>\n<\/div>\n\n<div class=\"wp-block-paragraph \">\n<p>M. Hines a d\u00e9clar\u00e9 que la section locale 290 entretient de bonnes relations avec les repr\u00e9sentants du canton de Woodbridge et s\u2019efforce de s\u2019assurer que les futurs plans de d\u00e9veloppement commercial incluent les pompiers de carri\u00e8re bien form\u00e9s et d\u00e9vou\u00e9s de Keasbey.<\/p>\n<\/div>\n\n<div class=\"wp-block-paragraph \">\n<p>Les plans de d\u00e9veloppement commercial actuels pr\u00e9voient la construction de deux \u00e9normes entrep\u00f4ts \u00e0 la fine pointe de la technologie sur 12,5 acres o\u00f9 se trouvent de nombreuses maisons et la caserne de pompiers de Keasbey. Hines a d\u00e9clar\u00e9 qu\u2019il y avait eu des discussions sur la construction d\u2019une nouvelle caserne de pompiers pour Keasbey, bien que rien n\u2019ait \u00e9t\u00e9 confirm\u00e9. <\/p>\n<\/div>\n\n\n<figure class=\"wp-block-gallery has-nested-images columns-default is-cropped wp-block-gallery-1 is-layout-flex wp-block-gallery-is-layout-flex\">\n<figure data-wp-context=\"{&quot;imageId&quot;:&quot;69f252e23a556&quot;}\" data-wp-interactive=\"core\/image\" data-wp-key=\"69f252e23a556\" class=\"wp-block-image size-full wp-lightbox-container\"><img decoding=\"async\" width=\"1000\" height=\"716\" data-wp-class--hide=\"state.isContentHidden\" data-wp-class--show=\"state.isContentVisible\" data-wp-init=\"callbacks.setButtonStyles\" data-wp-on--click=\"actions.showLightbox\" data-wp-on--load=\"callbacks.setButtonStyles\" data-wp-on-window--resize=\"callbacks.setButtonStyles\" data-id=\"93190\" src=\"https:\/\/www.iaff.org\/wp-content\/uploads\/2025\/05\/keasby-1-1.jpg\" alt=\"\" class=\"wp-image-93190\" srcset=\"https:\/\/www.iaff.org\/wp-content\/uploads\/2025\/05\/keasby-1-1.jpg 1000w, https:\/\/www.iaff.org\/wp-content\/uploads\/2025\/05\/keasby-1-1-300x215.jpg 300w, https:\/\/www.iaff.org\/wp-content\/uploads\/2025\/05\/keasby-1-1-768x550.jpg 768w, https:\/\/www.iaff.org\/wp-content\/uploads\/2025\/05\/keasby-1-1-240x172.jpg 240w\" sizes=\"(max-width: 1000px) 100vw, 1000px\" \/><button\n\t\t\tclass=\"lightbox-trigger\"\n\t\t\ttype=\"button\"\n\t\t\taria-haspopup=\"dialog\"\n\t\t\taria-label=\"Enlarge\"\n\t\t\tdata-wp-init=\"callbacks.initTriggerButton\"\n\t\t\tdata-wp-on--click=\"actions.showLightbox\"\n\t\t\tdata-wp-style--right=\"state.imageButtonRight\"\n\t\t\tdata-wp-style--top=\"state.imageButtonTop\"\n\t\t>\n\t\t\t<svg xmlns=\"http:\/\/www.w3.org\/2000\/svg\" width=\"12\" height=\"12\" fill=\"none\" viewBox=\"0 0 12 12\">\n\t\t\t\t<path fill=\"#fff\" d=\"M2 0a2 2 0 0 0-2 2v2h1.5V2a.5.5 0 0 1 .5-.5h2V0H2Zm2 10.5H2a.5.5 0 0 1-.5-.5V8H0v2a2 2 0 0 0 2 2h2v-1.5ZM8 12v-1.5h2a.5.5 0 0 0 .5-.5V8H12v2a2 2 0 0 1-2 2H8Zm2-12a2 2 0 0 1 2 2v2h-1.5V2a.5.5 0 0 0-.5-.5H8V0h2Z\" \/>\n\t\t\t<\/svg>\n\t\t<\/button><figcaption class=\"wp-element-caption\">Les pompiers de Keasbey ont \u00e9t\u00e9 les premiers sur les lieux d\u2019un camion semi-remorque compl\u00e8tement englouti qui mena\u00e7ait un entrep\u00f4t voisin, d\u00e9clenchant l\u2019eau en quelques minutes et r\u00e9ussissant \u00e0 contenir la situation.<\/figcaption><\/figure>\n\n\n\n<figure data-wp-context=\"{&quot;imageId&quot;:&quot;69f252e23b62f&quot;}\" data-wp-interactive=\"core\/image\" data-wp-key=\"69f252e23b62f\" class=\"wp-block-image size-full wp-lightbox-container\"><img decoding=\"async\" width=\"1000\" height=\"1330\" data-wp-class--hide=\"state.isContentHidden\" data-wp-class--show=\"state.isContentVisible\" data-wp-init=\"callbacks.setButtonStyles\" data-wp-on--click=\"actions.showLightbox\" data-wp-on--load=\"callbacks.setButtonStyles\" data-wp-on-window--resize=\"callbacks.setButtonStyles\" data-id=\"93187\" src=\"https:\/\/www.iaff.org\/wp-content\/uploads\/2025\/05\/keasby-2-2.jpg\" alt=\"\" class=\"wp-image-93187\" srcset=\"https:\/\/www.iaff.org\/wp-content\/uploads\/2025\/05\/keasby-2-2.jpg 1000w, https:\/\/www.iaff.org\/wp-content\/uploads\/2025\/05\/keasby-2-2-226x300.jpg 226w, https:\/\/www.iaff.org\/wp-content\/uploads\/2025\/05\/keasby-2-2-770x1024.jpg 770w, https:\/\/www.iaff.org\/wp-content\/uploads\/2025\/05\/keasby-2-2-768x1021.jpg 768w, https:\/\/www.iaff.org\/wp-content\/uploads\/2025\/05\/keasby-2-2-180x240.jpg 180w, https:\/\/www.iaff.org\/wp-content\/uploads\/2025\/05\/keasby-2-2-602x800.jpg 602w, https:\/\/www.iaff.org\/wp-content\/uploads\/2025\/05\/keasby-2-2-609x810.jpg 609w\" sizes=\"(max-width: 1000px) 100vw, 1000px\" \/><button\n\t\t\tclass=\"lightbox-trigger\"\n\t\t\ttype=\"button\"\n\t\t\taria-haspopup=\"dialog\"\n\t\t\taria-label=\"Enlarge\"\n\t\t\tdata-wp-init=\"callbacks.initTriggerButton\"\n\t\t\tdata-wp-on--click=\"actions.showLightbox\"\n\t\t\tdata-wp-style--right=\"state.imageButtonRight\"\n\t\t\tdata-wp-style--top=\"state.imageButtonTop\"\n\t\t>\n\t\t\t<svg xmlns=\"http:\/\/www.w3.org\/2000\/svg\" width=\"12\" height=\"12\" fill=\"none\" viewBox=\"0 0 12 12\">\n\t\t\t\t<path fill=\"#fff\" d=\"M2 0a2 2 0 0 0-2 2v2h1.5V2a.5.5 0 0 1 .5-.5h2V0H2Zm2 10.5H2a.5.5 0 0 1-.5-.5V8H0v2a2 2 0 0 0 2 2h2v-1.5ZM8 12v-1.5h2a.5.5 0 0 0 .5-.5V8H12v2a2 2 0 0 1-2 2H8Zm2-12a2 2 0 0 1 2 2v2h-1.5V2a.5.5 0 0 0-.5-.5H8V0h2Z\" \/>\n\t\t\t<\/svg>\n\t\t<\/button><figcaption class=\"wp-element-caption\">Les pompiers de Keasbey lisent aux \u00e9l\u00e8ves dans le cadre d\u2019une c\u00e9l\u00e9bration de l\u2019anniversaire de la Dre Suess, encourageant les enfants et les adolescents \u00e0 c\u00e9l\u00e9brer la joie de lire.<\/figcaption><\/figure>\n<\/figure>\n\n\n<div class=\"wp-block-paragraph \">\n<p>D\u2019autres options sont envisag\u00e9es, notamment la fusion de Keasbey avec d\u2019autres districts d\u2019incendie. Alors que les plans d\u2019am\u00e9nagement se poursuivent, la section locale 290 est d\u00e9termin\u00e9e \u00e0 s\u2019assurer que les dirigeants et les promoteurs du canton comprennent la valeur essentielle d\u2019un personnel solide et bien form\u00e9 de pompiers de carri\u00e8re. <\/p>\n<\/div>\n\n<div class=\"wp-block-paragraph \">\n<p>\u00ab Pour les pompiers de Keasbey, c\u2019est leur maison. Ils sont fiers de prot\u00e9ger leurs voisins et leurs entreprises. Les responsables de Keasbey devraient \u00eatre fiers de leurs pompiers professionnels, car c\u2019est ainsi que des communaut\u00e9s fortes sont construites \u00bb, a d\u00e9clar\u00e9 M. Hines.<\/p>\n<\/div>\n\n<div class=\"wp-block-paragraph \">\n<p>Les pompiers de Keasbey s\u2019engagent activement aupr\u00e8s de la communaut\u00e9 par le biais d\u2019initiatives annuelles de rentr\u00e9e scolaire, en fournissant des sacs \u00e0 dos remplis de fournitures essentielles aux \u00e9l\u00e8ves locaux avant le d\u00e9but de chaque ann\u00e9e scolaire.<\/p>\n<\/div>\n\n<div class=\"wp-block-paragraph \">\n<p>De plus, les pompiers de Keasbey participent \u00e0 un programme de camp d \u00ab \u00e9t\u00e9 gratuit. Une fois par semaine, les pompiers visitent le camp pour pr\u00e9senter aux enfants l \u00bb \u00e9quipement de lutte contre les incendies, faire des d\u00e9monstrations \u00e9ducatives avec des camions et permettre une exp\u00e9rience pratique supervis\u00e9e avec le rehausseur d\u2019eau, cr\u00e9ant ainsi des exp\u00e9riences d\u2019apprentissage m\u00e9morables tout en enseignant la s\u00e9curit\u00e9 incendie. <\/p>\n<\/div>\n\n<div class=\"wp-block-paragraph \">\n<p>Les pompiers ont \u00e9galement particip\u00e9 \u00e0 \u00ab Read Across America \u00bb, un programme annuel de motivation et de sensibilisation \u00e0 la lecture lanc\u00e9 par la National Education Association le 2 mars, jour de l\u2019anniversaire de la Dre Seuss, pour encourager les enfants et les adolescents \u00e0 c\u00e9l\u00e9brer la joie de lire.<\/p>\n<\/div>\n\n\n<figure class=\"wp-block-pullquote\"><blockquote><p>Nous sommes tr\u00e8s reconnaissants de la formation et du soutien que la section locale 290 a fournis pour nous aider \u00e0 devenir des pompiers de carri\u00e8re \u00e0 temps plein. Nous sommes maintenant en mesure de prot\u00e9ger nos voisins et de servir de mod\u00e8les positifs dans cette communaut\u00e9. <\/p><cite>Keasbey Pompier devin schelmety<\/cite><\/blockquote><\/figure>\n\n\n<div class=\"wp-block-paragraph \">\n<p>\u00ab Nous sommes tr\u00e8s reconnaissants de la formation et du soutien que la section locale 290 nous a fournis pour nous aider \u00e0 devenir des pompiers de carri\u00e8re \u00e0 temps plein. Nous sommes maintenant en mesure de prot\u00e9ger nos voisins et de servir de mod\u00e8les positifs dans cette communaut\u00e9 \u00bb, a d\u00e9clar\u00e9 Devin Schelmety, pompier de Keasbey et membre de la section locale 290. \u00ab Chez Keasbey, nous sommes fiers de venir au travail tous les jours et nous nous engageons \u00e0 servir aux c\u00f4t\u00e9s de nos fr\u00e8res et s\u0153urs pompiers. \u00bb <\/p>\n<\/div>\n<\/div><\/section>\n","protected":false},"featured_media":93174,"menu_order":0,"template":"","tags":[68,112],"class_list":["post-93195","news","type-news","status-publish","has-post-thumbnail","hentry","tag-formation","tag-redonner"],"acf":[],"publishpress_future_workflow_manual_trigger":{"enabledWorkflows":[]},"_links":{"self":[{"href":"https:\/\/www.iaff.org\/fr-ca\/wp-json\/wp\/v2\/news\/93195","targetHints":{"allow":["GET"]}}],"collection":[{"href":"https:\/\/www.iaff.org\/fr-ca\/wp-json\/wp\/v2\/news"}],"about":[{"href":"https:\/\/www.iaff.org\/fr-ca\/wp-json\/wp\/v2\/types\/news"}],"version-history":[{"count":0,"href":"https:\/\/www.iaff.org\/fr-ca\/wp-json\/wp\/v2\/news\/93195\/revisions"}],"wp:featuredmedia":[{"embeddable":true,"href":"https:\/\/www.iaff.org\/fr-ca\/wp-json\/wp\/v2\/media\/93174"}],"wp:attachment":[{"href":"https:\/\/www.iaff.org\/fr-ca\/wp-json\/wp\/v2\/media?parent=93195"}],"wp:term":[{"taxonomy":"post_tag","embeddable":true,"href":"https:\/\/www.iaff.org\/fr-ca\/wp-json\/wp\/v2\/tags?post=93195"}],"curies":[{"name":"wp","href":"https:\/\/api.w.org\/{rel}","templated":true}]}}