{"id":92887,"date":"2025-05-19T09:47:24","date_gmt":"2025-05-19T13:47:24","guid":{"rendered":"https:\/\/www.iaff.org\/news\/pas-de-dernier-round-pour-notre-combat-az-local-met-la-sante-mentale-au-premier-plan\/"},"modified":"2025-05-21T13:28:47","modified_gmt":"2025-05-21T17:28:47","slug":"pas-de-dernier-round-pour-notre-combat-az-local-met-la-sante-mentale-au-premier-plan","status":"publish","type":"news","link":"https:\/\/www.iaff.org\/fr-ca\/news\/pas-de-dernier-round-pour-notre-combat-az-local-met-la-sante-mentale-au-premier-plan\/","title":{"rendered":"\u00ab Pas de dernier round pour notre combat \u00bb : AZ Local met la sant\u00e9 mentale au premier plan"},"content":{"rendered":"<section\n\t class=\"page-blocks iaff-page-blocks align wp-block-acf-page-blocks\" id=\"page-blocks_block_24e3525e7841eab7c281d745bbb9331e\">\n\t<div class=\"acf-innerblocks-container\">\n<div class=\"wp-block-paragraph \">\n<p>Dans les moments les plus difficiles, le meilleur soutien vient d\u2019un pair qui est pass\u00e9 par l\u00e0.  <\/p>\n<\/div>\n\n<div class=\"wp-block-paragraph \">\n<p>C\u2019est quelque chose que le pr\u00e9sident de la section locale 493 de Phoenix, en Arizona, Bryan Willingham, ne conna\u00eet que trop bien.  <\/p>\n<\/div>\n\n<div class=\"wp-block-paragraph \">\n<p>\u00ab Lorsqu\u2019une crise survient, ces membres veulent vraiment parler \u00e0 leurs pairs et pas n\u00e9cessairement aux cliniciens ou \u00e0 d\u2019autres personnes \u00bb, a-t-il d\u00e9clar\u00e9. \u00ab Je pense que cela r\u00e9sonnerait probablement avec la plupart des services d\u2019incendie. \u00bb   <\/p>\n<\/div>\n\n<div class=\"wp-block-paragraph \">\n<p>M. Willingham affirme que l\u2019id\u00e9e de lancer un programme pilote d\u2019intervention m\u00e9dicale par les pairs a \u00e9t\u00e9 coordonn\u00e9e par les Services aux membres de la section locale 493, dirig\u00e9e par le vice-pr\u00e9sident des Services aux membres de la section locale 493, Ray Maione, ainsi qu\u2019une \u00e9quipe mixte de gestion des travailleurs et de leur partenaire de longue date, Public Safety Crisis Solutions, et d\u00e9coule de conversations avec les membres. \u00ab Ils sont envoy\u00e9s sur des appels de crise haut de gamme, tels que des situations d\u2019enfants victimes, des noyades, des suicides et des incidents impliquant des policiers ou des fusillades \u00bb, a d\u00e9clar\u00e9 Willingham.   <\/p>\n<\/div>\n\n<div class=\"wp-block-paragraph \">\n<p>Les pairs m\u00e9dicaux sont d\u00e9p\u00each\u00e9s sur divers incidents critiques pour entrer en contact avec les membres de la section locale 493 touch\u00e9s et coordonner avec les cliniciens au besoin. \u00ab M\u00eame parfois, s\u2019ils ne demandent pas d\u2019aide, nous essayons de les mettre en contact avec quelqu\u2019un juste pour revenir en arri\u00e8re et doubler le suivi de leur \u00e9tat mental \u00bb, a d\u00e9clar\u00e9 Willingham.   <\/p>\n<\/div>\n\n\n<figure class=\"wp-block-pullquote\"><blockquote><p>\u00ab Il n\u2019y a pas de dernier round pour notre combat. Nous allons simplement passer le relais et quelqu\u2019un d\u2019autre va continuer le combat.  <\/p><cite>Pr\u00e9sident de la section locale 493, Bryan Willingham<\/cite><\/blockquote><\/figure>\n\n\n<div class=\"wp-block-paragraph \">\n<p>Willingham dit que le programme est financ\u00e9 par le syndicat, avec une allocation dans leur contrat pour soutenir l\u2019entente avec Public Safety Crisis Solutions, tandis que la section locale couvre les salaires de l\u2019\u00e9quipe des services aux membres. Il dit que l\u2019\u00e9difice des services aux membres, situ\u00e9 dans l\u2019ancienne station 30, a \u00e9t\u00e9 converti il y a un an pour abriter des programmes suppl\u00e9mentaires. \u00ab Ils dirigent des groupes de soutien \u00e0 partir de l\u00e0. Nous avons un groupe de divorce que nous coordonnons l\u00e0-bas. Nous ex\u00e9cutons un <a href=\"https:\/\/vitanya.com\/firefighters\/\" target=\"_blank\" rel=\"noreferrer noopener\">programme cognitif<\/a> gr\u00e2ce \u00e0 cela. Nous sommes tr\u00e8s, tr\u00e8s proactifs dans l\u2019utilisation de ce b\u00e2timent sp\u00e9cifiquement pour nos membres et leur sant\u00e9 mentale \u00bb, a-t-il d\u00e9clar\u00e9.       <\/p>\n<\/div>\n\n<div class=\"wp-block-paragraph \">\n<p>Willingham dit que, jusqu\u2019\u00e0 pr\u00e9sent, le programme a suscit\u00e9 beaucoup d\u2019engagement. \u00ab Nous voyons d\u2019excellents r\u00e9sultats \u00bb, a-t-il d\u00e9clar\u00e9. \u00ab Je ne pense pas qu\u2019il y ait un programme que nous offrons qui soit meilleur que celui de notre \u00e9quipe des Services aux membres. Cela peut \u00eatre controvers\u00e9 pour un dirigeant syndical, mais je pense que la sant\u00e9 mentale et la qualit\u00e9 de vie sont plus importantes que les salaires, les avantages sociaux et les conditions de travail.    <\/p>\n<\/div>\n\n<div class=\"wp-block-paragraph \">\n<p>Son conseil aux autres sections locales de IAFF qui pourraient vouloir mettre en \u0153uvre un programme similaire : \u00ab Maintenez le cap et essayez de donner la priorit\u00e9 \u00e0 la composante sant\u00e9 mentale. Vous allez devoir vous habituer \u00e0 ce qu\u2019on vous dise non.  <\/p>\n<\/div>\n\n<div class=\"wp-block-paragraph \">\n<p>Mais pour Willingham, le combat en vaut la peine pour la sant\u00e9 et la s\u00e9curit\u00e9 des g\u00e9n\u00e9rations futures dans le service d\u2019incendie. \u00ab Il n\u2019y a pas de dernier round pour notre combat. Nous allons simplement passer le relais et quelqu\u2019un d\u2019autre va continuer le combat.   <\/p>\n<\/div>\n<\/div><\/section>\n","protected":false},"featured_media":92880,"menu_order":0,"template":"","tags":[93],"class_list":["post-92887","news","type-news","status-publish","has-post-thumbnail","hentry","tag-sante-comportementale"],"acf":[],"publishpress_future_workflow_manual_trigger":{"enabledWorkflows":[]},"_links":{"self":[{"href":"https:\/\/www.iaff.org\/fr-ca\/wp-json\/wp\/v2\/news\/92887","targetHints":{"allow":["GET"]}}],"collection":[{"href":"https:\/\/www.iaff.org\/fr-ca\/wp-json\/wp\/v2\/news"}],"about":[{"href":"https:\/\/www.iaff.org\/fr-ca\/wp-json\/wp\/v2\/types\/news"}],"version-history":[{"count":0,"href":"https:\/\/www.iaff.org\/fr-ca\/wp-json\/wp\/v2\/news\/92887\/revisions"}],"wp:featuredmedia":[{"embeddable":true,"href":"https:\/\/www.iaff.org\/fr-ca\/wp-json\/wp\/v2\/media\/92880"}],"wp:attachment":[{"href":"https:\/\/www.iaff.org\/fr-ca\/wp-json\/wp\/v2\/media?parent=92887"}],"wp:term":[{"taxonomy":"post_tag","embeddable":true,"href":"https:\/\/www.iaff.org\/fr-ca\/wp-json\/wp\/v2\/tags?post=92887"}],"curies":[{"name":"wp","href":"https:\/\/api.w.org\/{rel}","templated":true}]}}