{"id":92581,"date":"2025-05-12T10:55:42","date_gmt":"2025-05-12T14:55:42","guid":{"rendered":"https:\/\/www.iaff.org\/news\/iaff-accueille-les-academies-des-communications-et-de-la-formation-politique-2025\/"},"modified":"2025-10-06T10:42:18","modified_gmt":"2025-10-06T14:42:18","slug":"iaff-accueille-les-academies-des-communications-et-de-la-formation-politique-2025","status":"publish","type":"news","link":"https:\/\/www.iaff.org\/fr-ca\/news\/iaff-accueille-les-academies-des-communications-et-de-la-formation-politique-2025\/","title":{"rendered":"L\u2019IAFF accueille les Acad\u00e9mies de formation en communication et en politique 2025"},"content":{"rendered":"<section\n\t class=\"page-blocks iaff-page-blocks align wp-block-acf-page-blocks\" id=\"page-blocks_block_6beb1e81fc11aa99873e143b7127a761\">\n\t<div class=\"acf-innerblocks-container\">\n<div class=\"wp-block-paragraph \">\n<p>Qu\u2019il s\u2019agisse de fa\u00e7onner des messages publics ou de renforcer le pouvoir politique, l\u2019Acad\u00e9mie de formation en communications et l\u2019Acad\u00e9mie de formation politique A. Michael Mullane ont donn\u00e9 aux membres de IAFF les comp\u00e9tences dont ils ont besoin pour renforcer leur r\u00f4le de dirigeants syndicaux.<\/p>\n<\/div>\n\n<div class=\"wp-block-paragraph \">\n<p>Au cours de la semaine, 100 membres de partout aux \u00c9tats-Unis et au Canada se sont r\u00e9unis au Maritime Conference Center de Linthicum Heights, au Maryland, pour les programmes pratiques. Cinquante membres ont \u00e9t\u00e9 choisis pour chacun. <\/p>\n<\/div>\n\n<div class=\"wp-block-paragraph \">\n<p>\u00c0 l\u2019ATC, les participants ont aiguis\u00e9 leur expertise en mati\u00e8re de messagerie, d\u2019image de marque, de relations avec les m\u00e9dias et de communication de crise. Gr\u00e2ce aux instructions du personnel des communications de IAFF , des sp\u00e9cialistes des campagnes strat\u00e9giques et des experts des m\u00e9dias, les participants ont acquis les outils n\u00e9cessaires pour devenir des experts en la mati\u00e8re et de puissants d\u00e9fenseurs de leur profession. <\/p>\n<\/div>\n\n\n<figure class=\"wp-block-pullquote\"><blockquote><p>Ce qui est vraiment cool, c\u2019est de voir les am\u00e9liorations apport\u00e9es aux technologies que nous utilisons et comment IAFF essaie vraiment de fournir les nouveaut\u00e9s pour s\u2019assurer que nous r\u00e9pondons aux besoins de tous nos membres<\/p><cite>Matthew Lowery, militant strat\u00e9gique<\/cite><\/blockquote><\/figure>\n\n\n<div class=\"wp-block-paragraph \">\n<p>\u00ab Ce qui est vraiment g\u00e9nial, c\u2019est de voir les am\u00e9liorations apport\u00e9es aux technologies que nous utilisons et comment IAFF essaie vraiment d\u2019offrir les nouveaut\u00e9s pour s\u2019assurer que nous r\u00e9pondons aux besoins de tous nos membres \u00bb, a d\u00e9clar\u00e9 Matthew Lowery, militant strat\u00e9gique et membre de la cohorte inaugurale de l\u2019ATC en 2015.<\/p>\n<\/div>\n\n<div class=\"wp-block-paragraph \">\n<p>Pendant ce temps, l\u2019APT a pr\u00e9par\u00e9 les membres \u00e0 se pr\u00e9senter aux \u00e9lections ou \u00e0 soutenir les campagnes et les initiatives \u00e9lectorales. Les participants ont appris des professionnels de la campagne et du personnel de IAFF sur la planification des ressources, la collecte de fonds, la budg\u00e9tisation, le ciblage des \u00e9lecteurs, le publipostage, la gestion des b\u00e9n\u00e9voles, les communications et les strat\u00e9gies d\u2019incitation au vote. Les participants ont \u00e9galement re\u00e7u une formation sur les lois \u00e9lectorales afin d\u2019assurer la conformit\u00e9 des campagnes \u00e0 tous les ordres de gouvernement.  <\/p>\n<\/div>\n\n\n<figure class=\"wp-block-pullquote\"><blockquote><p>L\u2019ann\u00e9e derni\u00e8re, j\u2019ai particip\u00e9 \u00e0 l\u2019Acad\u00e9mie de formation politique \u2013 ce qui n\u2019\u00e9tait pas trop t\u00f4t. Juste apr\u00e8s, j\u2019\u00e9tais \u00e0 Baton Rouge pour travailler au nom de notre section locale et de la Commission de la fonction publique de la Nouvelle-Orl\u00e9ans et ces le\u00e7ons sont entr\u00e9es en jeu imm\u00e9diatement. <\/p><cite>Andrew Monteverde, deuxi\u00e8me vice-pr\u00e9sident de la section locale 362 de la Nouvelle-Orl\u00e9ans<\/cite><\/blockquote><\/figure>\n\n\n<div class=\"wp-block-paragraph \">\n<p>Andrew Monteverde, deuxi\u00e8me vice-pr\u00e9sident de la section locale 362 de la Nouvelle-Orl\u00e9ans, a maintenant termin\u00e9 les deux acad\u00e9mies au cours des derni\u00e8res ann\u00e9es.<br\/><br\/>\u00ab L\u2019ann\u00e9e derni\u00e8re, j\u2019ai fait l\u2019Acad\u00e9mie de formation politique \u2013 ce qui n\u2019\u00e9tait pas une minute trop t\u00f4t. Juste apr\u00e8s, j\u2019\u00e9tais \u00e0 Baton Rouge pour travailler au nom de notre section locale et de la Commission de la fonction publique de la Nouvelle-Orl\u00e9ans et ces le\u00e7ons sont entr\u00e9es en jeu imm\u00e9diatement.<\/p>\n<\/div>\n\n<div class=\"wp-block-paragraph \">\n<p>Monteverde esp\u00e9rait pouvoir compl\u00e9ter les comp\u00e9tences acquises \u00e0 l\u2019APT pour se pr\u00e9parer \u00e0 travailler avec la presse et \u00e0 d\u00e9velopper des strat\u00e9gies m\u00e9diatiques efficaces et \u00e9tait satisfait des r\u00e9sultats. La combinaison de l\u2019apprentissage des professionnels et d\u2019autres camarades de classe a \u00e9t\u00e9 inestimable pour Monteverde. \u00ab Rien ne remplace l\u2019apprentissage ici et les possibilit\u00e9s de r\u00e9seautage qui l\u2019accompagnent. \u00bb  <\/p>\n<\/div>\n\n\n<figure class=\"wp-block-gallery has-nested-images columns-default is-cropped wp-block-gallery-1 is-layout-flex wp-block-gallery-is-layout-flex\">\n<figure data-wp-context=\"{&quot;imageId&quot;:&quot;69f5cfd474598&quot;}\" data-wp-interactive=\"core\/image\" data-wp-key=\"69f5cfd474598\" class=\"wp-block-image size-large wp-lightbox-container\"><img decoding=\"async\" width=\"1024\" height=\"683\" data-wp-class--hide=\"state.isContentHidden\" data-wp-class--show=\"state.isContentVisible\" data-wp-init=\"callbacks.setButtonStyles\" data-wp-on--click=\"actions.showLightbox\" data-wp-on--load=\"callbacks.setButtonStyles\" data-wp-on-window--resize=\"callbacks.setButtonStyles\" data-id=\"92574\" src=\"https:\/\/www.iaff.org\/wp-content\/uploads\/2025\/05\/CG1A3856-1024x683.jpg\" alt=\"\" class=\"wp-image-92574\" srcset=\"https:\/\/www.iaff.org\/wp-content\/uploads\/2025\/05\/CG1A3856-1024x683.jpg 1024w, https:\/\/www.iaff.org\/wp-content\/uploads\/2025\/05\/CG1A3856-300x200.jpg 300w, https:\/\/www.iaff.org\/wp-content\/uploads\/2025\/05\/CG1A3856-768x512.jpg 768w, https:\/\/www.iaff.org\/wp-content\/uploads\/2025\/05\/CG1A3856-240x160.jpg 240w, https:\/\/www.iaff.org\/wp-content\/uploads\/2025\/05\/CG1A3856-1200x800.jpg 1200w, https:\/\/www.iaff.org\/wp-content\/uploads\/2025\/05\/CG1A3856-1215x810.jpg 1215w, https:\/\/www.iaff.org\/wp-content\/uploads\/2025\/05\/CG1A3856.jpg 1504w\" sizes=\"(max-width: 1024px) 100vw, 1024px\" \/><button\n\t\t\tclass=\"lightbox-trigger\"\n\t\t\ttype=\"button\"\n\t\t\taria-haspopup=\"dialog\"\n\t\t\taria-label=\"Enlarge\"\n\t\t\tdata-wp-init=\"callbacks.initTriggerButton\"\n\t\t\tdata-wp-on--click=\"actions.showLightbox\"\n\t\t\tdata-wp-style--right=\"state.imageButtonRight\"\n\t\t\tdata-wp-style--top=\"state.imageButtonTop\"\n\t\t>\n\t\t\t<svg xmlns=\"http:\/\/www.w3.org\/2000\/svg\" width=\"12\" height=\"12\" fill=\"none\" viewBox=\"0 0 12 12\">\n\t\t\t\t<path fill=\"#fff\" d=\"M2 0a2 2 0 0 0-2 2v2h1.5V2a.5.5 0 0 1 .5-.5h2V0H2Zm2 10.5H2a.5.5 0 0 1-.5-.5V8H0v2a2 2 0 0 0 2 2h2v-1.5ZM8 12v-1.5h2a.5.5 0 0 0 .5-.5V8H12v2a2 2 0 0 1-2 2H8Zm2-12a2 2 0 0 1 2 2v2h-1.5V2a.5.5 0 0 0-.5-.5H8V0h2Z\" \/>\n\t\t\t<\/svg>\n\t\t<\/button><figcaption class=\"wp-element-caption\">Les participants \u00e9coutent attentivement leur pr\u00e9sentateur.<\/figcaption><\/figure>\n\n\n\n<figure data-wp-context=\"{&quot;imageId&quot;:&quot;69f5cfd4751fa&quot;}\" data-wp-interactive=\"core\/image\" data-wp-key=\"69f5cfd4751fa\" class=\"wp-block-image size-large wp-lightbox-container\"><img decoding=\"async\" width=\"1024\" height=\"683\" data-wp-class--hide=\"state.isContentHidden\" data-wp-class--show=\"state.isContentVisible\" data-wp-init=\"callbacks.setButtonStyles\" data-wp-on--click=\"actions.showLightbox\" data-wp-on--load=\"callbacks.setButtonStyles\" data-wp-on-window--resize=\"callbacks.setButtonStyles\" data-id=\"92571\" src=\"https:\/\/www.iaff.org\/wp-content\/uploads\/2025\/05\/CG1A4048-1024x683.jpg\" alt=\"\" class=\"wp-image-92571\" srcset=\"https:\/\/www.iaff.org\/wp-content\/uploads\/2025\/05\/CG1A4048-1024x683.jpg 1024w, https:\/\/www.iaff.org\/wp-content\/uploads\/2025\/05\/CG1A4048-300x200.jpg 300w, https:\/\/www.iaff.org\/wp-content\/uploads\/2025\/05\/CG1A4048-768x512.jpg 768w, https:\/\/www.iaff.org\/wp-content\/uploads\/2025\/05\/CG1A4048-240x160.jpg 240w, https:\/\/www.iaff.org\/wp-content\/uploads\/2025\/05\/CG1A4048-1200x800.jpg 1200w, https:\/\/www.iaff.org\/wp-content\/uploads\/2025\/05\/CG1A4048-1215x810.jpg 1215w, https:\/\/www.iaff.org\/wp-content\/uploads\/2025\/05\/CG1A4048.jpg 1504w\" sizes=\"(max-width: 1024px) 100vw, 1024px\" \/><button\n\t\t\tclass=\"lightbox-trigger\"\n\t\t\ttype=\"button\"\n\t\t\taria-haspopup=\"dialog\"\n\t\t\taria-label=\"Enlarge\"\n\t\t\tdata-wp-init=\"callbacks.initTriggerButton\"\n\t\t\tdata-wp-on--click=\"actions.showLightbox\"\n\t\t\tdata-wp-style--right=\"state.imageButtonRight\"\n\t\t\tdata-wp-style--top=\"state.imageButtonTop\"\n\t\t>\n\t\t\t<svg xmlns=\"http:\/\/www.w3.org\/2000\/svg\" width=\"12\" height=\"12\" fill=\"none\" viewBox=\"0 0 12 12\">\n\t\t\t\t<path fill=\"#fff\" d=\"M2 0a2 2 0 0 0-2 2v2h1.5V2a.5.5 0 0 1 .5-.5h2V0H2Zm2 10.5H2a.5.5 0 0 1-.5-.5V8H0v2a2 2 0 0 0 2 2h2v-1.5ZM8 12v-1.5h2a.5.5 0 0 0 .5-.5V8H12v2a2 2 0 0 1-2 2H8Zm2-12a2 2 0 0 1 2 2v2h-1.5V2a.5.5 0 0 0-.5-.5H8V0h2Z\" \/>\n\t\t\t<\/svg>\n\t\t<\/button><figcaption class=\"wp-element-caption\">Le militant strat\u00e9gique Dave Coker pr\u00e9sente \u00e0 sa classe.  <\/figcaption><\/figure>\n<\/figure>\n\n<\/div><\/section>\n<div class=\"wp-block-paragraph \">\n<p><\/p>\n<\/div>","protected":false},"featured_media":92578,"menu_order":0,"template":"","tags":[77,68],"class_list":["post-92581","news","type-news","status-publish","has-post-thumbnail","hentry","tag-evenements","tag-formation"],"acf":[],"publishpress_future_workflow_manual_trigger":{"enabledWorkflows":[]},"_links":{"self":[{"href":"https:\/\/www.iaff.org\/fr-ca\/wp-json\/wp\/v2\/news\/92581","targetHints":{"allow":["GET"]}}],"collection":[{"href":"https:\/\/www.iaff.org\/fr-ca\/wp-json\/wp\/v2\/news"}],"about":[{"href":"https:\/\/www.iaff.org\/fr-ca\/wp-json\/wp\/v2\/types\/news"}],"version-history":[{"count":0,"href":"https:\/\/www.iaff.org\/fr-ca\/wp-json\/wp\/v2\/news\/92581\/revisions"}],"wp:featuredmedia":[{"embeddable":true,"href":"https:\/\/www.iaff.org\/fr-ca\/wp-json\/wp\/v2\/media\/92578"}],"wp:attachment":[{"href":"https:\/\/www.iaff.org\/fr-ca\/wp-json\/wp\/v2\/media?parent=92581"}],"wp:term":[{"taxonomy":"post_tag","embeddable":true,"href":"https:\/\/www.iaff.org\/fr-ca\/wp-json\/wp\/v2\/tags?post=92581"}],"curies":[{"name":"wp","href":"https:\/\/api.w.org\/{rel}","templated":true}]}}