{"id":92511,"date":"2025-05-09T11:08:49","date_gmt":"2025-05-09T15:08:49","guid":{"rendered":"https:\/\/www.iaff.org\/news\/la-famille-canode-celebre-un-heritage-des-services-dincendie-pour-la-fete-des-meres\/"},"modified":"2025-05-09T11:12:36","modified_gmt":"2025-05-09T15:12:36","slug":"la-famille-canode-celebre-un-heritage-des-services-dincendie-pour-la-fete-des-meres","status":"publish","type":"news","link":"https:\/\/www.iaff.org\/fr-ca\/news\/la-famille-canode-celebre-un-heritage-des-services-dincendie-pour-la-fete-des-meres\/","title":{"rendered":"La famille Canode c\u00e9l\u00e8bre un h\u00e9ritage des services d\u2019incendie pour la f\u00eate des M\u00e8res"},"content":{"rendered":"<section\n\t class=\"page-blocks iaff-page-blocks align wp-block-acf-page-blocks\" id=\"page-blocks_block_f5b19b86bbf7092b79b200bcef79402f\">\n\t<div class=\"acf-innerblocks-container\">\n<div class=\"wp-block-paragraph \">\n<p>Pour des familles comme celle des Canode, la lutte contre les incendies n\u2019est pas seulement une carri\u00e8re, c\u2019est une vocation. Les racines de la famille en mati\u00e8re de lutte contre les incendies s\u2019\u00e9tendent sur des g\u00e9n\u00e9rations.   <\/p>\n<\/div>\n\n<div class=\"wp-block-paragraph \">\n<p>\u00ab Notre famille est dans le service d\u2019incendie depuis quatre g\u00e9n\u00e9rations \u00bb, a d\u00e9clar\u00e9 M. Dickinson, le pompier de la section locale 5150 du Dakota du Nord, Jesse Canode.  <\/p>\n<\/div>\n\n<div class=\"wp-block-paragraph \">\n<p>Sa s\u0153ur, Brooke, est \u00e9galement pompi\u00e8re de la section locale 5150. Toutes deux ont \u00e9t\u00e9 inspir\u00e9es par <a href=\"https:\/\/www.kfyrtv.com\/2025\/01\/02\/family-tradition-three-generations-dickinson-family-serve-firefighters\/\" target=\"_blank\" rel=\"noreferrer noopener\">la longue histoire de leur famille dans le service d\u2019incendie<\/a> , y compris leur grand-m\u00e8re, Barb, une pompi\u00e8re \u00e0 la retraite qui a \u00e9t\u00e9 l\u2019une des premi\u00e8res femmes de la r\u00e9gion \u00e0 se joindre au service d\u2019incendie de Gladstone.   <\/p>\n<\/div>\n\n<div class=\"wp-block-paragraph \">\n<p>Aujourd\u2019hui, les fr\u00e8res et s\u0153urs Jesse et Brooke perp\u00e9tuent fi\u00e8rement un h\u00e9ritage familial. Leur p\u00e8re, Chad, a \u00e9t\u00e9 pompier pendant quatre d\u00e9cennies, suivant les traces de leur grand-p\u00e8re, \u00e9galement pompier, et de Barb, qui \u00e9tait chef adjointe.   <\/p>\n<\/div>\n\n\n<figure class=\"wp-block-gallery has-nested-images columns-default is-cropped wp-block-gallery-1 is-layout-flex wp-block-gallery-is-layout-flex\">\n<figure class=\"wp-block-image size-large\"><img decoding=\"async\" width=\"768\" height=\"1024\" data-id=\"92472\" src=\"https:\/\/www.iaff.org\/wp-content\/uploads\/2025\/05\/Barb-Canode-2-768x1024.jpeg\" alt=\"\" class=\"wp-image-92472\" srcset=\"https:\/\/www.iaff.org\/wp-content\/uploads\/2025\/05\/Barb-Canode-2-768x1024.jpeg 768w, https:\/\/www.iaff.org\/wp-content\/uploads\/2025\/05\/Barb-Canode-2-225x300.jpeg 225w, https:\/\/www.iaff.org\/wp-content\/uploads\/2025\/05\/Barb-Canode-2-1152x1536.jpeg 1152w, https:\/\/www.iaff.org\/wp-content\/uploads\/2025\/05\/Barb-Canode-2-180x240.jpeg 180w, https:\/\/www.iaff.org\/wp-content\/uploads\/2025\/05\/Barb-Canode-2-600x800.jpeg 600w, https:\/\/www.iaff.org\/wp-content\/uploads\/2025\/05\/Barb-Canode-2-608x810.jpeg 608w, https:\/\/www.iaff.org\/wp-content\/uploads\/2025\/05\/Barb-Canode-2.jpeg 1536w\" sizes=\"(max-width: 768px) 100vw, 768px\" \/><figcaption class=\"wp-element-caption\">Barb Canode<\/figcaption><\/figure>\n\n\n\n<figure class=\"wp-block-image size-large\"><img decoding=\"async\" width=\"768\" height=\"1024\" data-id=\"92475\" src=\"https:\/\/www.iaff.org\/wp-content\/uploads\/2025\/05\/Chad-Canode-768x1024.jpeg\" alt=\"\" class=\"wp-image-92475\" srcset=\"https:\/\/www.iaff.org\/wp-content\/uploads\/2025\/05\/Chad-Canode-768x1024.jpeg 768w, https:\/\/www.iaff.org\/wp-content\/uploads\/2025\/05\/Chad-Canode-225x300.jpeg 225w, https:\/\/www.iaff.org\/wp-content\/uploads\/2025\/05\/Chad-Canode-1152x1536.jpeg 1152w, https:\/\/www.iaff.org\/wp-content\/uploads\/2025\/05\/Chad-Canode-180x240.jpeg 180w, https:\/\/www.iaff.org\/wp-content\/uploads\/2025\/05\/Chad-Canode-600x800.jpeg 600w, https:\/\/www.iaff.org\/wp-content\/uploads\/2025\/05\/Chad-Canode-608x810.jpeg 608w, https:\/\/www.iaff.org\/wp-content\/uploads\/2025\/05\/Chad-Canode.jpeg 1536w\" sizes=\"(max-width: 768px) 100vw, 768px\" \/><figcaption class=\"wp-element-caption\">Chad Canode, le p\u00e8re de Brooke et Jesse.<\/figcaption><\/figure>\n\n\n\n<figure class=\"wp-block-image size-large\"><img decoding=\"async\" width=\"1024\" height=\"768\" data-id=\"92466\" src=\"https:\/\/www.iaff.org\/wp-content\/uploads\/2025\/05\/Barb-4-1024x768.jpeg\" alt=\"\" class=\"wp-image-92466\" srcset=\"https:\/\/www.iaff.org\/wp-content\/uploads\/2025\/05\/Barb-4-1024x768.jpeg 1024w, https:\/\/www.iaff.org\/wp-content\/uploads\/2025\/05\/Barb-4-300x225.jpeg 300w, https:\/\/www.iaff.org\/wp-content\/uploads\/2025\/05\/Barb-4-768x576.jpeg 768w, https:\/\/www.iaff.org\/wp-content\/uploads\/2025\/05\/Barb-4-1536x1152.jpeg 1536w, https:\/\/www.iaff.org\/wp-content\/uploads\/2025\/05\/Barb-4-2048x1536.jpeg 2048w, https:\/\/www.iaff.org\/wp-content\/uploads\/2025\/05\/Barb-4-240x180.jpeg 240w, https:\/\/www.iaff.org\/wp-content\/uploads\/2025\/05\/Barb-4-1067x800.jpeg 1067w, https:\/\/www.iaff.org\/wp-content\/uploads\/2025\/05\/Barb-4-1080x810.jpeg 1080w\" sizes=\"(max-width: 1024px) 100vw, 1024px\" \/><figcaption class=\"wp-element-caption\">Camion de pompiers de Gladstone.<\/figcaption><\/figure>\n<\/figure>\n\n\n<div class=\"wp-block-paragraph \">\n<p>\u00ab C\u2019\u00e9tait une nouvelle exp\u00e9rience et un d\u00e9fi au d\u00e9but, mais j\u2019ai ador\u00e9 chaque minute. J\u2019aimais mes gars \u00bb, a d\u00e9clar\u00e9 Barb en repensant \u00e0 son travail. \u00ab Quand j\u2019y retourne et que je vois comment le service s\u2019est d\u00e9velopp\u00e9 et combien de femmes y travaillent, je suis tellement fi\u00e8re de ce petit d\u00e9partement. \u00bb  <\/p>\n<\/div>\n\n<div class=\"wp-block-paragraph \">\n<p>Jesse et Brooke disent que leur famille les a inspir\u00e9s \u00e0 se joindre.  <\/p>\n<\/div>\n\n<div class=\"wp-block-paragraph \">\n<p>\u00ab Quand j\u2019ai eu 18 ans, ma grand-m\u00e8re \u00e9tait pompi\u00e8re et mon p\u00e8re \u00e9tait pompier \u00bb, a d\u00e9clar\u00e9 Jesse. \u00ab Je me souviens d\u2019avoir \u00e9t\u00e9 habill\u00e9e en tenue de pompier quand j\u2019\u00e9tais petite. D\u00e8s que j\u2019ai eu 18 ans et que j\u2019ai eu la possibilit\u00e9 de m\u2019enr\u00f4ler, je me suis joint \u00e0 notre d\u00e9partement rural. Finalement, j\u2019ai tellement aim\u00e9 la lutte contre les incendies que j\u2019ai d\u00e9cid\u00e9 de me joindre \u00e0 la ville et de poursuivre une carri\u00e8re \u00e0 temps plein.   <\/p>\n<\/div>\n\n\n<figure class=\"wp-block-pullquote\"><blockquote><p>Je me souviens d\u2019avoir \u00e9t\u00e9 habill\u00e9 en tenue de pompier quand j\u2019\u00e9tais petit. D\u00e8s que j\u2019ai eu 18 ans et que j\u2019ai eu la possibilit\u00e9 de m\u2019enr\u00f4ler, je me suis joint \u00e0 notre d\u00e9partement rural. Finalement, j\u2019ai tellement aim\u00e9 la lutte contre les incendies que j\u2019ai d\u00e9cid\u00e9 de me joindre \u00e0 la ville et de poursuivre une carri\u00e8re \u00e0 temps plein.  <\/p><cite>Pompier de la section locale 5150 Jesse Canode<\/cite><\/blockquote><\/figure>\n\n\n<div class=\"wp-block-paragraph \">\n<p>Brooke a ensuite d\u00e9cid\u00e9 de se joindre au service d\u2019incendie apr\u00e8s avoir \u00e9t\u00e9 pouss\u00e9e par un mentor.  <\/p>\n<\/div>\n\n<div class=\"wp-block-paragraph \">\n<p>\u00ab Mon lieutenant m\u2019a pr\u00e9sent\u00e9 \u00e0 l\u2019acad\u00e9mie des pompiers. J\u2019en ai discut\u00e9 avec ma famille, et nous sommes en quelque sorte tomb\u00e9s dans un terrier de lapin du pass\u00e9. C\u2019\u00e9tait une \u00e9norme inspiration \u00bb, a-t-elle d\u00e9clar\u00e9.  <\/p>\n<\/div>\n\n<div class=\"wp-block-paragraph \">\n<p>Cette f\u00eate des M\u00e8res est sp\u00e9ciale pour Brooke, qui est sur le point de devenir m\u00e8re elle-m\u00eame.  <\/p>\n<\/div>\n\n\n<figure class=\"wp-block-gallery has-nested-images columns-default is-cropped wp-block-gallery-2 is-layout-flex wp-block-gallery-is-layout-flex\">\n<figure class=\"wp-block-image size-large\"><img decoding=\"async\" width=\"746\" height=\"993\" data-id=\"92503\" src=\"https:\/\/www.iaff.org\/wp-content\/uploads\/2025\/05\/Brooke-Canode-6-1.jpg\" alt=\"\" class=\"wp-image-92503\" srcset=\"https:\/\/www.iaff.org\/wp-content\/uploads\/2025\/05\/Brooke-Canode-6-1.jpg 746w, https:\/\/www.iaff.org\/wp-content\/uploads\/2025\/05\/Brooke-Canode-6-1-225x300.jpg 225w, https:\/\/www.iaff.org\/wp-content\/uploads\/2025\/05\/Brooke-Canode-6-1-180x240.jpg 180w, https:\/\/www.iaff.org\/wp-content\/uploads\/2025\/05\/Brooke-Canode-6-1-601x800.jpg 601w, https:\/\/www.iaff.org\/wp-content\/uploads\/2025\/05\/Brooke-Canode-6-1-609x810.jpg 609w\" sizes=\"(max-width: 746px) 100vw, 746px\" \/><figcaption class=\"wp-element-caption\">Brooke Canode<\/figcaption><\/figure>\n\n\n\n<figure class=\"wp-block-image size-large\"><img decoding=\"async\" width=\"1024\" height=\"768\" data-id=\"92506\" src=\"https:\/\/www.iaff.org\/wp-content\/uploads\/2025\/05\/Brooke-Canode-3-1-1024x768.jpg\" alt=\"\" class=\"wp-image-92506\" srcset=\"https:\/\/www.iaff.org\/wp-content\/uploads\/2025\/05\/Brooke-Canode-3-1-1024x768.jpg 1024w, https:\/\/www.iaff.org\/wp-content\/uploads\/2025\/05\/Brooke-Canode-3-1-300x225.jpg 300w, https:\/\/www.iaff.org\/wp-content\/uploads\/2025\/05\/Brooke-Canode-3-1-768x576.jpg 768w, https:\/\/www.iaff.org\/wp-content\/uploads\/2025\/05\/Brooke-Canode-3-1-1536x1152.jpg 1536w, https:\/\/www.iaff.org\/wp-content\/uploads\/2025\/05\/Brooke-Canode-3-1-240x180.jpg 240w, https:\/\/www.iaff.org\/wp-content\/uploads\/2025\/05\/Brooke-Canode-3-1-1067x800.jpg 1067w, https:\/\/www.iaff.org\/wp-content\/uploads\/2025\/05\/Brooke-Canode-3-1-1080x810.jpg 1080w, https:\/\/www.iaff.org\/wp-content\/uploads\/2025\/05\/Brooke-Canode-3-1.jpg 2048w\" sizes=\"(max-width: 1024px) 100vw, 1024px\" \/><figcaption class=\"wp-element-caption\">Brooke et Jesse avec leur p\u00e8re, Chad.<\/figcaption><\/figure>\n\n\n\n<figure class=\"wp-block-image size-large\"><img decoding=\"async\" width=\"768\" height=\"1024\" data-id=\"92457\" src=\"https:\/\/www.iaff.org\/wp-content\/uploads\/2025\/05\/Brooke-Canode-1-768x1024.jpeg\" alt=\"\" class=\"wp-image-92457\" srcset=\"https:\/\/www.iaff.org\/wp-content\/uploads\/2025\/05\/Brooke-Canode-1-768x1024.jpeg 768w, https:\/\/www.iaff.org\/wp-content\/uploads\/2025\/05\/Brooke-Canode-1-225x300.jpeg 225w, https:\/\/www.iaff.org\/wp-content\/uploads\/2025\/05\/Brooke-Canode-1-180x240.jpeg 180w, https:\/\/www.iaff.org\/wp-content\/uploads\/2025\/05\/Brooke-Canode-1-600x800.jpeg 600w, https:\/\/www.iaff.org\/wp-content\/uploads\/2025\/05\/Brooke-Canode-1-608x810.jpeg 608w, https:\/\/www.iaff.org\/wp-content\/uploads\/2025\/05\/Brooke-Canode-1.jpeg 936w\" sizes=\"(max-width: 768px) 100vw, 768px\" \/><figcaption class=\"wp-element-caption\">Brooke et Jesse<\/figcaption><\/figure>\n<\/figure>\n\n\n<div class=\"wp-block-paragraph \">\n<p>\u00ab Je dois accoucher le 10 mai \u00bb, a d\u00e9clar\u00e9 Brooke. \u00ab On sait d\u00e9j\u00e0 dans mon quart de travail que m\u00eame en cong\u00e9 de maternit\u00e9, j\u2019ai l\u2019intention de venir au gymnase. Une fois qu\u2019elle sera l\u00e0, ils la prendront et nous commencerons \u00e0 \u00e9tablir ce lien. Ils l\u2019appellent d\u00e9j\u00e0 leurs grands oncles.   <\/p>\n<\/div>\n\n<div class=\"wp-block-paragraph \">\n<p>Barb revient sur la fa\u00e7on dont les choses ont chang\u00e9 au sein du service d\u2019incendie au fil des ans.  <\/p>\n<\/div>\n\n<div class=\"wp-block-paragraph \">\n<p>\u00ab Leur entra\u00eenement est beaucoup plus intense. Ils sont dans un service municipal, et nous \u00e9tions strictement ruraux, nous traitions davantage des feux de prairie. De temps en temps, nous avions un incendie de structure, mais leur formation est maintenant beaucoup plus approfondie, avec les services m\u00e9dicaux d\u2019urgence et tout. Il a simplement \u00e9volu\u00e9 \u00bb, a d\u00e9clar\u00e9 Barb.  <\/p>\n<\/div>\n\n<div class=\"wp-block-paragraph \">\n<p>Pour l\u2019avenir, Jesse et Brooke esp\u00e8rent que la tradition de la famille Canode dans le service d\u2019incendie se poursuivra.  <\/p>\n<\/div>\n\n<div class=\"wp-block-paragraph \">\n<p>\u00ab J\u2019envisagerais certainement d\u2019\u00e9lever mes enfants dans le service d\u2019incendie pour qu\u2019ils puissent \u00eatre pr\u00e9sents. Le service d\u2019incendie est une grande famille, et nous prenons tous soin les uns des autres \u00bb, a d\u00e9clar\u00e9 Jesse.  <\/p>\n<\/div>\n<\/div><\/section>\n","protected":false},"featured_media":92501,"menu_order":0,"template":"","tags":[112],"class_list":["post-92511","news","type-news","status-publish","has-post-thumbnail","hentry","tag-redonner"],"acf":[],"publishpress_future_workflow_manual_trigger":{"enabledWorkflows":[]},"_links":{"self":[{"href":"https:\/\/www.iaff.org\/fr-ca\/wp-json\/wp\/v2\/news\/92511","targetHints":{"allow":["GET"]}}],"collection":[{"href":"https:\/\/www.iaff.org\/fr-ca\/wp-json\/wp\/v2\/news"}],"about":[{"href":"https:\/\/www.iaff.org\/fr-ca\/wp-json\/wp\/v2\/types\/news"}],"version-history":[{"count":0,"href":"https:\/\/www.iaff.org\/fr-ca\/wp-json\/wp\/v2\/news\/92511\/revisions"}],"wp:featuredmedia":[{"embeddable":true,"href":"https:\/\/www.iaff.org\/fr-ca\/wp-json\/wp\/v2\/media\/92501"}],"wp:attachment":[{"href":"https:\/\/www.iaff.org\/fr-ca\/wp-json\/wp\/v2\/media?parent=92511"}],"wp:term":[{"taxonomy":"post_tag","embeddable":true,"href":"https:\/\/www.iaff.org\/fr-ca\/wp-json\/wp\/v2\/tags?post=92511"}],"curies":[{"name":"wp","href":"https:\/\/api.w.org\/{rel}","templated":true}]}}