{"id":92068,"date":"2025-04-30T18:00:57","date_gmt":"2025-04-30T22:00:57","guid":{"rendered":"https:\/\/www.iaff.org\/news\/laip-et-le-ministere-du-travail-lancent-un-nouveau-programme-federal-dapprentissage-pour-les-pompiers\/"},"modified":"2025-09-29T15:05:52","modified_gmt":"2025-09-29T19:05:52","slug":"laip-et-le-ministere-du-travail-lancent-un-nouveau-programme-federal-dapprentissage-pour-les-pompiers","status":"publish","type":"news","link":"https:\/\/www.iaff.org\/fr-ca\/news\/laip-et-le-ministere-du-travail-lancent-un-nouveau-programme-federal-dapprentissage-pour-les-pompiers\/","title":{"rendered":"IAFF et le d\u00e9partement du Travail lancent un nouveau programme f\u00e9d\u00e9ral d\u2019apprentissage pour les pompiers"},"content":{"rendered":"<section\n\t class=\"page-blocks iaff-page-blocks align wp-block-acf-page-blocks\" id=\"page-blocks_block_6b85a8589dfecb0d442765d89f06cf73\">\n\t<div class=\"acf-innerblocks-container\">\n<div class=\"wp-block-paragraph \">\n<p><\/p>\n<\/div>\n<\/div><\/section>\n<div class=\"wp-block-paragraph \">\n<p>Le pr\u00e9sident g\u00e9n\u00e9ral Edward Kelly s\u2019est joint \u00e0 la secr\u00e9taire au Travail des \u00c9tats-Unis, Lori Chavez-DeRemer, pour annoncer le programme d\u2019apprentissage des services d\u2019incendie et d\u2019urgence de l\u2019AIP, un nouvel apprentissage f\u00e9d\u00e9ral pour les personnes int\u00e9ress\u00e9es par une carri\u00e8re dans les services d\u2019incendie.  <\/p>\n<\/div><div class=\"wp-block-paragraph \">\n<p>Le programme \u2013 le premier du genre pour le service d\u2019incendie \u2013 vise \u00e0 relever les d\u00e9fis de recrutement auxquels les services d\u2019incendie du pays ont \u00e9t\u00e9 confront\u00e9s au cours des derni\u00e8res ann\u00e9es. Chavez-DeRemer et Kelly ont annonc\u00e9 la nouvelle lors d\u2019une <a href=\"https:\/\/www.youtube.com\/watch?v=VY8WbaZS6Bw\" target=\"_blank\" rel=\"noreferrer noopener\">c\u00e9r\u00e9monie de signature<\/a> dans l\u2019\u00e9difice du minist\u00e8re du Travail Frances Perkins \u00e0 Washington, D.C.   <\/p>\n<\/div><div class=\"wp-block-paragraph \">\n<p>\u00ab Alors que nous c\u00e9l\u00e9brons la Journ\u00e9e nationale de l\u2019apprentissage, quelle occasion appropri\u00e9e de lancer le tout premier programme d\u2019apprentissage pour les pompiers et les ambulanciers param\u00e9dicaux aux \u00c9tats-Unis. Ce programme donnera non seulement aux pompiers de chaque province et territoire une base de comp\u00e9tences, mais il leur permettra \u00e9galement d\u2019adapter leur formation aux dangers sp\u00e9cifiques auxquels ils sont confront\u00e9s dans leur province ou territoire, ce qui est extr\u00eamement important \u00bb, a d\u00e9clar\u00e9 M. Kelly. \u00ab C\u2019est une toute nouvelle \u00e8re pour le service d\u2019incendie am\u00e9ricain. \u00bb   <\/p>\n<\/div><div class=\"wp-block-paragraph \">\n<p>Chavez-DeRemer a fait \u00e9cho aux remarques de Kelly, soulignant la n\u00e9cessit\u00e9 pour les services d\u2019avoir suffisamment de pompiers correctement form\u00e9s pour maintenir la s\u00e9curit\u00e9 publique.  <\/p>\n<\/div><div class=\"wp-block-paragraph \">\n<p>\u00ab \u00c0 maintes reprises, l\u2019AIP a d\u00e9montr\u00e9 un engagement ferme \u00e0 faire progresser les droits, la s\u00e9curit\u00e9 et l\u2019avenir des pompiers, des travailleurs m\u00e9dicaux d\u2019urgence et des secouristes. Les apprentis enregistr\u00e9s comme ceux-ci garantissent aux intervenants des capacit\u00e9s am\u00e9lior\u00e9es qui aident \u00e0 pr\u00e9venir les pr\u00e9judices et \u00e0 am\u00e9liorer la sant\u00e9 et la s\u00e9curit\u00e9 en g\u00e9n\u00e9ral \u00bb, a-t-elle d\u00e9clar\u00e9.  <\/p>\n<\/div><div class=\"wp-block-paragraph \">\n<p>\u00ab Des programmes comme le v\u00f4tre renforcent les protections appropri\u00e9es pour \u00e9viter les trag\u00e9dies et b\u00e2tir un avenir o\u00f9 tout le monde reste en s\u00e9curit\u00e9. C\u2019est pourquoi je suis si excit\u00e9 de faire partie de cette c\u00e9r\u00e9monie de signature aujourd\u2019hui.  <\/p>\n<\/div><div class=\"wp-block-paragraph \">\n<p>Le nouveau programme sera enregistr\u00e9 par le gouvernement f\u00e9d\u00e9ral aupr\u00e8s du minist\u00e8re du Travail (DOL), cr\u00e9ant ainsi un moyen accessible et rentable de recruter, d\u2019embaucher, de former et de retenir les futurs pompiers et fournisseurs de services m\u00e9dicaux d\u2019urgence (SMU).  <\/p>\n<\/div>\n<figure class=\"wp-block-pullquote\"><blockquote><p>Alors que nous c\u00e9l\u00e9brons la Journ\u00e9e nationale de l\u2019apprentissage, quelle occasion appropri\u00e9e de lancer le tout premier programme d\u2019apprentissage pour les pompiers et les ambulanciers param\u00e9dicaux aux \u00c9tats-Unis.<\/p><cite>Pr\u00e9sident g\u00e9n\u00e9ral Edward Kelly<\/cite><\/blockquote><\/figure>\n<div class=\"wp-block-paragraph \">\n<p>Les programmes d\u2019apprentissage agr\u00e9\u00e9s par le gouvernement f\u00e9d\u00e9ral jouent un r\u00f4le essentiel pour assurer la pr\u00e9paration de la <a href=\"https:\/\/www.apprenticeship.gov\/employers\/registered-apprenticeship-program?utm_source=chatgpt.com\" target=\"_blank\" rel=\"noreferrer noopener\">main-d\u2019\u0153uvre<\/a> aux \u00c9tats-Unis en offrant des voies d\u2019acc\u00e8s accessibles \u00e0 la certification et \u00e0 la formation pour les personnes qui n\u2019auraient peut-\u00eatre pas les ressources n\u00e9cessaires pour les suivre autrement.  <\/p>\n<\/div><div class=\"wp-block-paragraph \">\n<p>Le programme est l\u2019aboutissement de conversations entre l\u2019AIP et l\u2019Association internationale des chefs de pompiers sur la n\u00e9cessit\u00e9 de recruter et de maintenir en poste une main-d\u2019\u0153uvre qualifi\u00e9e dans les services d\u2019incendie et d\u2019urgence. Les dirigeants des pompiers et des services m\u00e9dicaux d\u2019urgence de DC ont assist\u00e9 \u00e0 l\u2019annonce avec la classe de recrues actuelle du service, et les services d\u2019incendie et de sauvetage de Fairfax (VA) se sont joints \u00e0 l\u2019\u00e9v\u00e9nement avec les membres de leur programme de cadets du secondaire.   <\/p>\n<\/div><div class=\"wp-block-paragraph \">\n<p>\u00ab Avec les chefs des pompiers, nous avons lanc\u00e9 ce concept pour rehausser les rangs du service d\u2019incendie am\u00e9ricain \u00bb, a d\u00e9clar\u00e9 Kelly.  <\/p>\n<\/div><div class=\"wp-block-paragraph \">\n<p>Avec l\u2019annonce, l\u2019AIP sera maintenant en mesure de mieux coordonner les programmes d\u2019apprentissage de l\u2019\u00c9tat pr\u00e9c\u00e9demment existants pour le personnel des services d\u2019incendie et des services m\u00e9dicaux d\u2019urgence dans le cadre de leur enregistrement f\u00e9d\u00e9ral, \u00e9largissant ainsi le soutien f\u00e9d\u00e9ral et les possibilit\u00e9s de financement pour ces affili\u00e9s.  <\/p>\n<\/div>\n<figure class=\"wp-block-pullquote\"><blockquote><p>\u00c0 maintes reprises, l\u2019AIP a d\u00e9montr\u00e9 un engagement ferme \u00e0 faire progresser les droits, la s\u00e9curit\u00e9 et l\u2019avenir des pompiers, des travailleurs m\u00e9dicaux d\u2019urgence et des secouristes.<\/p><cite>La secr\u00e9taire am\u00e9ricaine au Travail, Lori Chavez-DeRemer<\/cite><\/blockquote><\/figure>\n<div class=\"wp-block-paragraph \">\n<p>Le programme collaborera \u00e9galement avec les minist\u00e8res des Anciens Combattants (VA) et de la D\u00e9fense (DOD) pour aider le personnel militaire en transition \u00e0 commencer une carri\u00e8re dans le service d\u2019incendie en offrant des possibilit\u00e9s par l\u2019interm\u00e9diaire de SkillBridge, des programmes de comp\u00e9tences professionnelles et d\u2019initiatives connexes.  <\/p>\n<\/div><div class=\"wp-block-paragraph \">\n<p>La p\u00e9nurie de pompiers et de travailleurs m\u00e9dicaux d\u2019urgence a \u00e9t\u00e9 une pr\u00e9occupation importante pour les services \u00e0 travers le pays. Les services d\u2019incendie \u2013 en particulier les petits services et les services ruraux \u2013 ont eu du mal \u00e0 recruter suffisamment d\u2019hommes et de femmes pour doter leurs \u00e9quipes, ce qui exerce plus de stress sur les pompiers et les SMU existants et entra\u00eene des taux \u00e9lev\u00e9s d\u2019\u00e9puisement professionnel et de blessures chez les premiers intervenants.   <\/p>\n<\/div><div class=\"wp-block-paragraph \">\n<p>Bien que les \u00c9tats et les localit\u00e9s aient propos\u00e9 diff\u00e9rentes options pour relever ce d\u00e9fi, le Programme d\u2019apprentissage de l\u2019AIP sera la premi\u00e8re solution nationale reconnue par le gouvernement f\u00e9d\u00e9ral visant \u00e0 augmenter directement le recrutement et le maintien en poste des pompiers.  <\/p>\n<\/div><div class=\"wp-block-paragraph \">\n<p>\u00ab Nous allons red\u00e9finir le service d\u2019incendie am\u00e9ricain gr\u00e2ce \u00e0 ce programme \u00bb, a d\u00e9clar\u00e9 Kelly.<\/p>\n<\/div>\n<figure data-wp-context=\"{&quot;imageId&quot;:&quot;69f5e105781d2&quot;}\" data-wp-interactive=\"core\/image\" data-wp-key=\"69f5e105781d2\" class=\"wp-block-image aligncenter size-large is-resized wp-lightbox-container\"><img decoding=\"async\" width=\"1024\" height=\"683\" data-wp-class--hide=\"state.isContentHidden\" data-wp-class--show=\"state.isContentVisible\" data-wp-init=\"callbacks.setButtonStyles\" data-wp-on--click=\"actions.showLightbox\" data-wp-on--load=\"callbacks.setButtonStyles\" data-wp-on-window--resize=\"callbacks.setButtonStyles\" src=\"https:\/\/www.iaff.org\/wp-content\/uploads\/2025\/04\/Group-shot-DOL-1-1024x683.jpg\" alt=\"\" class=\"wp-image-92063\" style=\"width:698px;height:auto\" srcset=\"https:\/\/www.iaff.org\/wp-content\/uploads\/2025\/04\/Group-shot-DOL-1-1024x683.jpg 1024w, https:\/\/www.iaff.org\/wp-content\/uploads\/2025\/04\/Group-shot-DOL-1-300x200.jpg 300w, https:\/\/www.iaff.org\/wp-content\/uploads\/2025\/04\/Group-shot-DOL-1-768x512.jpg 768w, https:\/\/www.iaff.org\/wp-content\/uploads\/2025\/04\/Group-shot-DOL-1-1536x1024.jpg 1536w, https:\/\/www.iaff.org\/wp-content\/uploads\/2025\/04\/Group-shot-DOL-1-2048x1365.jpg 2048w, https:\/\/www.iaff.org\/wp-content\/uploads\/2025\/04\/Group-shot-DOL-1-240x160.jpg 240w, https:\/\/www.iaff.org\/wp-content\/uploads\/2025\/04\/Group-shot-DOL-1-1200x800.jpg 1200w, https:\/\/www.iaff.org\/wp-content\/uploads\/2025\/04\/Group-shot-DOL-1-1215x810.jpg 1215w\" sizes=\"(max-width: 1024px) 100vw, 1024px\" \/><button\n\t\t\tclass=\"lightbox-trigger\"\n\t\t\ttype=\"button\"\n\t\t\taria-haspopup=\"dialog\"\n\t\t\taria-label=\"Enlarge\"\n\t\t\tdata-wp-init=\"callbacks.initTriggerButton\"\n\t\t\tdata-wp-on--click=\"actions.showLightbox\"\n\t\t\tdata-wp-style--right=\"state.imageButtonRight\"\n\t\t\tdata-wp-style--top=\"state.imageButtonTop\"\n\t\t>\n\t\t\t<svg xmlns=\"http:\/\/www.w3.org\/2000\/svg\" width=\"12\" height=\"12\" fill=\"none\" viewBox=\"0 0 12 12\">\n\t\t\t\t<path fill=\"#fff\" d=\"M2 0a2 2 0 0 0-2 2v2h1.5V2a.5.5 0 0 1 .5-.5h2V0H2Zm2 10.5H2a.5.5 0 0 1-.5-.5V8H0v2a2 2 0 0 0 2 2h2v-1.5ZM8 12v-1.5h2a.5.5 0 0 0 .5-.5V8H12v2a2 2 0 0 1-2 2H8Zm2-12a2 2 0 0 1 2 2v2h-1.5V2a.5.5 0 0 0-.5-.5H8V0h2Z\" \/>\n\t\t\t<\/svg>\n\t\t<\/button><\/figure>\n","protected":false},"featured_media":92062,"menu_order":0,"template":"","tags":[68,114],"class_list":["post-92068","news","type-news","status-publish","has-post-thumbnail","hentry","tag-formation","tag-victoires-syndicales"],"acf":[],"publishpress_future_workflow_manual_trigger":{"enabledWorkflows":[]},"_links":{"self":[{"href":"https:\/\/www.iaff.org\/fr-ca\/wp-json\/wp\/v2\/news\/92068","targetHints":{"allow":["GET"]}}],"collection":[{"href":"https:\/\/www.iaff.org\/fr-ca\/wp-json\/wp\/v2\/news"}],"about":[{"href":"https:\/\/www.iaff.org\/fr-ca\/wp-json\/wp\/v2\/types\/news"}],"version-history":[{"count":0,"href":"https:\/\/www.iaff.org\/fr-ca\/wp-json\/wp\/v2\/news\/92068\/revisions"}],"wp:featuredmedia":[{"embeddable":true,"href":"https:\/\/www.iaff.org\/fr-ca\/wp-json\/wp\/v2\/media\/92062"}],"wp:attachment":[{"href":"https:\/\/www.iaff.org\/fr-ca\/wp-json\/wp\/v2\/media?parent=92068"}],"wp:term":[{"taxonomy":"post_tag","embeddable":true,"href":"https:\/\/www.iaff.org\/fr-ca\/wp-json\/wp\/v2\/tags?post=92068"}],"curies":[{"name":"wp","href":"https:\/\/api.w.org\/{rel}","templated":true}]}}