{"id":92025,"date":"2025-04-29T16:53:07","date_gmt":"2025-04-29T20:53:07","guid":{"rendered":"https:\/\/www.iaff.org\/news\/laip-se-prepare-a-presenter-ses-priorites-legislatives-au-nouveau-parlement-canadien\/"},"modified":"2025-04-29T16:56:51","modified_gmt":"2025-04-29T20:56:51","slug":"laip-se-prepare-a-presenter-ses-priorites-legislatives-au-nouveau-parlement-canadien","status":"publish","type":"news","link":"https:\/\/www.iaff.org\/fr-ca\/news\/laip-se-prepare-a-presenter-ses-priorites-legislatives-au-nouveau-parlement-canadien\/","title":{"rendered":"L\u2019AIP se pr\u00e9pare \u00e0 pr\u00e9senter ses priorit\u00e9s l\u00e9gislatives au nouveau Parlement canadien"},"content":{"rendered":"<section\n\t class=\"page-blocks iaff-page-blocks align wp-block-acf-page-blocks\" id=\"page-blocks_block_6eab7e80e808343b918c79937ecf784b\">\n\t<div class=\"acf-innerblocks-container\">\n<div class=\"wp-block-paragraph \">\n<p>Une fois les \u00e9lections canadiennes termin\u00e9es, l\u2019AIP se pr\u00e9pare \u00e0 pr\u00e9senter ses priorit\u00e9s l\u00e9gislatives f\u00e9d\u00e9rales devant un nouveau premier ministre, un nouveau parlement et une cohorte de nouveaux d\u00e9put\u00e9s et de d\u00e9put\u00e9s de partout au pays.  <\/p>\n<\/div>\n\n<div class=\"wp-block-paragraph \">\n<p>\u00ab Les Canadiens ont pris la parole, et l\u2019AIP se r\u00e9jouit \u00e0 l\u2019id\u00e9e de veiller \u00e0 ce que les questions l\u00e9gislatives f\u00e9d\u00e9rales qui comptent le plus pour nos membres soient au c\u0153ur de leurs travaux \u00e0 la reprise du Parlement, a d\u00e9clar\u00e9 le pr\u00e9sident g\u00e9n\u00e9ral Edward Kelly.  <\/p>\n<\/div>\n\n<div class=\"wp-block-paragraph \">\n<p>\u00ab Nous sommes pr\u00eats \u00e0 travailler avec le premier ministre Carney et avec les d\u00e9put\u00e9s de tous les partis politiques qui sont pr\u00eats \u00e0 faire progresser les priorit\u00e9s l\u00e9gislatives de nos membres, comme nous l\u2019avons toujours fait. \u00bb  <\/p>\n<\/div>\n\n<div class=\"wp-block-paragraph \">\n<p>Le personnel des Op\u00e9rations canadiennes de l\u2019AIP mobilise d\u00e9j\u00e0 les fonctionnaires sur des questions telles que <a href=\"https:\/\/www.iaff.org\/fr-ca\/news\/le-gouvernement-du-canada-annonce-de-nouvelles-mesures-contre-les-spfa\/\" data-type=\"link\" data-id=\"https:\/\/www.iaff.org\/news\/government-of-canada-announces-new-actions-on-pfas\/\">l\u2019\u00e9limination des SPFA<\/a> des lieux de travail des pompiers et le <a href=\"https:\/\/www.iaff.org\/fr-ca\/news\/renforcer-sans-delai-la-reglementation-sur-la-lutte-contre-les-incendies-dans-les-aeroports-dit-laip-au-gouvernement-canadien\/\" data-type=\"link\" data-id=\"https:\/\/www.iaff.org\/news\/strengthen-airport-firefighting-regulations-without-delay-iaff-tells-canadian-government\/\">renforcement de la r\u00e9glementation canadienne sur la lutte contre les incendies dans les a\u00e9roports<\/a>.  <\/p>\n<\/div>\n\n<div class=\"wp-block-paragraph \">\n<p>L\u2019AIP pr\u00e9conise \u00e9galement des modifications au Code criminel afin de dissuader les agressions contre les pompiers et les ambulanciers param\u00e9dicaux en service. De plus, il <a href=\"https:\/\/www.iaff.org\/wp-content\/uploads\/2025\/03\/2025-Single-Exit-Position-Stmt-FR-2.pdf\" data-type=\"link\" data-id=\"https:\/\/www.iaff.org\/wp-content\/uploads\/2025\/03\/2025-Single-Exit-Position-Stmt-FR-2.pdf\">s\u2019oppose \u00e0 la conception dangereuse de l\u2019escalier \u00e0 sortie unique dans les<\/a> b\u00e2timents r\u00e9sidentiels, \u00e9galement connue sous le nom de \u00ab sortie unique \u00bb.   <\/p>\n<\/div>\n\n\n<figure class=\"wp-block-pullquote\"><blockquote><p>Nous sommes pr\u00eats \u00e0 travailler avec le premier ministre Carney et avec les d\u00e9put\u00e9s de tous les partis politiques qui sont pr\u00eats \u00e0 faire progresser les priorit\u00e9s l\u00e9gislatives de nos membres, comme nous l\u2019avons toujours fait.<\/p><cite>Pr\u00e9sident g\u00e9n\u00e9ral Edward Kelly<\/cite><\/blockquote><\/figure>\n\n\n<div class=\"wp-block-paragraph \">\n<p>La Conf\u00e9rence l\u00e9gislative canadienne annuelle du syndicat, qui a \u00e9t\u00e9 report\u00e9e \u00e0 l\u2019automne pour accueillir les \u00e9lections d\u2019avril, est pr\u00e9vue du 2 au 4 novembre 2025. Parmi les lobbies populaires les plus respect\u00e9s sur la Colline du Parlement, la conf\u00e9rence annuelle r\u00e9unira des dirigeants affili\u00e9s et des d\u00e9put\u00e9s locaux pour obtenir de l\u2019appui pour le programme l\u00e9gislatif f\u00e9d\u00e9ral de l\u2019AIP.   <\/p>\n<\/div>\n\n<div class=\"wp-block-paragraph \">\n<p>Peu apr\u00e8s le d\u00e9clenchement des \u00e9lections, l\u2019AIP a fourni aux dirigeants affili\u00e9s un guide de strat\u00e9gie \u00e9lectorale, qui contenait une foule d\u2019outils con\u00e7us pour les aider \u00e0 mobiliser les candidats locaux sur les questions de s\u00e9curit\u00e9 publique et de pompiers. Il a \u00e9galement soulign\u00e9 le bilan de chaque parti en mati\u00e8re de pompiers, de s\u00e9curit\u00e9 publique et de travail \u00e0 la Chambre des communes, tout en soulignant l\u2019approche non partisane de l\u2019AIP en mati\u00e8re d\u2019action politique.   <\/p>\n<\/div>\n\n<div class=\"wp-block-paragraph \">\n<p>De nombreux affili\u00e9s canadiens ont appuy\u00e9 des candidats aux \u00e9lections, tandis que d\u2019autres ont inform\u00e9 les candidats sur les questions de l\u2019AIP et sur le r\u00f4le de notre syndicat en tant que pompier majeur et intervenant de la s\u00e9curit\u00e9 publique au Canada.  <\/p>\n<\/div>\n<\/div><\/section>\n","protected":false},"featured_media":92029,"menu_order":0,"template":"","tags":[62,115],"class_list":["post-92025","news","type-news","status-publish","has-post-thumbnail","hentry","tag-canada-fr-ca","tag-legislation-canadienne"],"acf":[],"publishpress_future_workflow_manual_trigger":{"enabledWorkflows":[]},"_links":{"self":[{"href":"https:\/\/www.iaff.org\/fr-ca\/wp-json\/wp\/v2\/news\/92025","targetHints":{"allow":["GET"]}}],"collection":[{"href":"https:\/\/www.iaff.org\/fr-ca\/wp-json\/wp\/v2\/news"}],"about":[{"href":"https:\/\/www.iaff.org\/fr-ca\/wp-json\/wp\/v2\/types\/news"}],"version-history":[{"count":0,"href":"https:\/\/www.iaff.org\/fr-ca\/wp-json\/wp\/v2\/news\/92025\/revisions"}],"wp:featuredmedia":[{"embeddable":true,"href":"https:\/\/www.iaff.org\/fr-ca\/wp-json\/wp\/v2\/media\/92029"}],"wp:attachment":[{"href":"https:\/\/www.iaff.org\/fr-ca\/wp-json\/wp\/v2\/media?parent=92025"}],"wp:term":[{"taxonomy":"post_tag","embeddable":true,"href":"https:\/\/www.iaff.org\/fr-ca\/wp-json\/wp\/v2\/tags?post=92025"}],"curies":[{"name":"wp","href":"https:\/\/api.w.org\/{rel}","templated":true}]}}