{"id":91947,"date":"2025-04-25T16:30:13","date_gmt":"2025-04-25T20:30:13","guid":{"rendered":"https:\/\/www.iaff.org\/news\/les-pompiers-du-manitoba-se-mobilisent-pour-appuyer-une-loi-novatrice-sur-la-sante-mentale\/"},"modified":"2025-04-25T16:54:22","modified_gmt":"2025-04-25T20:54:22","slug":"les-pompiers-du-manitoba-se-mobilisent-pour-appuyer-une-loi-novatrice-sur-la-sante-mentale","status":"publish","type":"news","link":"https:\/\/www.iaff.org\/fr-ca\/news\/les-pompiers-du-manitoba-se-mobilisent-pour-appuyer-une-loi-novatrice-sur-la-sante-mentale\/","title":{"rendered":"Les pompiers du Manitoba se mobilisent pour appuyer une loi novatrice sur la sant\u00e9 mentale"},"content":{"rendered":"<section\n\t class=\"page-blocks iaff-page-blocks align wp-block-acf-page-blocks\" id=\"page-blocks_block_16a6093c998d71a526d553f0fca2565d\">\n\t<div class=\"acf-innerblocks-container\">\n<div class=\"wp-block-paragraph \">\n<p>Le 17 avril, les membres de l\u2019AIP se sont rassembl\u00e9s sur les marches de l\u2019Assembl\u00e9e l\u00e9gislative du Manitoba \u00e0 Winnipeg pour appuyer la premi\u00e8re loi du genre qui obligerait les employeurs \u00e0 pr\u00e9venir et \u00e0 traiter les blessures et les maladies psychologiques li\u00e9es au travail.<\/p>\n<\/div>\n\n<div class=\"wp-block-paragraph \">\n<p>Les pompiers du Manitoba appuient le <a href=\"https:\/\/web2.gov.mb.ca\/bills\/43-2\/b029e.php\" target=\"_blank\" rel=\"noopener\">projet de loi 29<\/a>, la Loi modifiant la Loi sur la s\u00e9curit\u00e9 et la sant\u00e9 au travail \u2013 pr\u00e9sent\u00e9 par la ministre du Travail et de l\u2019Immigration, Malaya Marcelino \u2013 qui obligerait les employeurs \u00e0 pr\u00e9venir et \u00e0 traiter de mani\u00e8re proactive les blessures et les maladies psychologiques avec le m\u00eame niveau de soin et de pr\u00e9vention que les blessures et les maladies physiques.<\/p>\n<\/div>\n\n<div class=\"wp-block-paragraph \">\n<p>L\u2019objectif du projet de loi 29 est de cr\u00e9er des \u00ab milieux de travail psychologiquement s\u00fbrs \u00bb, qui sont d\u00e9crits comme des lieux de travail \u00ab o\u00f9 le bien-\u00eatre psychologique des travailleurs est promu et o\u00f9 des mesures actives sont prises pour pr\u00e9venir les pr\u00e9judices, qu\u2019ils soient n\u00e9gligents, imprudents ou intentionnels, au bien-\u00eatre psychologique des travailleurs \u00bb.<\/p>\n<\/div>\n\n<div class=\"wp-block-paragraph \">\n<p>Le projet de loi a \u00e9t\u00e9 adopt\u00e9 en deuxi\u00e8me lecture avec 30 pompiers qui regardaient depuis la tribune et beaucoup d\u2019autres \u00e0 l\u2019ext\u00e9rieur de l\u2019Assembl\u00e9e l\u00e9gislative et attend maintenant les audiences du comit\u00e9 avant la troisi\u00e8me lecture.<\/p>\n<\/div>\n\n<div class=\"wp-block-paragraph \">\n<p>Organis\u00e9 par la section locale 867 de Winnipeg, au Manitoba, le rassemblement a \u00e9galement attir\u00e9 des membres de la section locale 1079 de Portage la Prairie, de la section locale 803 de Brandon et de la section locale I160 de Whiteshell. Les membres de la section locale 2200 de Thomspon ont \u00e9t\u00e9 forc\u00e9s d\u2019exprimer leur soutien \u00e0 distance parce que leur service manque dangereusement de personnel. <\/p>\n<\/div>\n\n<div class=\"wp-block-paragraph \">\n<p>Le pr\u00e9sident de la section locale 867 de Winnipeg, Nick Kasper, s\u2019est dit reconnaissant au gouvernement n\u00e9o-d\u00e9mocrate du Manitoba et au ministre Marcelino d\u2019avoir pr\u00e9sent\u00e9 le projet de loi 29, soulignant que la section locale a forg\u00e9 une solide relation de travail avec le gouvernement et a \u00e9t\u00e9 en mesure de contribuer \u00e0 l\u2019\u00e9laboration du projet de loi. Il a ajout\u00e9 que les pompiers s\u2019attendent \u00e0 prendre la parole lors des audiences au fur et \u00e0 mesure que le projet de loi progresse et pr\u00e9voient d\u2019avoir un si\u00e8ge au sein du groupe de travail qui donnera des conseils sur sa mise en \u0153uvre une fois adopt\u00e9. <\/p>\n<\/div>\n\n<div class=\"wp-block-paragraph \">\n<p>\u00ab Nous connaissons depuis des ann\u00e9es le risque accru de maladie et de blessures psychologiques auxquels les pompiers sont confront\u00e9s. Nous avons v\u00e9cu ce bilan ici \u00e0 Winnipeg avec un certain nombre de pertes r\u00e9centes \u00bb, a d\u00e9clar\u00e9 Kasper. \u00ab L\u2019incorporation du projet de loi 29 \u00e0 la Loi sur la s\u00e9curit\u00e9 et la sant\u00e9 au travail fournira un cadre et une feuille de route pour \u00e9liminer un certain nombre de ces risques. \u00bb <\/p>\n<\/div>\n\n<div class=\"wp-block-paragraph \">\n<p>En plaidant en faveur du projet de loi 29, les pompiers soulignent les r\u00e9sultats d\u2019un r\u00e9cent sondage sur la s\u00e9curit\u00e9 et la sant\u00e9 psychologiques aupr\u00e8s de 997 membres de la section locale 867 de Winnipeg qui a donn\u00e9 des r\u00e9sultats surprenants : 98,1% croient que l\u2019\u00e9puisement professionnel est une pr\u00e9occupation grave ou importante et que les exigences professionnelles menacent leur sant\u00e9 psychologique. Le sondage a \u00e9galement r\u00e9v\u00e9l\u00e9 que 98,3% ont d\u00e9clar\u00e9 que leur vie familiale souffrait du stress li\u00e9 au travail et \u00e0 la vie personnelle. <\/p>\n<\/div>\n\n\n<figure class=\"wp-block-pullquote\"><blockquote><p>Nous connaissons depuis des ann\u00e9es le risque accru de maladies et de blessures psychologiques auxquels les pompiers sont confront\u00e9s. Nous avons v\u00e9cu ce bilan de premi\u00e8re main ici \u00e0 Winnipeg avec un certain nombre de pertes r\u00e9centes. L\u2019incorporation du projet de loi 29 \u00e0 la Loi sur la s\u00e9curit\u00e9 et l\u2019hygi\u00e8ne du travail fournira un cadre et une feuille de route pour \u00e9liminer un certain nombre de ces risques.  <\/p><cite>Nick Kasper, pr\u00e9sident de la section locale 867 de Winnipeg<\/cite><\/blockquote><\/figure>\n\n\n<div class=\"wp-block-paragraph \">\n<p>Le rassemblement a eu une signification suppl\u00e9mentaire pour les pompiers alors qu\u2019ils marquaient le premier anniversaire du d\u00e9c\u00e8s dans l\u2019exercice de ses fonctions du pompier de Winnipeg Preston Heinbigner, qui a perdu la vie \u00e0 la suite de blessures psychologiques en avril 2024, et a montr\u00e9 son soutien \u00e0 sa femme Shayda, \u00e0 leurs enfants Oslo et Olympia et \u00e0 ses parents Robert et Elaine.<\/p>\n<\/div>\n\n<div class=\"wp-block-paragraph \">\n<p>\u00ab Nous continuons d\u2019\u00eatre \u00e0 leurs c\u00f4t\u00e9s alors qu\u2019ils naviguent dans la vie sans leur mari, leur p\u00e8re et leur fils bien-aim\u00e9s \u00bb, a d\u00e9clar\u00e9 Kasper.<\/p>\n<\/div>\n\n<div class=\"wp-block-paragraph \">\n<p>Le pr\u00e9sident de l\u2019Association des pompiers professionnels du Manitoba (MPFFA), Chris Perry, qui a assist\u00e9 au rassemblement du 17 avril, a qualifi\u00e9 le projet de loi 29 de pas en avant dans la protection de la sant\u00e9 mentale et du bien-\u00eatre des pompiers et des ambulanciers param\u00e9dicaux du Manitoba, affirmant que pour la premi\u00e8re fois, il existe une loi qui reconna\u00eet vraiment le fardeau psychologique de leur travail.<\/p>\n<\/div>\n\n<div class=\"wp-block-paragraph \">\n<p>\u00ab Nos membres sont confront\u00e9s \u00e0 des traumatismes inimaginables chaque jour, et ce projet de loi garantit qu\u2019ils n\u2019auront pas \u00e0 se battre pour obtenir la reconnaissance ou le soutien lorsqu\u2019ils en ont le plus besoin \u00bb, a-t-il d\u00e9clar\u00e9. \u00ab Ce n\u2019est pas seulement un progr\u00e8s, c\u2019est un tournant pour la sant\u00e9 mentale dans les services d\u2019urgence. Nous f\u00e9licitons le gouvernement n\u00e9o-d\u00e9mocrate d\u2019avoir \u00e9cout\u00e9 nos voix et d\u2019avoir dirig\u00e9 avec courage. <\/p>\n<\/div>\n\n<div class=\"wp-block-paragraph \">\n<p>Le ministre Marcelino a \u00e9t\u00e9 cit\u00e9 dans les m\u00e9dias comme qualifiant la l\u00e9gislation de \u00ab pionni\u00e8re \u00bb, soulignant les pompiers et autres premiers intervenants qui sont r\u00e9guli\u00e8rement confront\u00e9s \u00e0 des sc\u00e8nes traumatisantes telles que des accidents mortels dans l\u2019exercice de leurs fonctions.<\/p>\n<\/div>\n\n<div class=\"wp-block-paragraph \">\n<p>\u00ab Nous savons que c\u2019est une chose n\u00e9cessaire \u00e0 faire \u00bb, a-t-elle d\u00e9clar\u00e9, ajoutant que la loi utilise la <a href=\"https:\/\/www.safemanitoba.com\/PsychologicalHealthSafety\/Pages\/CSA-Standard.aspx\" target=\"_blank\" rel=\"noopener\">d\u00e9finition de 2013 de l\u2019Association canadienne de normalisation de la s\u00e9curit\u00e9 psychologique en milieu de travail<\/a>.<\/p>\n<\/div>\n\n<div class=\"wp-block-paragraph \">\n<p>La MPFFA repr\u00e9sente 1 240 membres actifs dans cinq sections locales. Parmi les personnes \u00e9lues \u00e0 l\u2019Assembl\u00e9e l\u00e9gislative du Manitoba dans le cadre du gouvernement n\u00e9o-d\u00e9mocrate en octobre 2023 se trouvait le pompier de Winnipeg David Pankratz. <\/p>\n<\/div>\n<\/div><\/section>\n\n<figure class=\"wp-block-gallery has-nested-images columns-default is-cropped wp-block-gallery-1 is-layout-flex wp-block-gallery-is-layout-flex\">\n<figure data-wp-context=\"{&quot;imageId&quot;:&quot;69f2ca1369375&quot;}\" data-wp-interactive=\"core\/image\" data-wp-key=\"69f2ca1369375\" class=\"wp-block-image size-large wp-lightbox-container\"><img decoding=\"async\" width=\"1024\" height=\"663\" data-wp-class--hide=\"state.isContentHidden\" data-wp-class--show=\"state.isContentVisible\" data-wp-init=\"callbacks.setButtonStyles\" data-wp-on--click=\"actions.showLightbox\" data-wp-on--load=\"callbacks.setButtonStyles\" data-wp-on-window--resize=\"callbacks.setButtonStyles\" data-id=\"91937\" src=\"https:\/\/www.iaff.org\/wp-content\/uploads\/2025\/04\/IMG_2805-1024x663.jpeg\" alt=\"\" class=\"wp-image-91937\" srcset=\"https:\/\/www.iaff.org\/wp-content\/uploads\/2025\/04\/IMG_2805-1024x663.jpeg 1024w, https:\/\/www.iaff.org\/wp-content\/uploads\/2025\/04\/IMG_2805-300x194.jpeg 300w, https:\/\/www.iaff.org\/wp-content\/uploads\/2025\/04\/IMG_2805-768x497.jpeg 768w, https:\/\/www.iaff.org\/wp-content\/uploads\/2025\/04\/IMG_2805-240x155.jpeg 240w, https:\/\/www.iaff.org\/wp-content\/uploads\/2025\/04\/IMG_2805.jpeg 1231w\" sizes=\"(max-width: 1024px) 100vw, 1024px\" \/><button\n\t\t\tclass=\"lightbox-trigger\"\n\t\t\ttype=\"button\"\n\t\t\taria-haspopup=\"dialog\"\n\t\t\taria-label=\"Enlarge\"\n\t\t\tdata-wp-init=\"callbacks.initTriggerButton\"\n\t\t\tdata-wp-on--click=\"actions.showLightbox\"\n\t\t\tdata-wp-style--right=\"state.imageButtonRight\"\n\t\t\tdata-wp-style--top=\"state.imageButtonTop\"\n\t\t>\n\t\t\t<svg xmlns=\"http:\/\/www.w3.org\/2000\/svg\" width=\"12\" height=\"12\" fill=\"none\" viewBox=\"0 0 12 12\">\n\t\t\t\t<path fill=\"#fff\" d=\"M2 0a2 2 0 0 0-2 2v2h1.5V2a.5.5 0 0 1 .5-.5h2V0H2Zm2 10.5H2a.5.5 0 0 1-.5-.5V8H0v2a2 2 0 0 0 2 2h2v-1.5ZM8 12v-1.5h2a.5.5 0 0 0 .5-.5V8H12v2a2 2 0 0 1-2 2H8Zm2-12a2 2 0 0 1 2 2v2h-1.5V2a.5.5 0 0 0-.5-.5H8V0h2Z\" \/>\n\t\t\t<\/svg>\n\t\t<\/button><figcaption class=\"wp-element-caption\">Les pompiers du Manitoba se sont rassembl\u00e9s \u00e0 l\u2019Assembl\u00e9e l\u00e9gislative de la province le 17 avril pour appuyer le projet de loi 29, qui obligera les employeurs \u00e0 pr\u00e9venir et \u00e0 traiter les blessures et les maladies psychologiques. en milieu de travail. Les pompiers sont accompagn\u00e9s de la ministre Malaya Marcelino et de Robert et Elaine Heinbigner, qui ont perdu leur fils Preston des suites de blessures psychologiques en avril 2024.  <\/figcaption><\/figure>\n<\/figure>\n","protected":false},"featured_media":91936,"menu_order":0,"template":"","tags":[],"class_list":["post-91947","news","type-news","status-publish","has-post-thumbnail","hentry"],"acf":[],"publishpress_future_workflow_manual_trigger":{"enabledWorkflows":[]},"_links":{"self":[{"href":"https:\/\/www.iaff.org\/fr-ca\/wp-json\/wp\/v2\/news\/91947","targetHints":{"allow":["GET"]}}],"collection":[{"href":"https:\/\/www.iaff.org\/fr-ca\/wp-json\/wp\/v2\/news"}],"about":[{"href":"https:\/\/www.iaff.org\/fr-ca\/wp-json\/wp\/v2\/types\/news"}],"version-history":[{"count":0,"href":"https:\/\/www.iaff.org\/fr-ca\/wp-json\/wp\/v2\/news\/91947\/revisions"}],"wp:featuredmedia":[{"embeddable":true,"href":"https:\/\/www.iaff.org\/fr-ca\/wp-json\/wp\/v2\/media\/91936"}],"wp:attachment":[{"href":"https:\/\/www.iaff.org\/fr-ca\/wp-json\/wp\/v2\/media?parent=91947"}],"wp:term":[{"taxonomy":"post_tag","embeddable":true,"href":"https:\/\/www.iaff.org\/fr-ca\/wp-json\/wp\/v2\/tags?post=91947"}],"curies":[{"name":"wp","href":"https:\/\/api.w.org\/{rel}","templated":true}]}}