{"id":91596,"date":"2025-04-16T15:30:39","date_gmt":"2025-04-16T19:30:39","guid":{"rendered":"https:\/\/www.iaff.org\/news\/le-quebec-elargit-la-couverture-contre-le-cancer-pour-les-pompiers\/"},"modified":"2025-04-16T15:30:57","modified_gmt":"2025-04-16T19:30:57","slug":"le-quebec-elargit-la-couverture-contre-le-cancer-pour-les-pompiers","status":"publish","type":"news","link":"https:\/\/www.iaff.org\/fr-ca\/news\/le-quebec-elargit-la-couverture-contre-le-cancer-pour-les-pompiers\/","title":{"rendered":"Le Qu\u00e9bec \u00e9largit la couverture contre le cancer pour les pompiers"},"content":{"rendered":"<div class=\"wp-block-paragraph \">\n<p>L\u2019ajout de six nouveaux types de cancer \u00e0 la liste des cancers consid\u00e9r\u00e9s comme professionnels chez les pompiers du Qu\u00e9bec est une avanc\u00e9e bienvenue qui rapproche la province de la moyenne nationale des provinces et territoires canadiens.<\/p>\n<\/div><section\n\t class=\"page-blocks iaff-page-blocks align wp-block-acf-page-blocks\" id=\"page-blocks_block_dc1af69a999cc26fa95c66c47de8f62d\">\n\t<div class=\"acf-innerblocks-container\">\n<div class=\"wp-block-paragraph \">\n<p>Avec la couverture pr\u00e9sum\u00e9e pour le cancer du cerveau, le cancer colorectal, la leuc\u00e9mie, le cancer de l\u2019\u0153sophage, le cancer du sein et le cancer du testicule rendue officielle le 11 avril, le Qu\u00e9bec reconna\u00eet maintenant 15 types de cancer comme professionnels aux fins des indemnit\u00e9s d\u2019accident du travail.<\/p>\n<\/div>\n\n<div class=\"wp-block-paragraph \">\n<p>\u00ab Bien que nous soyons encore \u00e0 la tra\u00eene par rapport \u00e0 certaines provinces canadiennes, dont l\u2019Alberta, la Saskatchewan, l\u2019Ontario et certains territoires, le Qu\u00e9bec a fait des pas de g\u00e9ant dans ce domaine au nom de la justice et du respect de tous nos pompiers qui risquent leur vie pour sauver celle des citoyens \u00bb,<sup> a d\u00e9clar\u00e9 Chris Ross, pr\u00e9sident de la section locale 125 de Montr\u00e9al, au Qu\u00e9bec, et vice-pr\u00e9sident du 15e district.<\/sup><\/p>\n<\/div>\n\n<div class=\"wp-block-paragraph \">\n<p>M. Ross, qui a jou\u00e9 un r\u00f4le d\u00e9terminant dans la d\u00e9fense de la couverture suppl\u00e9mentaire, se dit reconnaissant envers le gouvernement du Qu\u00e9bec et en particulier envers le ministre du Travail, Jean Boulet. M. Ross ajoute qu\u2019il continuera de plaider en faveur d\u2019une couverture suppl\u00e9mentaire des maladies professionnelles pour les pompiers du Qu\u00e9bec.   <\/p>\n<\/div>\n\n<div class=\"wp-block-paragraph \">\n<p>Depuis que le Manitoba a \u00e9t\u00e9 le premier \u00e0 adopter une loi sur le cancer pr\u00e9sum\u00e9 pour les pompiers en 2002, les 13 provinces et territoires offrent maintenant cette protection, ce qui facilite l\u2019indemnisation lorsque les pompiers re\u00e7oivent un diagnostic de cancer apr\u00e8s un certain nombre d\u2019ann\u00e9es de travail. La plupart des provinces pr\u00e9voient \u00e9galement des pr\u00e9somptions pour les l\u00e9sions cardiaques et les blessures de stress post-traumatique. <\/p>\n<\/div>\n\n\n<figure class=\"wp-block-pullquote\"><blockquote><p>Le cancer est la plus grande menace \u00e0 laquelle nous sommes confront\u00e9s au travail. Nous devons faire tout ce que nous pouvons pour mettre fin \u00e0 cette \u00e9pid\u00e9mie dans le service d\u2019incendie \u2013 et jusqu\u2019\u00e0 ce jour, nous devons nous assurer que nos membres b\u00e9n\u00e9ficient des prestations dont ils ont besoin s\u2019ils d\u00e9veloppent un cancer professionnel. <\/p><cite>Pr\u00e9sident g\u00e9n\u00e9ral Edward Kelly<\/cite><\/blockquote><\/figure>\n\n\n<div class=\"wp-block-paragraph \">\n<p>La Saskatchewan r\u00e9pertorie actuellement 22 cancers dans son r\u00e9gime pr\u00e9sum\u00e9, tandis que l\u2019Alberta en comprend 20. Plusieurs autres administrations, dont l\u2019Ontario, le Manitoba, la Nouvelle-\u00c9cosse, le Yukon et Terre-Neuve-et-Labrador, couvrent 19 cancers. <\/p>\n<\/div>\n\n<div class=\"wp-block-paragraph \">\n<p>\u00ab Le cancer est la plus grande menace \u00e0 laquelle nous sommes confront\u00e9s au travail \u00bb, a d\u00e9clar\u00e9 le pr\u00e9sident g\u00e9n\u00e9ral Edward Kelly. \u00ab Nous devons faire tout ce que nous pouvons pour mettre fin \u00e0 cette \u00e9pid\u00e9mie dans le service d\u2019incendie \u2013 et jusqu\u2019\u00e0 ce jour, nous devons nous assurer que nos membres re\u00e7oivent les prestations dont ils ont besoin s\u2019ils d\u00e9veloppent un cancer professionnel. \u00bb <\/p>\n<\/div>\n\n<div class=\"wp-block-paragraph \">\n<p>L\u2019AIP repr\u00e9sente pr\u00e8s de 2 500 pompiers du Qu\u00e9bec qui sont membres de la section locale 125 de Montr\u00e9al et de la section locale 5209 de Shawinigan.<br\/><br\/><em>Des renseignements d\u00e9taill\u00e9s sur la couverture des maladies professionnelles des pompiers au Canada et aux \u00c9tats-Unis sont disponibles en ligne par l\u2019entremise de l\u2019Initiative <\/em><a href=\"https:\/\/www.iaff.org\/fr-ca\/initiative-de-presomption-de-sante\/\" target=\"_blank\" rel=\"noreferrer noopener\"><em>sur la sant\u00e9 pr\u00e9sum\u00e9e de l\u2019AIP.<\/em><\/a><em><\/em><\/p>\n<\/div>\n<\/div><\/section>\n","protected":false},"featured_media":91586,"menu_order":0,"template":"","tags":[62,88,115],"class_list":["post-91596","news","type-news","status-publish","has-post-thumbnail","hentry","tag-canada-fr-ca","tag-cancer-fr-ca","tag-legislation-canadienne"],"acf":[],"publishpress_future_workflow_manual_trigger":{"enabledWorkflows":[]},"_links":{"self":[{"href":"https:\/\/www.iaff.org\/fr-ca\/wp-json\/wp\/v2\/news\/91596","targetHints":{"allow":["GET"]}}],"collection":[{"href":"https:\/\/www.iaff.org\/fr-ca\/wp-json\/wp\/v2\/news"}],"about":[{"href":"https:\/\/www.iaff.org\/fr-ca\/wp-json\/wp\/v2\/types\/news"}],"version-history":[{"count":0,"href":"https:\/\/www.iaff.org\/fr-ca\/wp-json\/wp\/v2\/news\/91596\/revisions"}],"wp:featuredmedia":[{"embeddable":true,"href":"https:\/\/www.iaff.org\/fr-ca\/wp-json\/wp\/v2\/media\/91586"}],"wp:attachment":[{"href":"https:\/\/www.iaff.org\/fr-ca\/wp-json\/wp\/v2\/media?parent=91596"}],"wp:term":[{"taxonomy":"post_tag","embeddable":true,"href":"https:\/\/www.iaff.org\/fr-ca\/wp-json\/wp\/v2\/tags?post=91596"}],"curies":[{"name":"wp","href":"https:\/\/api.w.org\/{rel}","templated":true}]}}