{"id":90624,"date":"2025-03-27T11:21:10","date_gmt":"2025-03-27T15:21:10","guid":{"rendered":"https:\/\/www.iaff.org\/news\/un-membre-de-la-section-locale-61-de-charleston-poursuit-la-ville-en-represailles-pour-avoir-souleve-des-preoccupations-en-matiere-de-securite\/"},"modified":"2025-03-27T11:26:08","modified_gmt":"2025-03-27T15:26:08","slug":"un-membre-de-la-section-locale-61-de-charleston-poursuit-la-ville-en-represailles-pour-avoir-souleve-des-preoccupations-en-matiere-de-securite","status":"publish","type":"news","link":"https:\/\/www.iaff.org\/fr-ca\/news\/un-membre-de-la-section-locale-61-de-charleston-poursuit-la-ville-en-represailles-pour-avoir-souleve-des-preoccupations-en-matiere-de-securite\/","title":{"rendered":"Un membre de la section locale 61 de Charleston poursuit la ville en repr\u00e9sailles pour avoir soulev\u00e9 des pr\u00e9occupations en mati\u00e8re de s\u00e9curit\u00e9"},"content":{"rendered":"<section\n\t class=\"page-blocks iaff-page-blocks align wp-block-acf-page-blocks\" id=\"page-blocks_block_218b80185bdcff046c395a13f8c67b0f\">\n\t<div class=\"acf-innerblocks-container\">\n<div class=\"wp-block-paragraph \">\n<p>Une bataille juridique se d\u00e9roule en Caroline du Sud apr\u00e8s qu\u2019un pompier de Charleston a \u00e9t\u00e9 puni pour avoir fait part de ses pr\u00e9occupations au sujet des conditions de travail de sa station \u00e0 son syndicat.  <\/p>\n<\/div>\n\n<div class=\"wp-block-paragraph \">\n<p>Robert Tackett, un v\u00e9t\u00e9ran de 11 ans du service d\u2019incendie de Charleston et membre de la section locale 61 de l\u2019Association des pompiers de Charleston, a intent\u00e9 une poursuite en cour f\u00e9d\u00e9rale contre la ville, le chef des pompiers Dan Curia et le chef adjoint des pompiers Forrest Cockcroft, all\u00e9guant que le service a viol\u00e9 ses droits constitutionnels apr\u00e8s qu\u2019il ait soulev\u00e9 des pr\u00e9occupations en mati\u00e8re de s\u00e9curit\u00e9 au sujet de sa caserne.  <\/p>\n<\/div>\n\n<div class=\"wp-block-paragraph \">\n<p>Selon la poursuite, pendant des ann\u00e9es, les pompiers de Charleston ont fait part de leurs pr\u00e9occupations concernant la s\u00e9curit\u00e9 de leurs casernes de pompiers \u00e0 la direction du service, y compris \u00e0 la caserne d\u2019attache de Tackett, la caserne 9. L\u00e0-bas, les pompiers sont confront\u00e9s \u00e0 des fuites constantes, \u00e0 des odeurs naus\u00e9abondes, \u00e0 une chaleur excessive et \u00e0 une pr\u00e9occupation croissante concernant l\u2019exposition aux moisissures toxiques. Les frustrations ont atteint un point d\u2019\u00e9bullition en juillet 2024, lorsque Tackett et ses coll\u00e8gues ont \u00e9t\u00e9 oblig\u00e9s de dormir dans des chambres superpos\u00e9es atteignant des temp\u00e9ratures de plus de 90 degr\u00e9s.    <\/p>\n<\/div>\n\n<div class=\"wp-block-paragraph \">\n<p>Ayant le sentiment d\u2019avoir \u00e9puis\u00e9 toutes ses options, M. Tackett a port\u00e9 la question \u00e0 sa direction syndicale, qui a communiqu\u00e9 avec le minist\u00e8re pour r\u00e9gler le probl\u00e8me en son nom.  <\/p>\n<\/div>\n\n<div class=\"wp-block-paragraph \">\n<p>Apr\u00e8s que Curia ait visit\u00e9 la caserne et entendu directement Tackett et d\u2019autres personnes parler des conditions dangereuses auxquelles les pompiers \u00e9taient confront\u00e9s, Tackett a \u00e9t\u00e9 inform\u00e9, selon la poursuite, qu\u2019il serait \u00ab r\u00e9dig\u00e9 \u00bb pour \u00eatre sorti de la cha\u00eene de commandement sur la question, et qu\u2019il avait fait preuve d\u2019un \u00ab mauvais jugement \u00bb en s\u2019adressant au syndicat plut\u00f4t que de laisser le processus \u00ab se d\u00e9rouler \u00bb.  <\/p>\n<\/div>\n\n<div class=\"wp-block-paragraph \">\n<p>Neuf jours apr\u00e8s la visite, Tackett a \u00e9t\u00e9 transf\u00e9r\u00e9 \u00e0 une nouvelle caserne, la caserne 7, o\u00f9 il aurait moins d\u2019occasions de faire des heures suppl\u00e9mentaires et qui manquait d\u2019une \u00e9quipe d\u2019intervention avanc\u00e9e, bien qu\u2019il soit le plus haut expert en intervention en mati\u00e8re de mati\u00e8res dangereuses lorsqu\u2019il \u00e9tait affect\u00e9 \u00e0 la caserne 9.  <\/p>\n<\/div>\n\n<div class=\"wp-block-paragraph \">\n<p>La poursuite, qui a \u00e9t\u00e9 d\u00e9pos\u00e9e dans la division de Charleston du district de Caroline du Sud, affirme que les repr\u00e9sailles du minist\u00e8re contre Tackett ont viol\u00e9 ses droits \u00e0 la libert\u00e9 d\u2019expression et \u00e0 l\u2019adh\u00e9sion syndicale en vertu du premier amendement, et ont viol\u00e9 son droit au quatorzi\u00e8me amendement \u00e0 une proc\u00e9dure r\u00e9guli\u00e8re.  <\/p>\n<\/div>\n\n\n<figure class=\"wp-block-pullquote\"><blockquote><p>Les pompiers ont des droits, tant en tant qu\u2019employ\u00e9s qu\u2019en tant qu\u2019\u00eatres humains. Nous ne nous laisserons pas intimider par le silence sur les questions qui ont une incidence sur notre sant\u00e9 et notre s\u00e9curit\u00e9.   <\/p><cite>Le pr\u00e9sident de l\u2019Association des pompiers de Charleston, John Baker  <\/cite><\/blockquote><\/figure>\n\n\n<div class=\"wp-block-paragraph \">\n<p>La section locale 61 esp\u00e9rait r\u00e9soudre ce probl\u00e8me en coop\u00e9rant de bonne foi avec les dirigeants du minist\u00e8re. Mais apr\u00e8s que le minist\u00e8re a dit au syndicat qu\u2019il ne le reconnaissait m\u00eame pas comme un repr\u00e9sentant l\u00e9gitime de ses membres, le pr\u00e9sident John Baker savait qu\u2019ils n\u2019avaient pas d\u2019autre choix que d\u2019intenter des poursuites.   <\/p>\n<\/div>\n\n<div class=\"wp-block-paragraph \">\n<p>\u00ab Le confr\u00e8re Tackett a g\u00e9r\u00e9 cette situation comme n\u2019importe quel pompier syndical devrait le faire. Nos 295 membres m\u00e9ritent de travailler dans un lieu de travail s\u00e9curitaire et de rentrer chez eux apr\u00e8s leur quart de travail sans se soucier des impacts m\u00e9dicaux de l\u2019exposition aux moisissures toxiques ou de dormir dans une chaleur de 90 degr\u00e9s. Le minist\u00e8re est au courant de ces probl\u00e8mes depuis des ann\u00e9es et a continuellement tra\u00een\u00e9 les pieds plut\u00f4t que de les corriger \u00bb, a d\u00e9clar\u00e9 M. Baker.  <\/p>\n<\/div>\n\n<div class=\"wp-block-paragraph \">\n<p>Baker a d\u00e9clar\u00e9 qu\u2019en plus de mettre fin aux repr\u00e9sailles contre Tackett, l\u2019un des principaux objectifs de la poursuite est de montrer aux pompiers de tout le pays qu\u2019ils n\u2019ont pas \u00e0 avoir peur de d\u00e9fendre ce qui est juste.  <\/p>\n<\/div>\n\n<div class=\"wp-block-paragraph \">\n<p>\u00ab Les pompiers ont des droits, \u00e0 la fois en tant qu\u2019employ\u00e9s et en tant qu\u2019\u00eatres humains \u00bb, a-t-il d\u00e9clar\u00e9. \u00ab Nous n\u2019allons pas nous laisser intimider par le silence sur les questions qui ont une incidence sur notre sant\u00e9 et notre s\u00e9curit\u00e9. \u00bb   <\/p>\n<\/div>\n\n<div class=\"wp-block-paragraph \">\n<p>Malheureusement, le cas de Tackett n\u2019est pas rare. Les premiers intervenants des \u00c9tats-Unis font r\u00e9guli\u00e8rement l\u2019objet de mesures disciplinaires injustes lorsqu\u2019ils expriment leurs points de vue et leurs pr\u00e9occupations, m\u00eame en dehors des heures de travail.   <\/p>\n<\/div>\n\n<div class=\"wp-block-paragraph \">\n<p>\u00ab Nous avons vu trop de cas de membres de l\u2019AIP en Caroline du Sud, et dans le Sud en g\u00e9n\u00e9ral, punis pour avoir parl\u00e9 de probl\u00e8mes qui les touchent au travail. Au lieu de collaborer avec la section locale 61 pour r\u00e9pondre \u00e0 ces pr\u00e9occupations critiques en mati\u00e8re de s\u00e9curit\u00e9, le service a eu recours \u00e0 des repr\u00e9sailles pour tenter de r\u00e9duire nos membres au silence. Ces actions sont inacceptables, et je crois que le tribunal sera d\u2019accord avec nous une fois que les faits de l\u2019affaire seront entendus \u00bb, a d\u00e9clar\u00e9 le vice-pr\u00e9sident du 12e district, Walter Dix.  <\/p>\n<\/div>\n\n<div class=\"wp-block-paragraph \">\n<p>L\u2019inqui\u00e9tude constante concernant ces mesures disciplinaires injustes a amen\u00e9 l\u2019AIP \u00e0 travailler \u00e0 une solution f\u00e9d\u00e9rale \u2013 une solution qui garantirait que tous les pompiers de chaque \u00c9tat am\u00e9ricain voient leurs droits constitutionnels prot\u00e9g\u00e9s.  <\/p>\n<\/div>\n\n<div class=\"wp-block-paragraph \">\n<p>C\u2019est pourquoi l\u2019AIP appuie la <a href=\"https:\/\/www.iaff.org\/wp-content\/uploads\/2026\/02\/2026-Legislative-Issues-Book.pdf\">Loi sur la libert\u00e9 d\u2019expression des agents de la s\u00e9curit\u00e9 publique<\/a>. La l\u00e9gislation bipartisane, dirig\u00e9e par les repr\u00e9sentants Steve Cohen (D-TN) et Jefferson Van Drew (R-NJ), garantirait des protections nationales pour les pompiers, les travailleurs m\u00e9dicaux d\u2019urgence, les policiers et d\u2019autres personnes pour s\u2019exprimer librement sur des questions li\u00e9es au travail ou partager leurs opinions politiques \u00e0 titre personnel sans crainte de repr\u00e9sailles ou de repr\u00e9sailles.   <\/p>\n<\/div>\n\n\n<figure class=\"wp-block-pullquote\"><blockquote><p>Au lieu de collaborer avec la section locale 61 pour r\u00e9pondre \u00e0 ces pr\u00e9occupations critiques en mati\u00e8re de s\u00e9curit\u00e9, le service a eu recours \u00e0 des repr\u00e9sailles pour tenter de r\u00e9duire nos membres au silence. Ces actions sont inacceptables, et je crois que le tribunal sera d\u2019accord avec nous une fois que les faits de l\u2019affaire seront entendus. <\/p><cite>Le vice-pr\u00e9sident du 12e district, Walter Dix<\/cite><\/blockquote><\/figure>\n\n\n<div class=\"wp-block-paragraph \">\n<p>\u00ab Trop souvent, les pompiers sont sanctionn\u00e9s pour avoir parl\u00e9 de conditions de travail dangereuses, de faibles niveaux de personnel et de r\u00e8gles administratives lourdes qui mettent en p\u00e9ril la s\u00e9curit\u00e9 publique dans leurs communaut\u00e9s \u00bb, a d\u00e9clar\u00e9 le pr\u00e9sident g\u00e9n\u00e9ral Edward Kelly. \u00ab C\u2019est pourquoi la Loi sur la libert\u00e9 d\u2019expression des agents de s\u00e9curit\u00e9 publique est une priorit\u00e9 l\u00e9gislative absolue pour l\u2019AIP. Le Congr\u00e8s doit veiller \u00e0 ce que les pompiers des 50 \u00c9tats respectent leurs droits constitutionnels.   <\/p>\n<\/div>\n\n<div class=\"wp-block-paragraph \">\n<p>Pour exhorter le Congr\u00e8s \u00e0 soutenir le droit \u00e0 la libert\u00e9 d\u2019expression des pompiers, cliquez <a href=\"https:\/\/www.iaff.org\/fr-ca\/centre-de-plaidoyer-de-laip\/\" target=\"_blank\" rel=\"noreferrer noopener\">ici<\/a>.<\/p>\n<\/div>\n<\/div><\/section>\n<div class=\"wp-block-paragraph \">\n<p><\/p>\n<\/div>","protected":false},"featured_media":90616,"menu_order":0,"template":"","tags":[],"class_list":["post-90624","news","type-news","status-publish","has-post-thumbnail","hentry"],"acf":[],"publishpress_future_workflow_manual_trigger":{"enabledWorkflows":[]},"_links":{"self":[{"href":"https:\/\/www.iaff.org\/fr-ca\/wp-json\/wp\/v2\/news\/90624","targetHints":{"allow":["GET"]}}],"collection":[{"href":"https:\/\/www.iaff.org\/fr-ca\/wp-json\/wp\/v2\/news"}],"about":[{"href":"https:\/\/www.iaff.org\/fr-ca\/wp-json\/wp\/v2\/types\/news"}],"version-history":[{"count":0,"href":"https:\/\/www.iaff.org\/fr-ca\/wp-json\/wp\/v2\/news\/90624\/revisions"}],"wp:featuredmedia":[{"embeddable":true,"href":"https:\/\/www.iaff.org\/fr-ca\/wp-json\/wp\/v2\/media\/90616"}],"wp:attachment":[{"href":"https:\/\/www.iaff.org\/fr-ca\/wp-json\/wp\/v2\/media?parent=90624"}],"wp:term":[{"taxonomy":"post_tag","embeddable":true,"href":"https:\/\/www.iaff.org\/fr-ca\/wp-json\/wp\/v2\/tags?post=90624"}],"curies":[{"name":"wp","href":"https:\/\/api.w.org\/{rel}","templated":true}]}}