{"id":88996,"date":"2025-02-28T16:26:53","date_gmt":"2025-02-28T21:26:53","guid":{"rendered":"https:\/\/www.iaff.org\/news\/laip-etablit-les-principales-priorites-legislatives-pour-le-119e-congres\/"},"modified":"2025-09-29T15:00:19","modified_gmt":"2025-09-29T19:00:19","slug":"laip-etablit-les-principales-priorites-legislatives-pour-le-119e-congres","status":"publish","type":"news","link":"https:\/\/www.iaff.org\/fr-ca\/news\/laip-etablit-les-principales-priorites-legislatives-pour-le-119e-congres\/","title":{"rendered":"L\u2019IAFF fixe les principales priorit\u00e9s l\u00e9gislatives pour le 119e Congr\u00e8s"},"content":{"rendered":"<section\n\t class=\"page-blocks iaff-page-blocks align wp-block-acf-page-blocks\" id=\"page-blocks_block_a2778bb08882fbbbf76f421737b48fdf\">\n\t<div class=\"acf-innerblocks-container\">\n<div class=\"wp-block-paragraph \">\n<p><br\/>Alors que des centaines de pompiers et de travailleurs m\u00e9dicaux d\u2019urgence se pr\u00e9parent \u00e0 assister \u00e0 la Conf\u00e9rence l\u00e9gislative Alfred K. Whitehead de 2025 \u00e0 Washington, D.C., l\u2019AIP annonce ses principales priorit\u00e9s l\u00e9gislatives pour le 119e Congr\u00e8s.  <br\/> <br\/>Bien que le syndicat pr\u00e9conise divers projets de loi visant \u00e0 promouvoir les int\u00e9r\u00eats des pompiers, ces projets de loi seront au c\u0153ur des efforts de lobbying de la Division des affaires gouvernementales de l\u2019AIP au cours des deux prochaines ann\u00e9es.  <br\/> <br\/>S\u2019appuyant sur les victoires importantes du 118e Congr\u00e8s, y compris l\u2019adoption de la Loi sur l\u2019\u00e9quit\u00e9 de la s\u00e9curit\u00e9 sociale et de la Loi sur les subventions et la s\u00e9curit\u00e9 en mati\u00e8re d\u2019incendie, l\u2019AIP se concentre sur la r\u00e9alisation de victoires cl\u00e9s avec le Congr\u00e8s nouvellement asserment\u00e9.  <br\/> <br\/>Pour en savoir plus sur les principales priorit\u00e9s l\u00e9gislatives de l\u2019AIP, cliquez ci-dessous :  <br\/> <br\/><strong>Loi sur l\u2019hommage \u00e0 nos h\u00e9ros tomb\u00e9s au champ d\u2019honneur (H.R. 1269 \/ S. 237)  <\/strong><br\/><em>Commanditaires :<\/em> les s\u00e9nateurs Amy Klobuchar (D-MN) et Kevin Cramer (R-ND); Les repr\u00e9sentants Carlos Gimenez (R-FL) et Mary Gay Scanlon (D-PA) <br\/> <br\/>La science est claire. Le lien entre le cancer professionnel et la lutte contre les incendies est ind\u00e9niable, mais le gouvernement f\u00e9d\u00e9ral ne reconna\u00eet toujours pas les d\u00e9c\u00e8s par cancer chez les pompiers dans l\u2019exercice de leurs fonctions. Cette omission d\u00e9shonore non seulement les pompiers qui ont succomb\u00e9 au cancer qu\u2019ils ont d\u00e9velopp\u00e9 gr\u00e2ce \u00e0 leur travail, mais elle laisse \u00e9galement leurs familles sans le soutien essentiel dont elles ont besoin pendant des moments incroyablement difficiles.    <br\/> <br\/>La Loi sur l\u2019hommage \u00e0 nos h\u00e9ros tomb\u00e9s au champ d\u2019honneur reconna\u00eet les sacrifices consentis par les pompiers en incluant les d\u00e9c\u00e8s par cancer des pompiers comme d\u00e9c\u00e8s dans l\u2019exercice de leurs fonctions dans le cadre du programme d\u2019avantages sociaux pour les agents de la s\u00e9curit\u00e9 publique (PSOB), offrant ainsi des prestations de d\u00e9c\u00e8s, d\u2019\u00e9ducation et d\u2019autres avantages \u00e0 leurs survivants.  <br\/> <br\/>Approuv\u00e9 par l\u2019AIP, l\u2019Association internationale des chefs de pompiers, le Conseil national des pompiers volontaires, l\u2019Ordre fraternel de la police et d\u2019autres organisations de premiers intervenants, ce projet de loi bipartite garantirait que les sacrifices des pompiers sont d\u00fbment reconnus.  <br\/> <br\/>Pour exhorter vos membres du Congr\u00e8s \u00e0 appuyer la Loi sur l\u2019honneur, <a href=\"https:\/\/www.iaff.org\/fr-ca\/centre-de-plaidoyer-de-laip\/\" target=\"_blank\" rel=\"noreferrer noopener\">cliquez ici<\/a>.  <br\/> <\/p>\n<\/div>\n\n<div class=\"wp-block-paragraph \">\n<p><br\/><strong>Loi sur la libert\u00e9 d\u2019expression des agents de la s\u00e9curit\u00e9 publique (H.R. 1443)  <\/strong><br\/><em>Parrains : <\/em>le s\u00e9nateur Eric Schmitt (R-MO); Les repr\u00e9sentants Jeff Van Drew (R-NJ) et Steve Cohen (D-TN) <br\/> <br\/>Les pompiers, comme tous les Am\u00e9ricains, ont le droit \u00e0 la libert\u00e9 d\u2019expression en vertu du premier amendement. Cependant, de nombreux membres de l\u2019AIP ont \u00e9t\u00e9 sanctionn\u00e9s, suspendus ou m\u00eame cong\u00e9di\u00e9s pour avoir exprim\u00e9 des pr\u00e9occupations importantes au sujet de leur service concernant la dotation, l\u2019\u00e9quipement, la s\u00e9curit\u00e9 au travail, etc.   <br\/> <br\/>La loi bipartisane sur la libert\u00e9 d\u2019expression des agents de s\u00e9curit\u00e9 publique r\u00e9affirme le droit des pompiers de s\u2019exprimer sur des questions li\u00e9es au travail, comme la s\u00e9curit\u00e9 et les conditions de travail, et garantit qu\u2019ils peuvent exprimer leurs points de vue sans crainte de repr\u00e9sailles. Il indique \u00e9galement clairement que les pompiers ont le droit de parler ouvertement des politiques administratives et de partager librement leurs opinions politiques \u00e0 titre personnel. <br\/> <br\/>Cliquez <a href=\"https:\/\/www.iaff.org\/fr-ca\/centre-de-plaidoyer-de-laip\/\" target=\"_blank\" rel=\"noreferrer noopener\">ici<\/a> pour exhorter vos l\u00e9gislateurs \u00e0 soutenir le droit des pompiers \u00e0 la libert\u00e9 d\u2019expression.   <br\/> <br\/> <br\/><strong>Loi de remplacement des SPFA (en attente de r\u00e9introduction)  <\/strong><br\/><em>Commanditaires : <\/em>Debbie Dingell (D-MI) et Sam Graves (R-MO) <br\/> <br\/>En raison de la nature de leur travail, les pompiers sont r\u00e9guli\u00e8rement expos\u00e9s \u00e0 des substances canc\u00e9rig\u00e8nes toxiques provenant de la fum\u00e9e, des gaz d\u2019\u00e9chappement des voitures et m\u00eame des produits chimiques PFAS nocifs dans leur propre \u00e9quipement de protection. Les membres de l\u2019AIP risquent leur vie tous les jours au travail. Ils m\u00e9ritent d\u2019avoir un \u00e9quipement de protection qui les prot\u00e8ge et non un \u00e9quipement recouvert de produits chimiques dangereux et canc\u00e9rig\u00e8nes.    <br\/> <br\/>La Loi sur les solutions de remplacement des SPFA garantirait le financement de la recherche et du d\u00e9veloppement de la prochaine g\u00e9n\u00e9ration d\u2019\u00e9quipement de protection sans SPFA pour les pompiers. Il permet \u00e9galement de s\u2019assurer que les pompiers participent \u00e9troitement au processus de d\u00e9veloppement pour cr\u00e9er des \u00e9quipements de protection fonctionnels, s\u00fbrs et exempts de toxines nocives.   <br\/> <br\/>Le cancer professionnel est la plus grande menace pour les pompiers aujourd\u2019hui. La loi bipartisane sur les solutions de rechange aux PFAS est essentielle \u00e0 la mission de l\u2019AIP de lutter contre cette \u00e9pid\u00e9mie croissante et d\u2019assurer la s\u00e9curit\u00e9 des pompiers au service de leurs communaut\u00e9s.   <br\/> <br\/> <br\/><strong>Loi sur la coop\u00e9ration employeurs-employ\u00e9s de S\u00e9curit\u00e9 publique (en attente de r\u00e9introduction)  <\/strong><br\/><em>Commanditaires :<\/em> les repr\u00e9sentants Nikki Budzinski (D-IL) et Pete Stauber (R-MI); Le s\u00e9nateur John Hickenlooper (D-CO) et Maggie Hassan (D-NH)<br\/> <br\/>La n\u00e9gociation collective est essentielle \u00e0 la s\u00e9curit\u00e9 et au bien-\u00eatre non seulement des pompiers, mais aussi des communaut\u00e9s qu\u2019ils servent. Malheureusement, les groupes d\u2019int\u00e9r\u00eat anti-travailleurs font tout ce qu\u2019ils peuvent pour priver les pompiers de leur droit d\u2019exprimer leurs pr\u00e9occupations sur les questions li\u00e9es au milieu de travail, comme la r\u00e9mun\u00e9ration et les avantages sociaux, la s\u00e9curit\u00e9 au travail, la dotation, etc.   <br\/> <br\/>C\u2019est pourquoi l\u2019AIP est fi\u00e8re d\u2019appuyer la Loi sur la coop\u00e9ration employeur-employ\u00e9 de la S\u00e9curit\u00e9 publique. Ce projet de loi de bon sens r\u00e9affirme le droit des pompiers de se syndiquer, de n\u00e9gocier sur les conditions de travail et d\u2019\u00e9tablir des processus de r\u00e8glement des diff\u00e9rends, m\u00eame dans les \u00c9tats du \u00ab droit au travail \u00bb.   <br\/> <br\/>l\u2019AIP appuie fermement ce projet de loi bipartite visant \u00e0 prot\u00e9ger les droits des pompiers en milieu de travail et exhorte le Congr\u00e8s \u00e0 soutenir ceux qui servent nos communaut\u00e9s. <br\/> <br\/> <br\/><strong>Loi sur le financement de la sant\u00e9 des r\u00e9pondants et des survivants du 11 septembre (H.R. 1410)  <\/strong><br\/><em>Commanditaires : <\/em>les repr\u00e9sentants Andrew Garbarino (R-NY) et Jerry Nadler (D-NY); La s\u00e9natrice Kirsten Gillibrand (D-NY) <br\/> <br\/>\u00c0 la suite de la trag\u00e9die du 11 septembre, le Congr\u00e8s a mis sur pied le World Trade Center Health Program (WTCHP) pour fournir des prestations de sant\u00e9 aux premiers intervenants et aux autres survivants qui ont d\u00e9velopp\u00e9 des probl\u00e8mes de sant\u00e9 en raison des toxines lib\u00e9r\u00e9es par l\u2019effondrement du WTC. Plus de 135 000 inscrits dans les 50 \u00c9tats font partie du programme aujourd\u2019hui. Mais malheureusement, la formule de financement du programme \u00e9choue et, sans r\u00e9formes, le WTCHP ne sera plus en mesure de verser des prestations d\u2019ici 2029.    <br\/> <br\/>La loi sur la correction du financement de la sant\u00e9 des r\u00e9pondants et des survivants du 11 septembre ajusterait la formule de financement, garantissant que le WTCHP puisse continuer \u00e0 fournir des prestations jusqu\u2019en 2090. Ce projet de loi honore les sacrifices des premiers intervenants et des survivants et confirme l\u2019engagement de notre pays \u00e0 \u00ab ne jamais oublier \u00bb la bravoure de ceux qui ont risqu\u00e9 leur vie pour sauver leurs voisins et leurs coll\u00e8gues. <br\/> <br\/>Cliquez <a href=\"https:\/\/www.iaff.org\/fr-ca\/centre-de-plaidoyer-de-laip\/\" target=\"_blank\" rel=\"noreferrer noopener\">ici<\/a> pour exhorter vos membres du Congr\u00e8s \u00e0 soutenir les premiers intervenants et les survivants du 11 septembre.   <br\/> <br\/> <br\/><strong>Loi sur la pr\u00e9paration et l\u2019intervention en cas de feux de for\u00eat (en attente d\u2019introduction)  <\/strong><br\/><em>Parrains :<\/em> le repr\u00e9sentant Josh Harder (D-CA) et le s\u00e9nateur Martin Heinrich (D-NM) <br\/> <br\/>Les feux de for\u00eat deviennent rapidement l\u2019une des plus grandes menaces auxquelles sont confront\u00e9es les communaut\u00e9s am\u00e9ricaines. De Los Angeles \u00e0 Maui, en passant par le New Jersey et le Massachusetts, le taux et l\u2019intensit\u00e9 des feux de for\u00eat ne font qu\u2019augmenter aux \u00c9tats-Unis, et le Congr\u00e8s doit en faire plus pour s\u2019assurer que nos communaut\u00e9s et les pompiers qui les prot\u00e8gent sont pr\u00eats.   <br\/> <br\/>La Loi sur la pr\u00e9paration et l\u2019intervention en cas de feu de for\u00eat vise \u00e0 am\u00e9liorer la formation, l\u2019\u00e9quipement et la coordination des pompiers entre les organismes f\u00e9d\u00e9raux, \u00e9tatiques et locaux pour faire face \u00e0 la menace croissante des feux de for\u00eat. Le projet de loi rationalise \u00e9galement les interventions d\u2019urgence, r\u00e9duit les formalit\u00e9s administratives qui emp\u00eachent les pompiers f\u00e9d\u00e9raux d\u2019aider pendant les feux de for\u00eat et renforce la formation sur les incendies de for\u00eat pour les pompiers qui ne font g\u00e9n\u00e9ralement face qu\u2019\u00e0 des incendies structurels ou de v\u00e9hicules pendant leur travail normal.   <br\/> <br\/>Alors que les feux de for\u00eat continuent de ravager les communaut\u00e9s, l\u2019AIP est fi\u00e8re d\u2019appuyer cette loi sens\u00e9e qui assurera la s\u00e9curit\u00e9 des civils et des pompiers pendant ces urgences intenses.  <br\/> <br\/> <br\/><strong>Loi f\u00e9d\u00e9rale sur les familles des pompiers (H.R. 759)  <\/strong><br\/><em>Commanditaires :<\/em> Repr\u00e9sentants Gerry Connolly (D-VA) et Brian Fitzpatrick (R-PA) <br\/> <br\/>Les pompiers f\u00e9d\u00e9raux sont confront\u00e9s \u00e0 des emplois dangereux et tr\u00e8s stressants alors qu\u2019ils prot\u00e8gent nos bases militaires, nos laboratoires de recherche f\u00e9d\u00e9raux et d\u2019autres infrastructures f\u00e9d\u00e9rales cl\u00e9s. On leur demande de le faire tout en \u00e9tant oblig\u00e9s de travailler 72 heures par semaine, soit pr\u00e8s du double des heures de travail normales de l\u2019Am\u00e9ricain moyen. Cet horaire \u00e9puisant a non seulement un impact physique et \u00e9motionnel sur les pompiers f\u00e9d\u00e9raux, mais il les emp\u00eache de voir leur famille et leurs amis et d\u2019avoir le temps de se reposer et de r\u00e9cup\u00e9rer.    <br\/> <br\/>La loi bipartisane sur les familles des pompiers d\u2019abord limiterait les semaines de travail des pompiers f\u00e9d\u00e9raux \u00e0 60 heures, assurant ainsi un \u00e9quilibre plus raisonnable entre le travail et la vie personnelle pour ceux qui sont en premi\u00e8re ligne. Le projet de loi r\u00e9forme \u00e9galement les pensions f\u00e9d\u00e9rales des pompiers en incluant leurs heures suppl\u00e9mentaires compl\u00e8tes dans leurs calculs de retraite.   <br\/> <br\/>l\u2019AIP est fi\u00e8re d\u2019appuyer ce projet de loi et exhorte le Congr\u00e8s \u00e0 soutenir nos pompiers f\u00e9d\u00e9raux. <\/p>\n<\/div>\n<\/div><\/section>\n<div class=\"wp-block-paragraph \">\n<p><\/p>\n<\/div>","protected":false},"featured_media":24083,"menu_order":0,"template":"","tags":[96,61,91,82],"class_list":["post-88996","news","type-news","status-publish","has-post-thumbnail","hentry","tag-droits-des-travailleurs-et-travailleuses","tag-legislation-etatsunienne","tag-negociation-collective","tag-spfa"],"acf":[],"publishpress_future_workflow_manual_trigger":{"enabledWorkflows":[]},"_links":{"self":[{"href":"https:\/\/www.iaff.org\/fr-ca\/wp-json\/wp\/v2\/news\/88996","targetHints":{"allow":["GET"]}}],"collection":[{"href":"https:\/\/www.iaff.org\/fr-ca\/wp-json\/wp\/v2\/news"}],"about":[{"href":"https:\/\/www.iaff.org\/fr-ca\/wp-json\/wp\/v2\/types\/news"}],"version-history":[{"count":0,"href":"https:\/\/www.iaff.org\/fr-ca\/wp-json\/wp\/v2\/news\/88996\/revisions"}],"wp:featuredmedia":[{"embeddable":true,"href":"https:\/\/www.iaff.org\/fr-ca\/wp-json\/wp\/v2\/media\/24083"}],"wp:attachment":[{"href":"https:\/\/www.iaff.org\/fr-ca\/wp-json\/wp\/v2\/media?parent=88996"}],"wp:term":[{"taxonomy":"post_tag","embeddable":true,"href":"https:\/\/www.iaff.org\/fr-ca\/wp-json\/wp\/v2\/tags?post=88996"}],"curies":[{"name":"wp","href":"https:\/\/api.w.org\/{rel}","templated":true}]}}