{"id":85241,"date":"2014-09-23T20:23:56","date_gmt":"2014-09-24T00:23:56","guid":{"rendered":"https:\/\/www.iaff.org\/news\/les-pompiers-du-connecticut-appuient-malloy-pour-sa-reelection\/"},"modified":"2014-09-23T20:23:56","modified_gmt":"2014-09-24T00:23:56","slug":"les-pompiers-du-connecticut-appuient-malloy-pour-sa-reelection","status":"publish","type":"news","link":"https:\/\/www.iaff.org\/fr-ca\/news\/les-pompiers-du-connecticut-appuient-malloy-pour-sa-reelection\/","title":{"rendered":"Les pompiers du Connecticut appuient Malloy pour sa r\u00e9\u00e9lection"},"content":{"rendered":"<div class=\"pull-left\">\n<div class=\"details-parent-menu\"><\/div>\n<\/div>\n<div class=\"details-body\">\n<div class=\"col-xs-12 details-html-container\">\n<p><img decoding=\"async\" class=\"size-medium wp-image-8378 alignright\" src=\"https:\/\/www.iaff.org\/wp-content\/uploads\/2019\/05\/Malloy-for-Re-election-300x179.jpg\" alt=\"\" width=\"300\" height=\"179\">Avec Hartford, au Connecticut, la Engine Company 14 et la Ladder Company 4 en arri\u00e8re-plan, le pr\u00e9sident de l\u2019Association des pompiers professionnels en uniforme (UPFFA) du Connecticut, Pete Carozza, a annonc\u00e9 lors d\u2019une conf\u00e9rence de presse que le conseil ex\u00e9cutif de l\u2019UPFFA et ses membres ont approuv\u00e9 \u00e0 l\u2019unanimit\u00e9 la r\u00e9\u00e9lection du gouverneur Dan Malloy.<\/p>\n<p>Carozza \u00e9tait accompagn\u00e9 du secr\u00e9taire de l\u2019UPFFA, Lou DeMici, et de plusieurs membres du Connecticut.<\/p>\n<p>\u00ab Le gouverneur comprend l\u2019importance de la s\u00e9curit\u00e9 publique et il r\u00e9alise le r\u00f4le que jouent les premiers intervenants pour rendre le Connecticut et ses villes plus s\u00fbres et plus vivables \u00bb, a d\u00e9clar\u00e9 le pr\u00e9sident de l\u2019UPFFA, Pete Carozza. \u00ab Nous sommes d\u00e9termin\u00e9s \u00e0 la r\u00e9\u00e9lection du gouverneur Malloy. \u00bb <\/p>\n<p>Au cours de son mandat de gouverneur, Malloy a toujours soutenu les questions relatives aux pompiers et a travaill\u00e9 fort pour garder les pompiers au travail. Il a \u00e9galement \u00e9t\u00e9 un ami du mouvement syndical dans son ensemble, encourageant les travailleurs \u00e0 s\u2019organiser et \u00e0 n\u00e9gocier collectivement. <\/p>\n<p>Malloy dit que soutenir les pompiers et la s\u00e9curit\u00e9 publique est ce qu\u2019il y a de mieux pour l\u2019\u00c9tat, m\u00eame lorsque les fonds sont limit\u00e9s. \u00ab Je suis fier d\u2019avoir prot\u00e9g\u00e9 le financement de l\u2019\u00c9tat dont nos villes et villages avaient besoin pour garder les pompiers et les premiers intervenants au travail \u00bb, a d\u00e9clar\u00e9 Malloy. \u00ab Contrairement \u00e0 d\u2019autres \u00c9tats, nous n\u2019avons pas transf\u00e9r\u00e9 le fardeau budg\u00e9taire de l\u2019\u00c9tat au niveau local, ce qui a permis aux pompiers de tout l\u2019\u00c9tat de continuer \u00e0 assurer la s\u00e9curit\u00e9 des r\u00e9sidents. \u00bb  <\/p>\n<p>Lors des \u00e9lections de novembre, Malloy est d\u00e9fi\u00e9 par le candidat r\u00e9publicain et ancien ambassadeur des \u00c9tats-Unis en Irlande, Thomas Foley.<\/p>\n<\/div>\n<\/div>\n","protected":false},"featured_media":2401,"menu_order":0,"template":"","tags":[],"class_list":["post-85241","news","type-news","status-publish","has-post-thumbnail","hentry"],"acf":[],"publishpress_future_workflow_manual_trigger":{"enabledWorkflows":[]},"_links":{"self":[{"href":"https:\/\/www.iaff.org\/fr-ca\/wp-json\/wp\/v2\/news\/85241","targetHints":{"allow":["GET"]}}],"collection":[{"href":"https:\/\/www.iaff.org\/fr-ca\/wp-json\/wp\/v2\/news"}],"about":[{"href":"https:\/\/www.iaff.org\/fr-ca\/wp-json\/wp\/v2\/types\/news"}],"version-history":[{"count":0,"href":"https:\/\/www.iaff.org\/fr-ca\/wp-json\/wp\/v2\/news\/85241\/revisions"}],"wp:featuredmedia":[{"embeddable":true,"href":"https:\/\/www.iaff.org\/fr-ca\/wp-json\/wp\/v2\/media\/2401"}],"wp:attachment":[{"href":"https:\/\/www.iaff.org\/fr-ca\/wp-json\/wp\/v2\/media?parent=85241"}],"wp:term":[{"taxonomy":"post_tag","embeddable":true,"href":"https:\/\/www.iaff.org\/fr-ca\/wp-json\/wp\/v2\/tags?post=85241"}],"curies":[{"name":"wp","href":"https:\/\/api.w.org\/{rel}","templated":true}]}}