{"id":85239,"date":"2014-09-22T20:45:16","date_gmt":"2014-09-23T00:45:16","guid":{"rendered":"https:\/\/www.iaff.org\/news\/les-pompiers-de-winnipeg-appuient-judy-wasylycia-leis\/"},"modified":"2014-09-22T20:45:16","modified_gmt":"2014-09-23T00:45:16","slug":"les-pompiers-de-winnipeg-appuient-judy-wasylycia-leis","status":"publish","type":"news","link":"https:\/\/www.iaff.org\/fr-ca\/news\/les-pompiers-de-winnipeg-appuient-judy-wasylycia-leis\/","title":{"rendered":"Les pompiers de Winnipeg appuient Judy Wasylycia-Leis"},"content":{"rendered":"<div class=\"pull-left\">\n<div class=\"details-parent-menu\"><\/div>\n<\/div>\n<div class=\"details-body\">\n<div class=\"col-xs-12 details-html-container\">\n<p><img decoding=\"async\" class=\"size-full wp-image-8372 alignright\" src=\"https:\/\/www.iaff.org\/wp-content\/uploads\/2019\/05\/Judy-Wasylycia-Leis-2.jpg\" alt=\"\" width=\"240\" height=\"160\">Le syndicat des pompiers de Winnipeg a appuy\u00e9 la candidate \u00e0 la mairie <a href=\"https:\/\/www.judyformayor.ca\/\" target=\"_blank\" rel=\"noopener\">Judy Wasylycia-Leis<\/a>, tout en d\u00e9crivant ses adversaires comme \u00e9tant entour\u00e9s d\u2019extr\u00e9mistes de droite \u00e9troits d\u2019esprit.<\/p>\n<p>Alex Forrest, pr\u00e9sident des pompiers unis de Winnipeg, a d\u00e9clar\u00e9 que soutenir Wasylycia-Leis, c\u2019est comme retourner \u00e0 la maison pour les pompiers, qui ont soutenu ses campagnes f\u00e9d\u00e9rales et provinciales pr\u00e9c\u00e9dentes.<\/p>\n<p> Judy est la bonne candidate au bon moment \u00bb, a d\u00e9clar\u00e9 Forrest alors que lui et Wasylycia-Leis se tenaient au mus\u00e9e historique des pompiers tard lundi matin, entour\u00e9s de dizaines de pompiers portant des t-shirts jaunes de Judy.<\/p>\n<p><a href=\"https:\/\/www.winnipegfreepress.com\/local\/Firefighers-backing-Judy-W-L-275997331.html?cx_navSource=d-tiles-1\" target=\"_blank\" rel=\"noopener\">Lire la suite<\/a> &#8230;<\/p>\n<\/div>\n<\/div>\n","protected":false},"featured_media":2404,"menu_order":0,"template":"","tags":[],"class_list":["post-85239","news","type-news","status-publish","has-post-thumbnail","hentry"],"acf":[],"publishpress_future_workflow_manual_trigger":{"enabledWorkflows":[]},"_links":{"self":[{"href":"https:\/\/www.iaff.org\/fr-ca\/wp-json\/wp\/v2\/news\/85239","targetHints":{"allow":["GET"]}}],"collection":[{"href":"https:\/\/www.iaff.org\/fr-ca\/wp-json\/wp\/v2\/news"}],"about":[{"href":"https:\/\/www.iaff.org\/fr-ca\/wp-json\/wp\/v2\/types\/news"}],"version-history":[{"count":0,"href":"https:\/\/www.iaff.org\/fr-ca\/wp-json\/wp\/v2\/news\/85239\/revisions"}],"wp:featuredmedia":[{"embeddable":true,"href":"https:\/\/www.iaff.org\/fr-ca\/wp-json\/wp\/v2\/media\/2404"}],"wp:attachment":[{"href":"https:\/\/www.iaff.org\/fr-ca\/wp-json\/wp\/v2\/media?parent=85239"}],"wp:term":[{"taxonomy":"post_tag","embeddable":true,"href":"https:\/\/www.iaff.org\/fr-ca\/wp-json\/wp\/v2\/tags?post=85239"}],"curies":[{"name":"wp","href":"https:\/\/api.w.org\/{rel}","templated":true}]}}