{"id":85232,"date":"2014-09-09T19:43:26","date_gmt":"2014-09-09T23:43:26","guid":{"rendered":"https:\/\/www.iaff.org\/news\/un-survivant-du-cancer-en-floride-de-retour-au-travail\/"},"modified":"2014-09-09T19:43:26","modified_gmt":"2014-09-09T23:43:26","slug":"un-survivant-du-cancer-en-floride-de-retour-au-travail","status":"publish","type":"news","link":"https:\/\/www.iaff.org\/fr-ca\/news\/un-survivant-du-cancer-en-floride-de-retour-au-travail\/","title":{"rendered":"Un survivant du cancer en Floride de retour au travail"},"content":{"rendered":"<div class=\"pull-left\">\n<div class=\"details-parent-menu\"><\/div>\n<\/div>\n<div class=\"details-body\">\n<div class=\"col-xs-12 details-html-container\">\n<p><img decoding=\"async\" class=\"size-medium wp-image-8323 alignright\" src=\"https:\/\/www.iaff.org\/wp-content\/uploads\/2019\/05\/Florida-Cancer-Survivor-300x172.jpg\" alt=\"\" width=\"300\" height=\"172\">Le pompier de la section locale 1375 d\u2019Hollywood, en Floride, Curtis Grier, un v\u00e9t\u00e9ran de 19 ans, a re\u00e7u une nouvelle \u00e0 laquelle il ne s\u2019attendait pas en janvier 2014. On lui a diagnostiqu\u00e9 un cancer du foie et du pancr\u00e9as de stade 4. Mais avec le soutien de ses fr\u00e8res et s\u0153urs de la section locale 1375, de sa famille et de ses m\u00e9decins, Grier est de retour au service \u00e0 la caserne de pompiers 40.  <\/p>\n<p>\u00ab Curtis est l\u2019un de nos meilleurs, alors nous avons fait tout ce que nous pouvions pour aider \u00bb, a d\u00e9clar\u00e9 le pr\u00e9sident de la section locale 1375, Bill Huddleston. \u00ab Nous sommes tous soulag\u00e9s de le voir de retour au travail. \u00bb <\/p>\n<p>Le diagnostic de Grier \u00e9tait grave, mais il s\u2019est d\u00e9fendu. Il a suivi le traitement prescrit par son m\u00e9decin, a modifi\u00e9 son alimentation et chang\u00e9 sa routine d\u2019exercice. <\/p>\n<p>Pendant ce temps, la section locale 1375, sa famille et sa communaut\u00e9 se sont ralli\u00e9s \u00e0 lui. Les membres de la section locale 1375 ont travaill\u00e9 par quarts, donn\u00e9 de l\u2019argent et organis\u00e9 des collectes de fonds pour compenser le stress financier de la lutte contre le cancer. <\/p>\n<p>\u00ab Nous avons fait passer le mot \u00e0 plusieurs habitants de la Floride et \u00e0 des entreprises communautaires voisines. Beaucoup ont envoy\u00e9 des dons personnels et ont organis\u00e9 leurs propres collectes de fonds \u00bb, explique Mme Huddleston.<\/p>\n<p>Tous les efforts ont port\u00e9 leurs fruits. Apr\u00e8s avoir \u00e9t\u00e9 autoris\u00e9 par son m\u00e9decin, Grier est retourn\u00e9 au travail le 2 ao\u00fbt. Cependant, il n\u2019est pas exempt de cancer. Il continuera d\u2019\u00eatre surveill\u00e9 par son m\u00e9decin pour s\u2019assurer que ses tumeurs continuent de r\u00e9tr\u00e9cir.   <\/p>\n<\/div>\n<\/div>\n","protected":false},"featured_media":2421,"menu_order":0,"template":"","tags":[],"class_list":["post-85232","news","type-news","status-publish","has-post-thumbnail","hentry"],"acf":[],"publishpress_future_workflow_manual_trigger":{"enabledWorkflows":[]},"_links":{"self":[{"href":"https:\/\/www.iaff.org\/fr-ca\/wp-json\/wp\/v2\/news\/85232","targetHints":{"allow":["GET"]}}],"collection":[{"href":"https:\/\/www.iaff.org\/fr-ca\/wp-json\/wp\/v2\/news"}],"about":[{"href":"https:\/\/www.iaff.org\/fr-ca\/wp-json\/wp\/v2\/types\/news"}],"version-history":[{"count":0,"href":"https:\/\/www.iaff.org\/fr-ca\/wp-json\/wp\/v2\/news\/85232\/revisions"}],"wp:featuredmedia":[{"embeddable":true,"href":"https:\/\/www.iaff.org\/fr-ca\/wp-json\/wp\/v2\/media\/2421"}],"wp:attachment":[{"href":"https:\/\/www.iaff.org\/fr-ca\/wp-json\/wp\/v2\/media?parent=85232"}],"wp:term":[{"taxonomy":"post_tag","embeddable":true,"href":"https:\/\/www.iaff.org\/fr-ca\/wp-json\/wp\/v2\/tags?post=85232"}],"curies":[{"name":"wp","href":"https:\/\/api.w.org\/{rel}","templated":true}]}}