{"id":85204,"date":"2024-01-30T12:46:00","date_gmt":"2024-01-30T17:46:00","guid":{"rendered":"https:\/\/www.iaff.org\/news\/annonce-des-laureats-des-prix-des-medias-de-laip-2023\/"},"modified":"2025-09-29T14:57:37","modified_gmt":"2025-09-29T18:57:37","slug":"annonce-des-laureats-des-prix-des-medias-de-laip-2023","status":"publish","type":"news","link":"https:\/\/www.iaff.org\/fr-ca\/news\/annonce-des-laureats-des-prix-des-medias-de-laip-2023\/","title":{"rendered":"Laur\u00e9ats des prix des m\u00e9dias IAFF 2023 annonc\u00e9s"},"content":{"rendered":"<section\n\t class=\"page-blocks iaff-page-blocks align wp-block-acf-page-blocks\" id=\"page-blocks_block_dfa62ad487cbffa90159128f7bfd73dd\">\n\t<div class=\"acf-innerblocks-container\">\n<div class=\"wp-block-paragraph \">\n<p>Le concours annuel r\u00e9compense les affili\u00e9s de l\u2019AIP et les journalistes qui ont fait preuve de communications et d\u2019une couverture m\u00e9diatique exceptionnelles pour promouvoir la s\u00e9curit\u00e9 publique et l\u2019avancement du service d\u2019incendie.<\/p>\n<\/div>\n\n<div class=\"wp-block-paragraph \">\n<p>Les 39 laur\u00e9ats ci-dessous ont \u00e9t\u00e9 s\u00e9lectionn\u00e9s parmi plus de 200 candidatures et c\u00e9l\u00e8brent le mieux le travail du service d\u2019incendie, sensibilisent le public aux enjeux importants du travail et soulignent le r\u00f4le que jouent l\u2019AIP et ses membres pour assurer la s\u00e9curit\u00e9 du public. Les mises en candidature comprennent les articles publi\u00e9s entre le 1er juin 2022 et le 31 ao\u00fbt 2023. <\/p>\n<\/div>\n\n<div class=\"wp-block-paragraph \">\n<p>Les soumissions pour les Prix des m\u00e9dias 2024 seront accept\u00e9es en septembre 2024!<\/p>\n<\/div>\n\n\n<h3 class=\"wp-block-heading\">Cat\u00e9gories d\u2019affili\u00e9s<\/h3>\n\n\n\n<h4 class=\"wp-block-heading\"><strong>Meilleur bulletin ou magazine (tirage inf\u00e9rieur \u00e0 1 000)<\/strong><\/h4>\n\n\n<div class=\"wp-block-list\">\n<ul class=\"wp-block-list\">\n<li><strong>1er<\/strong> : <a href=\"https:\/\/www.iaff.org\/wp-content\/uploads\/ninja-forms\/55\/Long-Beach-Firefighters-Local-372-Kitchen-Table_entry-upload.pdf\">Long Beach Fire Fighters, Long Beach, CA Local 372<\/a><\/li>\n\n\n\n<li><strong>2e<\/strong> : <a href=\"https:\/\/www.iaff.org\/wp-content\/uploads\/ninja-forms\/55\/Local-2461-Update-Vol-4.-Issue-1_entry-upload.pdf\">Eric Lowe, section locale 2461 des pompiers du comt\u00e9 de Strathcona<\/a><\/li>\n\n\n\n<li><strong>3e<\/strong> <a href=\"https:\/\/www.iaff.org\/wp-content\/uploads\/ninja-forms\/55\/Fully-Involved-Official-Newsletter-of-IAFF-Local-964-Baltimore-Fire-Officers_entry-upload.pdf\">: Harry T. Conway Baltimore, MD, section locale 964<\/a><\/li>\n<\/ul>\n<\/div>\n\n\n<h4 class=\"wp-block-heading\"><strong>Meilleur bulletin ou magazine (tirage de plus de 1 000 exemplaires)<\/strong><\/h4>\n\n\n<div class=\"wp-block-list\">\n<ul class=\"wp-block-list\">\n<li><strong>1er<\/strong> : <a href=\"https:\/\/www.iaff.org\/wp-content\/uploads\/ninja-forms\/55\/The-Grapevine_entry-upload.pdf\">\u00c9quipe des communications de la SAPFFA San Antonio, TX Local 624<\/a><\/li>\n\n\n\n<li><strong>2e<\/strong> : <a href=\"https:\/\/www.iaff.org\/wp-content\/uploads\/ninja-forms\/55\/TEXAS-FIRE-FIGHTER_entry-upload.pdf\">John Riddle, Brandon Day et Erin Powers, Association des pompiers de l\u2019\u00c9tat du Texas<\/a><\/li>\n\n\n\n<li><strong>3e<\/strong> <a href=\"https:\/\/www.iaff.org\/wp-content\/uploads\/ninja-forms\/55\/Boston-Firefighters-Digest_entry-upload.pdf\">: Gregory Haddad, Boston, MA Local 718<\/a><\/li>\n<\/ul>\n<\/div>\n\n\n<h4 class=\"wp-block-heading\"><strong>Meilleur message de campagne politique<\/strong><\/h4>\n\n\n<div class=\"wp-block-list\">\n<ul class=\"wp-block-list\">\n<li><strong>1er<\/strong> : <a href=\"https:\/\/www.iaff.org\/wp-content\/uploads\/ninja-forms\/55\/Central-County-Fire-Rescue-Proposition-F_entry-upload.mp4\">Pompiers professionnels du comt\u00e9 central, section locale 2665<\/a><\/li>\n\n\n\n<li><strong>2e<\/strong> : <a href=\"https:\/\/www.iaff.org\/wp-content\/uploads\/ninja-forms\/55\/Traci-Park-for-Los-Angeles-City-Council-UFLAC-Independent-Expenditure-Campaign_entry-upload.mp4\">Jimmy Blackman &amp; Associates, Centro Strategies<\/a><\/li>\n\n\n\n<li><strong>3e<\/strong> : <a href=\"https:\/\/www.iaff.org\/wp-content\/uploads\/ninja-forms\/55\/La-Habra-Political-Action-Campaign-1014_entry-upload.pdf\">section locale 1014 des pompiers du comt\u00e9 de Los Angeles<\/a><\/li>\n<\/ul>\n<\/div>\n\n\n<h4 class=\"wp-block-heading\"><strong>Meilleure campagne de s\u00e9curit\u00e9 publique<\/strong><\/h4>\n\n\n<div class=\"wp-block-list\">\n<ul class=\"wp-block-list\">\n<li><strong>1er<\/strong> : <a href=\"https:\/\/www.youtube.com\/watch?v=ieqCarmkudw\" target=\"_blank\" rel=\"noopener\">II Erik Scott et Bureau de liaison communautaire de la ville de Los Angeles, CA, section locale 112<\/a><\/li>\n\n\n\n<li><strong>2e<\/strong> : <a href=\"https:\/\/www.facebook.com\/ChattFireDept\/videos\/147383534875899\" target=\"_blank\" rel=\"noopener\">Lindsey Rogers et Chattanooga, TN, section locale 820<\/a><\/li>\n\n\n\n<li><strong>3e :<\/strong> <a href=\"https:\/\/www.iaff.org\/wp-content\/uploads\/ninja-forms\/55\/Newspapers-in-Education-Professional-Fire-Fighters-of-Wisconsin-Charitable-Foundation_entry-upload.pdf\">Pompiers professionnels du Wisconsin, section locale A47<\/a><\/li>\n<\/ul>\n<\/div>\n\n\n<h4 class=\"wp-block-heading\"><strong>Meilleur projet de sensibilisation MDA<\/strong><\/h4>\n\n\n<div class=\"wp-block-list\">\n<ul class=\"wp-block-list\">\n<li><strong>1er<\/strong> : <a href=\"https:\/\/www.tiktok.com\/@iaff772.filltheboot\/video\/7271813873781558570\" target=\"_blank\" rel=\"noopener\">Comit\u00e9 MDA Bangor, ME Local 772<\/a><\/li>\n\n\n\n<li><strong>2e<\/strong> : <a href=\"https:\/\/www.iaff.org\/wp-content\/uploads\/ninja-forms\/55\/Reno-Firefighters-love-supporting-MDA_entry-upload.jpeg\">Section locale 731 des pompiers de Reno<\/a><\/li>\n<\/ul>\n<\/div>\n\n\n<h4 class=\"wp-block-heading\"><strong>Meilleure photo du Service d\u2019incendie (non publi\u00e9e auparavant) Prise par un membre de l\u2019IAFF<\/strong><\/h4>\n\n\n<div class=\"wp-block-list\">\n<ul class=\"wp-block-list\">\n<li><strong>1er<\/strong> : <a href=\"https:\/\/www.iaff.org\/wp-content\/uploads\/ninja-forms\/55\/Confidence-Building-_entry-upload.jpg\">Patrick Lancton, Beau Moreno et Paul Bivens Houston, TX Local 341<\/a><\/li>\n\n\n\n<li><strong>2nd<\/strong>:\u00a0<a href=\"https:\/\/www.iaff.org\/wp-content\/uploads\/ninja-forms\/55\/Fire-and-Lights_entry-upload-scaled.jpg\">Nathan Gavreau Strathcona County Fire Fighters Local 2461<\/a><\/li>\n\n\n\n<li><strong>3rd<\/strong>:\u00a0<a href=\"https:\/\/www.iaff.org\/wp-content\/uploads\/ninja-forms\/55\/Olean-Firefighters-Battling-House-Fire_entry-upload-scaled.jpeg\">Daniel Gonska City of Olean, NY Local 1796<\/a><\/li>\n<\/ul>\n<\/div>\n\n\n<h4 class=\"wp-block-heading\"><strong>Meilleur compte de m\u00e9dias sociaux<\/strong><\/h4>\n\n\n<div class=\"wp-block-list\">\n<ul class=\"wp-block-list\">\n<li><strong>1er<\/strong> : <a href=\"https:\/\/www.facebook.com\/SacramentoFire\/videos\/807128127087085\/?extid=CL-UNK-UNK-UNK-IOS_GK0T-GK1C&amp;ref=sharing&amp;mibextid=v7YzmG\" target=\"_blank\" rel=\"noopener\">Keith Wade et Wendy Aguilar Sacramento, CA Local 522<\/a><\/li>\n\n\n\n<li><strong>2e<\/strong> <a href=\"https:\/\/www.instagram.com\/abbotsfordfirefighters\/\" target=\"_blank\" rel=\"noopener\">: Pompiers de la section locale 2864 de l\u2019AIP<\/a><\/li>\n\n\n\n<li><strong>3e<\/strong> : <a href=\"https:\/\/www.instagram.com\/vancouverfirefighters\/?igshid=OGQ5ZDc2ODk2ZA%3D%3D\" target=\"_blank\" rel=\"noopener\">Lee Lax, Scott Rose et Rebecca McNeil Vancouver, section locale 18 de la Colombie-Britannique<\/a><\/li>\n<\/ul>\n<\/div>\n\n\n<h3 class=\"wp-block-heading\"><strong>Cat\u00e9gories de journalistes<\/strong><\/h3>\n\n\n\n<h4 class=\"wp-block-heading\"><strong>Meilleur reportage\/s\u00e9rie (imprim\u00e9)<\/strong><\/h4>\n\n\n<div class=\"wp-block-list\">\n<ul class=\"wp-block-list\">\n<li><strong>1er<\/strong> : <a href=\"https:\/\/www.cbc.ca\/news\/canada\/nova-scotia\/cape-breton-firefighters-seek-ban-on-chemicals-in-gear-and-foam-1.6873357\" target=\"_blank\" rel=\"noopener\">Tom Ayers, CBC News<\/a><\/li>\n\n\n\n<li><strong>2e<\/strong> <a href=\"https:\/\/www.sfchronicle.com\/projects\/2023\/firefighter-health\/\" target=\"_blank\" rel=\"noopener\">: Julie Johnson, Stephen Lam, Yoohyun Jung, John Blanchard et Erin Caughey San Francisco Chronicle <\/a> <sup> <\/sup><\/li>\n\n\n\n<li><strong>3e<\/strong> : <a href=\"https:\/\/advertiser-tribune.com\/news\/438261\/cancer-the-lesser-known-danger-for-firefighters\/\" target=\"_blank\" rel=\"noopener\">Kayla M. Trevino, Advertiser-Tribune<\/a><\/li>\n<\/ul>\n<\/div>\n\n\n<h4 class=\"wp-block-heading\"><strong>Meilleur report\/s\u00e9rie de nouvelles (diffusion)<\/strong><\/h4>\n\n\n<div class=\"wp-block-list\">\n<ul class=\"wp-block-list\">\n<li><strong>1er<\/strong> : <a href=\"https:\/\/www.marshallfiremap.com\/\" target=\"_blank\" rel=\"noopener\">9News \u2013 Denver, CO<\/a><\/li>\n\n\n\n<li><strong>2e<\/strong> : <a href=\"https:\/\/www.iaff.org\/wp-content\/uploads\/ninja-forms\/54\/Firefighter-Cancer-Awareness_entry-upload.mp4\">Jill Sperling, Rylee Fitzgerald et Anthony Clark, Apple Valley News Now<\/a><\/li>\n\n\n\n<li><strong>3e<\/strong> : <a href=\"https:\/\/www.iaff.org\/wp-content\/uploads\/ninja-forms\/54\/PFAS-exposure-from-firefighting-gear_entry-upload.mp4\">Sabrina Ullman, WDIO<\/a><\/li>\n<\/ul>\n<\/div>\n\n\n<h4 class=\"wp-block-heading\"><strong>Meilleur long m\u00e9trage\/s\u00e9rie (imprim\u00e9)<\/strong><\/h4>\n\n\n<div class=\"wp-block-list\">\n<ul class=\"wp-block-list\">\n<li><strong>1er<\/strong> : <a href=\"https:\/\/www.iaff.org\/wp-content\/uploads\/ninja-forms\/54\/When-a-firefighter-dies-on-duty-24-hours-of-life-and-death-for-Portland-and-Greshams-bravest_entry-upload.pdf\">Tom Hallman Jr., The Oregonian<\/a><\/li>\n\n\n\n<li><strong>2e<\/strong> : <a href=\"https:\/\/torontosun.com\/news\/local-news\/caf-firefighter-and-miss-canada-contestant-alivia-croal-does-it-all\" target=\"_blank\" rel=\"noopener\">Jane Stevenson, Toronto<\/a> Sun <sup>      <\/sup><\/li>\n\n\n\n<li><strong>3e<\/strong> : <a href=\"https:\/\/www.courant.com\/2023\/05\/24\/caitlin-clarkson-pereira-profiles-of-courage-and-cancer-firefighter-tom-jascowski-east-hartford-fire-department\/?share=r2pee3iaaaac0wen2rtt\" target=\"_blank\" rel=\"noopener\">Caitlin Clarkson Pereira Fairfield, CT, section locale 1426<\/a><\/li>\n<\/ul>\n<\/div>\n\n\n<h4 class=\"wp-block-heading\"><strong>Meilleur long m\u00e9trage\/s\u00e9rie (diffusion)<\/strong><\/h4>\n\n\n<div class=\"wp-block-list\">\n<ul class=\"wp-block-list\">\n<li><strong>1re<\/strong> : <a href=\"https:\/\/www.pbs.org\/video\/last-to-ask-7jcfv2\/#:~:text=In%20this%20special%2C%20we%20shine,%2D%2D%20of%20asking%20for%20help.\" target=\"_blank\" rel=\"noopener\">Laura Landry, WEDU PBS<\/a><\/li>\n\n\n\n<li><strong>2e<\/strong> : <a href=\"https:\/\/www.youtube.com\/watch?v=rnSdAjVaEVk\" target=\"_blank\" rel=\"noopener\">Michael Hernandez, LA CityView 35<\/a><\/li>\n\n\n\n<li><strong>3e<\/strong> : <a href=\"https:\/\/www.youtube.com\/watch?v=i7JwwYWZuFs\" target=\"_blank\" rel=\"noopener\">Jeremy Elliott et la Division de la formation du service d\u2019incendie de Little Rock, section locale 34<\/a><\/li>\n<\/ul>\n<\/div>\n\n\n<h4 class=\"wp-block-heading\"><strong>Meilleure photographie publi\u00e9e (imprim\u00e9e ou num\u00e9rique)<\/strong><\/h4>\n\n\n<div class=\"wp-block-list\">\n<ul class=\"wp-block-list\">\n<li><strong>1st<\/strong>:\u00a0<a href=\"https:\/\/www.iaff.org\/wp-content\/uploads\/ninja-forms\/54\/When-sparks-fly_entry-upload-scaled.jpg\">Glenn Duda, Firehouse Magazine<\/a><\/li>\n\n\n\n<li><strong>2nd<\/strong>:\u00a0<a href=\"https:\/\/www.iaff.org\/wp-content\/uploads\/ninja-forms\/54\/Checking-the-Gauges_entry-upload-scaled.jpg\">Dexter Dong, Sumodog<\/a><\/li>\n\n\n\n<li><strong>3e<\/strong> : <a href=\"https:\/\/www.iaff.org\/wp-content\/uploads\/ninja-forms\/54\/2-Alarm-Metal-Meltdown-%E2%80%93-Tucson-Firefighters-Battle-the-Blaze_entry-upload-1.jpg\">JD Fitzgerald, Nightclaw Media<\/a><\/li>\n<\/ul>\n<\/div>\n\n\n<h4 class=\"wp-block-heading\"><strong>Meilleure chronique, \u00e9ditorial ou article d\u2019opinion (imprim\u00e9 ou num\u00e9rique)<\/strong><\/h4>\n\n\n<div class=\"wp-block-list\">\n<ul class=\"wp-block-list\">\n<li><strong>1er<\/strong> : <a href=\"https:\/\/www.houstonchronicle.com\/opinion\/editorials\/article\/houston-firefighters-arbitration-contract-dispute-18173240.php?utm_source=marketing&amp;amp;utm_medium=copy-url-link&amp;amp;utm_campaign=article-share&amp;amp;hash=aHR0cHM6Ly93d3cuaG91c3RvbmNocm9uaWNsZS5jb20vb3Bpbmlvbi9lZGl0b3JpYWxzL2FydGljbGUvaG91c3Rvbi1maXJlZmlnaHRlcnMtYXJiaXRyYXRpb24tY29udHJhY3QtZGlzcHV0ZS0xODE3MzI0MC5waHA=&amp;amp;time=MTY5NTM5NTExOTEwMw==&amp;amp;rid=YmNmYzRmMDEtMmJjOC00NTIyLThkY2QtZWQzNDdjZDk5ZjYx&amp;amp;sharecount=MQ==\" target=\"_blank\" rel=\"noopener\">Comit\u00e9 de r\u00e9daction du Houston Chronicle<\/a><\/li>\n\n\n\n<li><strong>2e<\/strong> : <a href=\"https:\/\/www.courant.com\/2023\/05\/24\/caitlin-clarkson-pereira-profiles-of-courage-and-cancer-firefighter-tom-jascowski-east-hartford-fire-department\/?share=r2pee3iaaaac0wen2rtt\" target=\"_blank\" rel=\"noopener\">Caitlin Clarkson Pereira Fairfield, CT, section locale 1426 <\/a> <sup> <\/sup><\/li>\n<\/ul>\n<\/div>\n\n\n<h4 class=\"wp-block-heading\"><strong> <\/strong><strong>Meilleur reportage d\u2019enqu\u00eate (imprim\u00e9 ou num\u00e9rique)<\/strong><\/h4>\n\n\n<div class=\"wp-block-list\">\n<ul class=\"wp-block-list\">\n<li><strong>1er<\/strong> : <a href=\"https:\/\/www.marshallfiremap.com\/\" target=\"_blank\" rel=\"noopener\">9News \u2013 Denver, CO<\/a><\/li>\n\n\n\n<li><strong>2e<\/strong> : <a href=\"https:\/\/foxbaltimore.com\/news\/city-in-crisis\/data-shows-over-five-year-span-nearly-30-of-home-fires-in-baltimore-city-were-vacant\" target=\"_blank\" rel=\"noopener\">Maxine Streicher et Layne Blank, WBFF<\/a><\/li>\n<\/ul>\n<\/div>\n\n\n<figure class=\"wp-block-gallery has-nested-images columns-default is-cropped wp-block-gallery-1 is-layout-flex wp-block-gallery-is-layout-flex\">\n<figure class=\"wp-block-image size-large\"><img decoding=\"async\" width=\"1024\" height=\"580\" data-id=\"12416\" src=\"https:\/\/www.iaff.org\/wp-content\/uploads\/ninja-forms\/55\/Confidence-Building-_entry-upload-1024x580.jpg\" alt=\"\" class=\"wp-image-12416\" srcset=\"https:\/\/www.iaff.org\/wp-content\/uploads\/ninja-forms\/55\/Confidence-Building-_entry-upload-1024x580.jpg 1024w, https:\/\/www.iaff.org\/wp-content\/uploads\/ninja-forms\/55\/Confidence-Building-_entry-upload-300x170.jpg 300w, https:\/\/www.iaff.org\/wp-content\/uploads\/ninja-forms\/55\/Confidence-Building-_entry-upload-768x435.jpg 768w, https:\/\/www.iaff.org\/wp-content\/uploads\/ninja-forms\/55\/Confidence-Building-_entry-upload-1536x869.jpg 1536w, https:\/\/www.iaff.org\/wp-content\/uploads\/ninja-forms\/55\/Confidence-Building-_entry-upload-2048x1159.jpg 2048w, https:\/\/www.iaff.org\/wp-content\/uploads\/ninja-forms\/55\/Confidence-Building-_entry-upload-240x136.jpg 240w, https:\/\/www.iaff.org\/wp-content\/uploads\/ninja-forms\/55\/Confidence-Building-_entry-upload-1256x711.jpg 1256w\" sizes=\"(max-width: 1024px) 100vw, 1024px\" \/><figcaption class=\"wp-element-caption\"><a href=\"\/wp-content\/uploads\/ninja-forms\/55\/Confidence-Building-_entry-upload.jpg\" data-type=\"link\" data-id=\"\/wp-content\/uploads\/ninja-forms\/55\/Confidence-Building-_entry-upload.jpg\">Patrick Lancton, Beau Moreno et Paul Bivens Houston, TX, section locale 341<\/a><\/figcaption><\/figure>\n\n\n\n<figure class=\"wp-block-image size-large\"><img decoding=\"async\" width=\"1024\" height=\"757\" data-id=\"12430\" src=\"https:\/\/www.iaff.org\/wp-content\/uploads\/ninja-forms\/55\/Fire-and-Lights_entry-upload-1024x757.jpg\" alt=\"\" class=\"wp-image-12430\" srcset=\"https:\/\/www.iaff.org\/wp-content\/uploads\/ninja-forms\/55\/Fire-and-Lights_entry-upload-1024x757.jpg 1024w, https:\/\/www.iaff.org\/wp-content\/uploads\/ninja-forms\/55\/Fire-and-Lights_entry-upload-300x222.jpg 300w, https:\/\/www.iaff.org\/wp-content\/uploads\/ninja-forms\/55\/Fire-and-Lights_entry-upload-768x567.jpg 768w, https:\/\/www.iaff.org\/wp-content\/uploads\/ninja-forms\/55\/Fire-and-Lights_entry-upload-1536x1135.jpg 1536w, https:\/\/www.iaff.org\/wp-content\/uploads\/ninja-forms\/55\/Fire-and-Lights_entry-upload-2048x1513.jpg 2048w, https:\/\/www.iaff.org\/wp-content\/uploads\/ninja-forms\/55\/Fire-and-Lights_entry-upload-240x177.jpg 240w, https:\/\/www.iaff.org\/wp-content\/uploads\/ninja-forms\/55\/Fire-and-Lights_entry-upload-1083x800.jpg 1083w\" sizes=\"(max-width: 1024px) 100vw, 1024px\" \/><figcaption class=\"wp-element-caption\"><a href=\"\/wp-content\/uploads\/ninja-forms\/55\/Fire-and-Lights_entry-upload.jpg\" data-type=\"link\" data-id=\"\/wp-content\/uploads\/ninja-forms\/55\/Fire-and-Lights_entry-upload.jpg\">Nathan Gavreau, section locale 2461 des pompiers du comt\u00e9 de Strathcona<\/a><\/figcaption><\/figure>\n\n\n\n<figure class=\"wp-block-image size-large\"><img decoding=\"async\" width=\"1024\" height=\"683\" data-id=\"12498\" src=\"https:\/\/www.iaff.org\/wp-content\/uploads\/ninja-forms\/55\/Olean-Firefighters-Battling-House-Fire_entry-upload-1024x683.jpeg\" alt=\"\" class=\"wp-image-12498\" srcset=\"https:\/\/www.iaff.org\/wp-content\/uploads\/ninja-forms\/55\/Olean-Firefighters-Battling-House-Fire_entry-upload-1024x683.jpeg 1024w, https:\/\/www.iaff.org\/wp-content\/uploads\/ninja-forms\/55\/Olean-Firefighters-Battling-House-Fire_entry-upload-300x200.jpeg 300w, https:\/\/www.iaff.org\/wp-content\/uploads\/ninja-forms\/55\/Olean-Firefighters-Battling-House-Fire_entry-upload-768x512.jpeg 768w, https:\/\/www.iaff.org\/wp-content\/uploads\/ninja-forms\/55\/Olean-Firefighters-Battling-House-Fire_entry-upload-1536x1024.jpeg 1536w, https:\/\/www.iaff.org\/wp-content\/uploads\/ninja-forms\/55\/Olean-Firefighters-Battling-House-Fire_entry-upload-2048x1365.jpeg 2048w, https:\/\/www.iaff.org\/wp-content\/uploads\/ninja-forms\/55\/Olean-Firefighters-Battling-House-Fire_entry-upload-240x160.jpeg 240w, https:\/\/www.iaff.org\/wp-content\/uploads\/ninja-forms\/55\/Olean-Firefighters-Battling-House-Fire_entry-upload-1200x800.jpeg 1200w\" sizes=\"(max-width: 1024px) 100vw, 1024px\" \/><figcaption class=\"wp-element-caption\"><a href=\"\/wp-content\/uploads\/ninja-forms\/55\/Olean-Firefighters-Battling-House-Fire_entry-upload.jpeg\" data-type=\"link\" data-id=\"\/wp-content\/uploads\/ninja-forms\/55\/Olean-Firefighters-Battling-House-Fire_entry-upload.jpeg\">Daniel Gonska Ville d\u2019Olean, NY Local 1796<\/a><\/figcaption><\/figure>\n\n\n\n<figure class=\"wp-block-image size-large\"><img decoding=\"async\" width=\"683\" height=\"1024\" data-id=\"12354\" src=\"https:\/\/www.iaff.org\/wp-content\/uploads\/ninja-forms\/54\/When-sparks-fly_entry-upload-683x1024.jpg\" alt=\"\" class=\"wp-image-12354\" srcset=\"https:\/\/www.iaff.org\/wp-content\/uploads\/ninja-forms\/54\/When-sparks-fly_entry-upload-683x1024.jpg 683w, https:\/\/www.iaff.org\/wp-content\/uploads\/ninja-forms\/54\/When-sparks-fly_entry-upload-200x300.jpg 200w, https:\/\/www.iaff.org\/wp-content\/uploads\/ninja-forms\/54\/When-sparks-fly_entry-upload-768x1152.jpg 768w, https:\/\/www.iaff.org\/wp-content\/uploads\/ninja-forms\/54\/When-sparks-fly_entry-upload-1024x1536.jpg 1024w, https:\/\/www.iaff.org\/wp-content\/uploads\/ninja-forms\/54\/When-sparks-fly_entry-upload-1365x2048.jpg 1365w, https:\/\/www.iaff.org\/wp-content\/uploads\/ninja-forms\/54\/When-sparks-fly_entry-upload-160x240.jpg 160w, https:\/\/www.iaff.org\/wp-content\/uploads\/ninja-forms\/54\/When-sparks-fly_entry-upload-533x800.jpg 533w, https:\/\/www.iaff.org\/wp-content\/uploads\/ninja-forms\/54\/When-sparks-fly_entry-upload-scaled.jpg 1707w\" sizes=\"(max-width: 683px) 100vw, 683px\" \/><figcaption class=\"wp-element-caption\"><a href=\"\/wp-content\/uploads\/ninja-forms\/54\/When-sparks-fly_entry-upload.jpg\" data-type=\"link\" data-id=\"\/wp-content\/uploads\/ninja-forms\/54\/When-sparks-fly_entry-upload.jpg\">Glenn Duda, Firehouse Magazine<\/a><\/figcaption><\/figure>\n\n\n\n<figure class=\"wp-block-image size-large\"><img decoding=\"async\" width=\"1024\" height=\"683\" data-id=\"12262\" src=\"https:\/\/www.iaff.org\/wp-content\/uploads\/ninja-forms\/54\/Checking-the-Gauges_entry-upload-1024x683.jpg\" alt=\"\" class=\"wp-image-12262\" srcset=\"https:\/\/www.iaff.org\/wp-content\/uploads\/ninja-forms\/54\/Checking-the-Gauges_entry-upload-1024x683.jpg 1024w, https:\/\/www.iaff.org\/wp-content\/uploads\/ninja-forms\/54\/Checking-the-Gauges_entry-upload-300x200.jpg 300w, https:\/\/www.iaff.org\/wp-content\/uploads\/ninja-forms\/54\/Checking-the-Gauges_entry-upload-768x512.jpg 768w, https:\/\/www.iaff.org\/wp-content\/uploads\/ninja-forms\/54\/Checking-the-Gauges_entry-upload-1536x1024.jpg 1536w, https:\/\/www.iaff.org\/wp-content\/uploads\/ninja-forms\/54\/Checking-the-Gauges_entry-upload-2048x1365.jpg 2048w, https:\/\/www.iaff.org\/wp-content\/uploads\/ninja-forms\/54\/Checking-the-Gauges_entry-upload-240x160.jpg 240w, https:\/\/www.iaff.org\/wp-content\/uploads\/ninja-forms\/54\/Checking-the-Gauges_entry-upload-1200x800.jpg 1200w\" sizes=\"(max-width: 1024px) 100vw, 1024px\" \/><figcaption class=\"wp-element-caption\"><a href=\"\/wp-content\/uploads\/ninja-forms\/54\/Checking-the-Gauges_entry-upload.jpg\" data-type=\"link\" data-id=\"\/wp-content\/uploads\/ninja-forms\/54\/Checking-the-Gauges_entry-upload.jpg\">Dexter Dong, Sumodog<\/a><\/figcaption><\/figure>\n\n\n\n<figure class=\"wp-block-image size-large\"><img decoding=\"async\" data-id=\"12240\" src=\"https:\/\/www.iaff.org\/wp-content\/uploads\/ninja-forms\/54\/2-Alarm-Metal-Meltdown-%E2%80%93-Tucson-Firefighters-Battle-the-Blaze_entry-upload-1024x683.jpg\" alt=\"\" class=\"wp-image-12240\"><figcaption class=\"wp-element-caption\"><a href=\"\/wp-content\/uploads\/ninja-forms\/54\/2-Alarm-Metal-Meltdown-%E2%80%93-Tucson-Firefighters-Battle-the-Blaze_entry-upload-1.jpg\" data-type=\"link\" data-id=\"\/wp-content\/uploads\/ninja-forms\/54\/2-Alarm-Metal-Meltdown-%E2%80%93-Tucson-Firefighters-Battle-the-Blaze_entry-upload-1.jpg\">JD Fitzgerald, Nightclaw Media<\/a><\/figcaption><\/figure>\n<\/figure>\n\n<\/div><\/section>\n","protected":false},"featured_media":12263,"menu_order":0,"template":"","tags":[],"class_list":["post-85204","news","type-news","status-publish","has-post-thumbnail","hentry"],"acf":[],"publishpress_future_workflow_manual_trigger":{"enabledWorkflows":[]},"_links":{"self":[{"href":"https:\/\/www.iaff.org\/fr-ca\/wp-json\/wp\/v2\/news\/85204","targetHints":{"allow":["GET"]}}],"collection":[{"href":"https:\/\/www.iaff.org\/fr-ca\/wp-json\/wp\/v2\/news"}],"about":[{"href":"https:\/\/www.iaff.org\/fr-ca\/wp-json\/wp\/v2\/types\/news"}],"version-history":[{"count":0,"href":"https:\/\/www.iaff.org\/fr-ca\/wp-json\/wp\/v2\/news\/85204\/revisions"}],"wp:featuredmedia":[{"embeddable":true,"href":"https:\/\/www.iaff.org\/fr-ca\/wp-json\/wp\/v2\/media\/12263"}],"wp:attachment":[{"href":"https:\/\/www.iaff.org\/fr-ca\/wp-json\/wp\/v2\/media?parent=85204"}],"wp:term":[{"taxonomy":"post_tag","embeddable":true,"href":"https:\/\/www.iaff.org\/fr-ca\/wp-json\/wp\/v2\/tags?post=85204"}],"curies":[{"name":"wp","href":"https:\/\/api.w.org\/{rel}","templated":true}]}}