{"id":85200,"date":"2024-01-30T13:00:16","date_gmt":"2024-01-30T18:00:16","guid":{"rendered":"https:\/\/www.iaff.org\/news\/la-directrice-des-assurances-de-laip-fc-navigue-dans-la-couverture-dans-le-cadre-du-cancer-de-son-mari\/"},"modified":"2025-09-29T14:57:31","modified_gmt":"2025-09-29T18:57:31","slug":"la-directrice-des-assurances-de-laip-fc-navigue-dans-la-couverture-dans-le-cadre-du-cancer-de-son-mari","status":"publish","type":"news","link":"https:\/\/www.iaff.org\/fr-ca\/news\/la-directrice-des-assurances-de-laip-fc-navigue-dans-la-couverture-dans-le-cadre-du-cancer-de-son-mari\/","title":{"rendered":"La directrice des assurances de l\u2019AIP-FC navigue dans la couverture dans le cadre du cancer de son mari"},"content":{"rendered":"<section\n\t class=\"page-blocks iaff-page-blocks align wp-block-acf-page-blocks\" id=\"page-blocks_block_580d132e46402f2efaadb37942e4a91a\">\n\t<div class=\"acf-innerblocks-container\">\n<div class=\"wp-block-paragraph \">\n<p><strong>Q : Comment l\u2019assurance compl\u00e9mentaire a-t-elle aid\u00e9 votre famille apr\u00e8s le diagnostic de cancer de votre mari?<\/strong> <\/p>\n<\/div>\n\n<div class=\"wp-block-paragraph \">\n<p><strong>Un:<\/strong> Mon mari a \u00e9t\u00e9 sans emploi pendant neuf mois en raison d\u2019une invalidit\u00e9 de l\u2019\u00c9tat, ce qui a eu un impact sur les finances de notre famille. Je savais quoi faire parce que j\u2019avais conseill\u00e9 tout le monde sur ce qu\u2019il fallait faire depuis le d\u00e9but. Malgr\u00e9 ma familiarit\u00e9 avec le processus, j\u2019\u00e9tais d\u00e9pass\u00e9e.    <\/p>\n<\/div>\n\n<div class=\"wp-block-paragraph \">\n<p><strong>Q : Comment le diagnostic a-t-il affect\u00e9 votre famille?<\/strong> <\/p>\n<\/div>\n\n<div class=\"wp-block-paragraph \">\n<p><strong>Un:<\/strong> Avec deux jeunes gar\u00e7ons, l\u2019un \u00e0 la maternelle \u00e0 peine 6 ans et l\u2019autre \u00e0 3 ans, cela a ajout\u00e9 une toute nouvelle dynamique. \u00catre une femme atteinte d\u2019un cancer est un engagement de temps important. Pendant que je m\u2019occupais de mon mari, je me suis constamment battue avec la compagnie d\u2019assurance. Malgr\u00e9 les offres d\u2019aide, il a \u00e9t\u00e9 difficile d\u2019exprimer mes besoins en ce moment. L\u2019assurance compl\u00e9mentaire a fourni une lueur d\u2019espoir; Chaque d\u00e9p\u00f4t dans notre compte bancaire \u00e9tait un petit soulagement.      <\/p>\n<\/div>\n\n<div class=\"wp-block-paragraph \">\n<p><strong>Q : En tant qu\u2019\u00e9pouse d\u2019une personne ayant re\u00e7u un diagnostic de cancer, que voulez-vous que les autres sachent?<\/strong> <\/p>\n<\/div>\n\n<div class=\"wp-block-paragraph \">\n<p><strong>Un:<\/strong> Faire face au cancer ou \u00e0 toute autre situation difficile peut \u00eatre profond\u00e9ment effrayant. L\u2019incertitude quant aux prochaines \u00e9tapes aggrave la crainte. Cette assurance est un atout indispensable qui ne saurait \u00eatre surestim\u00e9, surtout face au cancer ou \u00e0 toute situation difficile.    <\/p>\n<\/div>\n\n<div class=\"wp-block-paragraph \">\n<p><strong>Q : Quel conseil donneriez-vous aux membres de l\u2019IAFF?<\/strong> <\/p>\n<\/div>\n\n<div class=\"wp-block-paragraph \">\n<p><strong>Un:<\/strong> Je travaille avec les pompiers depuis 20 ans, et je comprends qu\u2019ils veulent croire que cela ne leur arrivera pas, que cela arrivera \u00e0 quelqu\u2019un d\u2019autre. Malheureusement, les statistiques n\u2019appuient pas cette croyance. Malgr\u00e9 leur inclination \u00e0 se sentir invincible lorsqu\u2019ils sont au poste et lors d\u2019appels concernant leur sant\u00e9 et leur cancer, je les encourage \u00e0 prendre leurs finances au s\u00e9rieux. Surtout pour les pompiers qui font beaucoup d\u2019heures suppl\u00e9mentaires, si cela fait partie de leur budget familial, ils doivent s\u2019assurer qu\u2019ils prot\u00e8gent cela.     <\/p>\n<\/div>\n\n<div class=\"wp-block-paragraph \">\n<p>Pour en savoir plus sur les options d\u2019assurance compl\u00e9mentaire, cliquez sur le lien <a href=\"https:\/\/iaff-fc.com\/supplemental-insurance\/\" target=\"_blank\" rel=\"noreferrer noopener\">ici<\/a>. Pour plus de d\u00e9tails sur les autres avantages offerts par l\u2019AIP-FC, visitez le lien <a href=\"https:\/\/iaff-fc.com\/\" target=\"_blank\" rel=\"noreferrer noopener\">ici<\/a>.   <\/p>\n<\/div>\n<\/div><\/section>\n","protected":false},"featured_media":61107,"menu_order":0,"template":"","tags":[88],"class_list":["post-85200","news","type-news","status-publish","has-post-thumbnail","hentry","tag-cancer-fr-ca"],"acf":[],"publishpress_future_workflow_manual_trigger":{"enabledWorkflows":[]},"_links":{"self":[{"href":"https:\/\/www.iaff.org\/fr-ca\/wp-json\/wp\/v2\/news\/85200","targetHints":{"allow":["GET"]}}],"collection":[{"href":"https:\/\/www.iaff.org\/fr-ca\/wp-json\/wp\/v2\/news"}],"about":[{"href":"https:\/\/www.iaff.org\/fr-ca\/wp-json\/wp\/v2\/types\/news"}],"version-history":[{"count":0,"href":"https:\/\/www.iaff.org\/fr-ca\/wp-json\/wp\/v2\/news\/85200\/revisions"}],"wp:featuredmedia":[{"embeddable":true,"href":"https:\/\/www.iaff.org\/fr-ca\/wp-json\/wp\/v2\/media\/61107"}],"wp:attachment":[{"href":"https:\/\/www.iaff.org\/fr-ca\/wp-json\/wp\/v2\/media?parent=85200"}],"wp:term":[{"taxonomy":"post_tag","embeddable":true,"href":"https:\/\/www.iaff.org\/fr-ca\/wp-json\/wp\/v2\/tags?post=85200"}],"curies":[{"name":"wp","href":"https:\/\/api.w.org\/{rel}","templated":true}]}}