{"id":85191,"date":"2024-01-27T18:48:07","date_gmt":"2024-01-27T23:48:07","guid":{"rendered":"https:\/\/www.iaff.org\/news\/le-leadership-et-leducation-au-coeur-de-lalts-2024\/"},"modified":"2025-07-10T15:23:21","modified_gmt":"2025-07-10T19:23:21","slug":"le-leadership-et-leducation-au-coeur-de-lalts-2024","status":"publish","type":"news","link":"https:\/\/www.iaff.org\/fr-ca\/news\/le-leadership-et-leducation-au-coeur-de-lalts-2024\/","title":{"rendered":"Le leadership et l\u2019\u00e9ducation au c\u0153ur de l\u2019ALTS 2024"},"content":{"rendered":"<div class=\"wp-block-paragraph \">\n<p>Dans une puissante d\u00e9monstration d\u2019unit\u00e9 et de r\u00e9silience, le Sommet de formation en leadership affili\u00e9 (ALTS) et la Conf\u00e9rence sur les relations humaines (HRC) 2024 ont d\u00e9but\u00e9 \u00e0 Lake Buena Vista, en Floride, faisant \u00e9cho au message retentissant du pr\u00e9sident g\u00e9n\u00e9ral Edward Kelly lors de son introduction \u00e0 la session g\u00e9n\u00e9rale : \u00ab Quand nous nous battons, nous gagnons. \u00bb  <\/p>\n<\/div><div class=\"wp-block-paragraph \">\n<p>La conf\u00e9rence, qui se tiendra du 25 au 28 janvier, offre aux membres et aux dirigeants affili\u00e9s aux \u00c9tats-Unis et au Canada une plateforme pour partager leurs exp\u00e9riences, acqu\u00e9rir des connaissances et renforcer leur engagement envers l\u2019excellence.  <\/p>\n<\/div><div class=\"wp-block-paragraph \">\n<p>Abordant les d\u00e9fis de la profession, Kelly a soulign\u00e9 la nature impr\u00e9visible de leur travail au sein du service d\u2019incendie et du syndicat. \u00ab C\u2019est comme \u00eatre au travail. Nous ne pouvons pas choisir le feu vers lequel nous allons; Nous ne savons pas \u00e0 quoi ressemblera notre prochain appel. Nous avons un plan en t\u00eate o\u00f9 il faut s\u2019adapter, surmonter.   <\/p>\n<\/div><div class=\"wp-block-paragraph \">\n<p>Le secr\u00e9taire-tr\u00e9sorier g\u00e9n\u00e9ral Frank L\u00edma a partag\u00e9 son exp\u00e9rience de croissance au sein des services d\u2019incendie et du syndicat. \u00ab Je suis arriv\u00e9 \u00e0 l\u2019\u00e2ge de 19 ans et j\u2019ai v\u00e9cu beaucoup d\u2019incidents importants, des troubles civils \u00e0 Los Angeles en 1992 au tremblement de terre \u00e0 North Ridge. J\u2019ai fait ma carri\u00e8re en essayant d\u2019apprendre mon travail et d\u2019\u00eatre comp\u00e9tent parce que lorsque les gens regardent les leaders, ils ne veulent pas de leaders qui ne peuvent pas faire leur travail. La comp\u00e9tence est un \u00e9l\u00e9ment cl\u00e9 du leadership.   <\/p>\n<\/div><div class=\"wp-block-paragraph \">\n<p>L\u2019\u00e9ducation a occup\u00e9 le devant de la sc\u00e8ne avec de nombreux ateliers et groupes de discussion con\u00e7us pour doter les membres des connaissances et des comp\u00e9tences n\u00e9cessaires pour s\u2019\u00e9panouir dans l\u2019exercice des fonctions et en dehors. L\u2019accent a \u00e9t\u00e9 mis sur le leadership, en examinant la fa\u00e7on dont les pompiers font face aux d\u00e9fis.   <\/p>\n<\/div><div class=\"wp-block-paragraph \">\n<p>Le Prix d\u2019excellence en leadership des g\u00e9n\u00e9raux a \u00e9t\u00e9 pr\u00e9sent\u00e9 au cours de la s\u00e9ance g\u00e9n\u00e9rale, en l\u2019honneur des dirigeants de diverses r\u00e9gions, notamment les pompiers de Baltimore, le pr\u00e9sident de la section locale 964, Joshua Fannon; le pr\u00e9sident de la section locale 734 de Baltimore, MD, Matthew Coster; le pr\u00e9sident de la section locale 101 de Duluth, au Minnesota, Adam Casillas; le pr\u00e9sident de l\u2019Association des pompiers et ambulanciers professionnels de la Saskatchewan, Lloyd Zwack; le pr\u00e9sident de la section locale 314 de Salem, en Oregon, Matthew Brozovich; la pr\u00e9sidente de la section locale 1375 de Hollywood, en Floride, Alexandra Jonker; Montr\u00e9al, QB Local 125 Chris Ross; le pr\u00e9sident de la section locale 3214 de Mountain View, CO; La pr\u00e9sidente de la section locale 514 de Shreveport, en Louisiane, Barbara Sellers, le pr\u00e9sident de la section locale 2 de Chicago, en Illinois, Pat Cleary, et le pr\u00e9sident de la section locale I-66 des pompiers de Boeing, Casey Yeager.  <\/p>\n<\/div><div class=\"wp-block-paragraph \">\n<p>Kelly et Lima ont invit\u00e9 les r\u00e9cipiendaires sur sc\u00e8ne \u00e0 partager leurs histoires, leurs d\u00e9fis et leurs triomphes en tant que dirigeants syndicaux, qui allaient de la gestion du fardeau mental d\u2019un d\u00e9c\u00e8s multiple dans l\u2019exercice de leurs fonctions \u00e0 la lutte et \u00e0 la d\u00e9faite d\u2019un maire d\u00e9termin\u00e9 \u00e0 priver les pompiers de leurs avantages pour le succ\u00e8s de la couverture pr\u00e9sum\u00e9e du cancer au Canada.  <\/p>\n<\/div><div class=\"wp-block-paragraph \">\n<p>\u00ab Chaque fois que vous \u00eates confront\u00e9 \u00e0 quelque chose qui semble plus grand que la possibilit\u00e9 imaginable, sachez que l\u2019AIP est pr\u00eate \u00e0 relever ce d\u00e9fi \u00bb, a d\u00e9clar\u00e9 Barbara Sellers, pr\u00e9sidente de la section locale 514 de Shreveport, en Los Angeles, qui a travaill\u00e9 avec des experts en services juridiques, en sant\u00e9 et s\u00e9curit\u00e9 et en communications de l\u2019AIP pour fermer une caserne de pompiers qui a \u00e9t\u00e9 signal\u00e9e pour des toxines potentiellement canc\u00e9rig\u00e8nes.  <\/p>\n<\/div><div class=\"wp-block-paragraph \">\n<p>\u00ab Nous avons pr\u00eat\u00e9 un serment qui nous oblige \u00e0 risquer notre vie, et parfois cela revient \u00e0 la maison \u00bb, a d\u00e9clar\u00e9 le m\u00e9decin g\u00e9n\u00e9raliste Kelly. \u00ab Ce qui nous unit, c\u2019est que nous nous devons les uns aux autres, \u00e0 nous-m\u00eames et \u00e0 nos familles de nous prot\u00e9ger mutuellement, de rester ensemble, et c\u2019est le secret du succ\u00e8s de la mission de l\u2019AIP. \u00bb   <\/p>\n<\/div><div class=\"wp-block-paragraph \">\n<p>Le vice-pr\u00e9sident du 7e district, Ricky Walsh, a remerci\u00e9 Kelly de l\u2019avoir nomm\u00e9 pr\u00e9sident du <a href=\"https:\/\/www.iaff.org\/ehrc\/\" target=\"_blank\" rel=\"noreferrer noopener\">comit\u00e9 \u00e9lu des relations humaines.<\/a> \u00ab Nous apprenons les uns sur les autres afin de mieux vous servir et je ne pense pas que cela ait jamais \u00e9t\u00e9 fait o\u00f9 nous apprenons \u00e0 nous conna\u00eetre \u00e0 un niveau plus profond \u00bb, a-t-il d\u00e9clar\u00e9.  <\/p>\n<\/div><div class=\"wp-block-paragraph \">\n<p>Avant que les nominations au Comit\u00e9 \u00e9lu des relations humaines ne prennent la parole, Walsh a pr\u00e9sent\u00e9 la conf\u00e9renci\u00e8re principale Erin Jones, auteure du livre \u00ab Bridges to Heal US\u00a0: Stories and Strategies for Racial Healing.  <\/p>\n<\/div><div class=\"wp-block-paragraph \">\n<p>\u00ab J\u2019ai l\u2019impression qu\u2019il y a tellement de feux dans le monde en ce moment et cela peut sembler accablant, et c\u2019est ce que je mets au d\u00e9fi les gens : soyez gentils. Cela ne co\u00fbte rien \u00bb, a d\u00e9clar\u00e9 Jones.  <\/p>\n<\/div><div class=\"wp-block-paragraph \">\n<p>Pour Voir la diffusion en direct compl\u00e8te de la s\u00e9ance g\u00e9n\u00e9rale 2024 du TQ\/CDH, visitez le lien <a href=\"https:\/\/www.youtube.com\/watch?v=qgQSz5aD5kA\" target=\"_blank\" rel=\"noreferrer noopener\">ici<\/a>.  <\/p>\n<\/div>\n<figure class=\"wp-block-gallery has-nested-images columns-default wp-block-gallery-1 is-layout-flex wp-block-gallery-is-layout-flex\">\n<figure data-wp-context=\"{&quot;imageId&quot;:&quot;69ec8e0d4e262&quot;}\" data-wp-interactive=\"core\/image\" data-wp-key=\"69ec8e0d4e262\" class=\"wp-block-image size-large wp-lightbox-container\"><img decoding=\"async\" width=\"1024\" height=\"683\" data-wp-class--hide=\"state.isContentHidden\" data-wp-class--show=\"state.isContentVisible\" data-wp-init=\"callbacks.setButtonStyles\" data-wp-on--click=\"actions.showLightbox\" data-wp-on--load=\"callbacks.setButtonStyles\" data-wp-on-window--resize=\"callbacks.setButtonStyles\" data-id=\"100375\" src=\"https:\/\/www.iaff.org\/wp-content\/uploads\/2024\/01\/Ed-and-Frank-1024x683.jpg\" alt=\"\" class=\"wp-image-100375\" srcset=\"https:\/\/www.iaff.org\/wp-content\/uploads\/2024\/01\/Ed-and-Frank-1024x683.jpg 1024w, https:\/\/www.iaff.org\/wp-content\/uploads\/2024\/01\/Ed-and-Frank-300x200.jpg 300w, https:\/\/www.iaff.org\/wp-content\/uploads\/2024\/01\/Ed-and-Frank-768x512.jpg 768w, https:\/\/www.iaff.org\/wp-content\/uploads\/2024\/01\/Ed-and-Frank-240x160.jpg 240w, https:\/\/www.iaff.org\/wp-content\/uploads\/2024\/01\/Ed-and-Frank.jpg 1200w\" sizes=\"(max-width: 1024px) 100vw, 1024px\" \/><button\n\t\t\tclass=\"lightbox-trigger\"\n\t\t\ttype=\"button\"\n\t\t\taria-haspopup=\"dialog\"\n\t\t\taria-label=\"Enlarge\"\n\t\t\tdata-wp-init=\"callbacks.initTriggerButton\"\n\t\t\tdata-wp-on--click=\"actions.showLightbox\"\n\t\t\tdata-wp-style--right=\"state.imageButtonRight\"\n\t\t\tdata-wp-style--top=\"state.imageButtonTop\"\n\t\t>\n\t\t\t<svg xmlns=\"http:\/\/www.w3.org\/2000\/svg\" width=\"12\" height=\"12\" fill=\"none\" viewBox=\"0 0 12 12\">\n\t\t\t\t<path fill=\"#fff\" d=\"M2 0a2 2 0 0 0-2 2v2h1.5V2a.5.5 0 0 1 .5-.5h2V0H2Zm2 10.5H2a.5.5 0 0 1-.5-.5V8H0v2a2 2 0 0 0 2 2h2v-1.5ZM8 12v-1.5h2a.5.5 0 0 0 .5-.5V8H12v2a2 2 0 0 1-2 2H8Zm2-12a2 2 0 0 1 2 2v2h-1.5V2a.5.5 0 0 0-.5-.5H8V0h2Z\" \/>\n\t\t\t<\/svg>\n\t\t<\/button><figcaption class=\"wp-element-caption\">Le pr\u00e9sident g\u00e9n\u00e9ral Edward Kelly, Chicago, IL. Le pr\u00e9sident de la section locale 2, Pat Cleary, et le secr\u00e9taire-tr\u00e9sorier g\u00e9n\u00e9ral, Frank L\u00edma. <\/figcaption><\/figure>\n\n\n\n<figure data-wp-context=\"{&quot;imageId&quot;:&quot;69ec8e0d4ebc8&quot;}\" data-wp-interactive=\"core\/image\" data-wp-key=\"69ec8e0d4ebc8\" class=\"wp-block-image size-large wp-lightbox-container\"><img decoding=\"async\" width=\"1024\" height=\"683\" data-wp-class--hide=\"state.isContentHidden\" data-wp-class--show=\"state.isContentVisible\" data-wp-init=\"callbacks.setButtonStyles\" data-wp-on--click=\"actions.showLightbox\" data-wp-on--load=\"callbacks.setButtonStyles\" data-wp-on-window--resize=\"callbacks.setButtonStyles\" data-id=\"100379\" src=\"https:\/\/www.iaff.org\/wp-content\/uploads\/2024\/01\/Ricky-WAlsh-1024x683.jpg\" alt=\"\" class=\"wp-image-100379\" srcset=\"https:\/\/www.iaff.org\/wp-content\/uploads\/2024\/01\/Ricky-WAlsh-1024x683.jpg 1024w, https:\/\/www.iaff.org\/wp-content\/uploads\/2024\/01\/Ricky-WAlsh-300x200.jpg 300w, https:\/\/www.iaff.org\/wp-content\/uploads\/2024\/01\/Ricky-WAlsh-768x512.jpg 768w, https:\/\/www.iaff.org\/wp-content\/uploads\/2024\/01\/Ricky-WAlsh-240x160.jpg 240w, https:\/\/www.iaff.org\/wp-content\/uploads\/2024\/01\/Ricky-WAlsh.jpg 1200w\" sizes=\"(max-width: 1024px) 100vw, 1024px\" \/><button\n\t\t\tclass=\"lightbox-trigger\"\n\t\t\ttype=\"button\"\n\t\t\taria-haspopup=\"dialog\"\n\t\t\taria-label=\"Enlarge\"\n\t\t\tdata-wp-init=\"callbacks.initTriggerButton\"\n\t\t\tdata-wp-on--click=\"actions.showLightbox\"\n\t\t\tdata-wp-style--right=\"state.imageButtonRight\"\n\t\t\tdata-wp-style--top=\"state.imageButtonTop\"\n\t\t>\n\t\t\t<svg xmlns=\"http:\/\/www.w3.org\/2000\/svg\" width=\"12\" height=\"12\" fill=\"none\" viewBox=\"0 0 12 12\">\n\t\t\t\t<path fill=\"#fff\" d=\"M2 0a2 2 0 0 0-2 2v2h1.5V2a.5.5 0 0 1 .5-.5h2V0H2Zm2 10.5H2a.5.5 0 0 1-.5-.5V8H0v2a2 2 0 0 0 2 2h2v-1.5ZM8 12v-1.5h2a.5.5 0 0 0 .5-.5V8H12v2a2 2 0 0 1-2 2H8Zm2-12a2 2 0 0 1 2 2v2h-1.5V2a.5.5 0 0 0-.5-.5H8V0h2Z\" \/>\n\t\t\t<\/svg>\n\t\t<\/button><figcaption class=\"wp-element-caption\">R\u00e9cipiendaires du Prix des g\u00e9n\u00e9raux pour l\u2019excellence en leadership.<\/figcaption><\/figure>\n\n\n\n<figure data-wp-context=\"{&quot;imageId&quot;:&quot;69ec8e0d4f143&quot;}\" data-wp-interactive=\"core\/image\" data-wp-key=\"69ec8e0d4f143\" class=\"wp-block-image size-large wp-lightbox-container\"><img decoding=\"async\" width=\"1024\" height=\"683\" data-wp-class--hide=\"state.isContentHidden\" data-wp-class--show=\"state.isContentVisible\" data-wp-init=\"callbacks.setButtonStyles\" data-wp-on--click=\"actions.showLightbox\" data-wp-on--load=\"callbacks.setButtonStyles\" data-wp-on-window--resize=\"callbacks.setButtonStyles\" data-id=\"100376\" src=\"https:\/\/www.iaff.org\/wp-content\/uploads\/2024\/01\/Winners-1024x683.jpg\" alt=\"\" class=\"wp-image-100376\" srcset=\"https:\/\/www.iaff.org\/wp-content\/uploads\/2024\/01\/Winners-1024x683.jpg 1024w, https:\/\/www.iaff.org\/wp-content\/uploads\/2024\/01\/Winners-300x200.jpg 300w, https:\/\/www.iaff.org\/wp-content\/uploads\/2024\/01\/Winners-768x512.jpg 768w, https:\/\/www.iaff.org\/wp-content\/uploads\/2024\/01\/Winners-240x160.jpg 240w, https:\/\/www.iaff.org\/wp-content\/uploads\/2024\/01\/Winners.jpg 1200w\" sizes=\"(max-width: 1024px) 100vw, 1024px\" \/><button\n\t\t\tclass=\"lightbox-trigger\"\n\t\t\ttype=\"button\"\n\t\t\taria-haspopup=\"dialog\"\n\t\t\taria-label=\"Enlarge\"\n\t\t\tdata-wp-init=\"callbacks.initTriggerButton\"\n\t\t\tdata-wp-on--click=\"actions.showLightbox\"\n\t\t\tdata-wp-style--right=\"state.imageButtonRight\"\n\t\t\tdata-wp-style--top=\"state.imageButtonTop\"\n\t\t>\n\t\t\t<svg xmlns=\"http:\/\/www.w3.org\/2000\/svg\" width=\"12\" height=\"12\" fill=\"none\" viewBox=\"0 0 12 12\">\n\t\t\t\t<path fill=\"#fff\" d=\"M2 0a2 2 0 0 0-2 2v2h1.5V2a.5.5 0 0 1 .5-.5h2V0H2Zm2 10.5H2a.5.5 0 0 1-.5-.5V8H0v2a2 2 0 0 0 2 2h2v-1.5ZM8 12v-1.5h2a.5.5 0 0 0 .5-.5V8H12v2a2 2 0 0 1-2 2H8Zm2-12a2 2 0 0 1 2 2v2h-1.5V2a.5.5 0 0 0-.5-.5H8V0h2Z\" \/>\n\t\t\t<\/svg>\n\t\t<\/button><figcaption class=\"wp-element-caption\">Ricky Walsh, vice-pr\u00e9sident du 7e district, pr\u00e9sident du comit\u00e9 \u00e9lu des relations humaines.  <\/figcaption><\/figure>\n<\/figure>\n","protected":false},"featured_media":61116,"menu_order":0,"template":"","tags":[77,68],"class_list":["post-85191","news","type-news","status-publish","has-post-thumbnail","hentry","tag-evenements","tag-formation"],"acf":[],"publishpress_future_workflow_manual_trigger":{"enabledWorkflows":[]},"_links":{"self":[{"href":"https:\/\/www.iaff.org\/fr-ca\/wp-json\/wp\/v2\/news\/85191","targetHints":{"allow":["GET"]}}],"collection":[{"href":"https:\/\/www.iaff.org\/fr-ca\/wp-json\/wp\/v2\/news"}],"about":[{"href":"https:\/\/www.iaff.org\/fr-ca\/wp-json\/wp\/v2\/types\/news"}],"version-history":[{"count":0,"href":"https:\/\/www.iaff.org\/fr-ca\/wp-json\/wp\/v2\/news\/85191\/revisions"}],"wp:featuredmedia":[{"embeddable":true,"href":"https:\/\/www.iaff.org\/fr-ca\/wp-json\/wp\/v2\/media\/61116"}],"wp:attachment":[{"href":"https:\/\/www.iaff.org\/fr-ca\/wp-json\/wp\/v2\/media?parent=85191"}],"wp:term":[{"taxonomy":"post_tag","embeddable":true,"href":"https:\/\/www.iaff.org\/fr-ca\/wp-json\/wp\/v2\/tags?post=85191"}],"curies":[{"name":"wp","href":"https:\/\/api.w.org\/{rel}","templated":true}]}}