{"id":85162,"date":"2023-11-30T22:39:47","date_gmt":"2023-12-01T03:39:47","guid":{"rendered":"https:\/\/www.iaff.org\/news\/labrogation-des-credits-compensatoires-de-securite-sociale-wep-et-gpo-prend-de-lampleur\/"},"modified":"2025-09-29T15:07:08","modified_gmt":"2025-09-29T19:07:08","slug":"labrogation-des-credits-compensatoires-de-securite-sociale-wep-et-gpo-prend-de-lampleur","status":"publish","type":"news","link":"https:\/\/www.iaff.org\/fr-ca\/news\/labrogation-des-credits-compensatoires-de-securite-sociale-wep-et-gpo-prend-de-lampleur\/","title":{"rendered":"L\u2019abrogation des cr\u00e9dits compensatoires de s\u00e9curit\u00e9 sociale WEP et GPO prend de l\u2019ampleur"},"content":{"rendered":"<div class=\"wp-block-paragraph \">\n<p>Le pr\u00e9sident g\u00e9n\u00e9ral Edward Kelly et l\u2019AIP continuent de faire pression sur le Congr\u00e8s pour qu\u2019il adopte la Loi sur l\u2019\u00e9quit\u00e9 de la s\u00e9curit\u00e9 sociale, qui abrogerait les dispositions de la s\u00e9curit\u00e9 sociale sur l\u2019\u00e9limination des gains exceptionnels (WEP) et sur la compensation des pensions gouvernementales (GPO).  <\/p>\n<\/div><div class=\"wp-block-paragraph \">\n<p>Ces dispositions ont r\u00e9duit les prestations de s\u00e9curit\u00e9 sociale pour de nombreux fonctionnaires, <a href=\"https:\/\/fedmanager.com\/news\/congress-once-again-eyes-wep-gpo-repeal\" target=\"_blank\" rel=\"noreferrer noopener\">touchant quelque 2 millions de retrait\u00e9s<\/a>, dont de nombreux membres de l\u2019AIP .  <\/p>\n<\/div><div class=\"wp-block-paragraph \">\n<p>Le projet de loi b\u00e9n\u00e9ficie maintenant d\u2019un soutien bipartite \u00e9crasant au Congr\u00e8s et d\u2019une audience sur le sujet par le Comit\u00e9 des voies et moyens de la Chambre des repr\u00e9sentants des \u00c9tats-Unis. <a href=\"https:\/\/www.cnbc.com\/2023\/11\/12\/some-public-workers-may-receive-reduced-social-security-benefits.html\" target=\"_blank\" rel=\"noreferrer noopener\">Kelly a r\u00e9cemment d\u00e9clar\u00e9 \u00e0 CNBC<\/a> que l\u2019action du Congr\u00e8s \u00e9tait attendue depuis longtemps, car de nombreux membres de l\u2019AIP et d\u2019autres employ\u00e9s publics occupent des emplois suppl\u00e9mentaires o\u00f9 ils gagnent des cr\u00e9dits pour la s\u00e9curit\u00e9 sociale pour joindre les deux bouts.  <\/p>\n<\/div>\n<figure class=\"wp-block-image aligncenter size-large is-resized\"><img decoding=\"async\" width=\"1024\" height=\"804\" src=\"https:\/\/www.iaff.org\/wp-content\/uploads\/\/KellyWEPGPO-1024x804.png\" alt=\"\" class=\"wp-image-14120\" style=\"width:480px\" srcset=\"https:\/\/www.iaff.org\/wp-content\/uploads\/KellyWEPGPO-1024x804.png 1024w, https:\/\/www.iaff.org\/wp-content\/uploads\/KellyWEPGPO-300x236.png 300w, https:\/\/www.iaff.org\/wp-content\/uploads\/KellyWEPGPO-768x603.png 768w, https:\/\/www.iaff.org\/wp-content\/uploads\/KellyWEPGPO-1536x1206.png 1536w, https:\/\/www.iaff.org\/wp-content\/uploads\/KellyWEPGPO-2048x1608.png 2048w, https:\/\/www.iaff.org\/wp-content\/uploads\/KellyWEPGPO-240x188.png 240w, https:\/\/www.iaff.org\/wp-content\/uploads\/KellyWEPGPO-1019x800.png 1019w\" sizes=\"(max-width: 1024px) 100vw, 1024px\" \/><figcaption class=\"wp-element-caption\">Le pr\u00e9sident g\u00e9n\u00e9ral Kelly s\u2019exprime lors du Sommet national sur la d\u00e9fense des int\u00e9r\u00eats du groupe de travail sur l\u2019abrogation du WEP et du GPO<\/figcaption><\/figure>\n<div class=\"wp-block-paragraph \">\n<p>\u00ab [Le gouvernement] vole leur argent, parce qu\u2019ils sont aussi des employ\u00e9s publics \u00bb, a d\u00e9clar\u00e9 Kelly dans l\u2019article. \u00ab Cela affecte des centaines de milliers, voire des millions d\u2019employ\u00e9s publics qui ont cotis\u00e9 \u00e0 la s\u00e9curit\u00e9 sociale et qui sont essentiellement p\u00e9nalis\u00e9s parce qu\u2019ils sont aussi des fonctionnaires, qu\u2019ils soient enseignants, policiers et, \u00e9videmment, pompiers. \u00bb   <\/p>\n<\/div><div class=\"wp-block-paragraph \">\n<p>La Loi sur l\u2019\u00e9quit\u00e9 en mati\u00e8re de s\u00e9curit\u00e9 sociale compte maintenant plus de 300 coparrains \u00e0 la Chambre et 49 coparrains au S\u00e9nat.  <\/p>\n<\/div><div class=\"wp-block-paragraph \">\n<p>Ce soutien a incit\u00e9 les l\u00e9gislateurs de la Chambre \u00e0 demander aux dirigeants du Comit\u00e9 des voies et moyens de tenir une audience. Le comit\u00e9 a tenu son audience sur le terrain le 20 novembre dans une caserne de pompiers \u00e0 Baton Rouge, en Louisiane. Les membres du comit\u00e9 ont estim\u00e9 qu\u2019ils comprendraient mieux le probl\u00e8me s\u2019ils quittaient le Capitole et entendaient les personnes touch\u00e9es par WEP et GPO.    <\/p>\n<\/div><div class=\"wp-block-paragraph \">\n<p>Apr\u00e8s l\u2019audience, deux des principaux parrains du projet de loi \u00e0 la Chambre, les repr\u00e9sentants Garrett Graves (R-LA) et Abigail Spanberger (D-VA) ont publi\u00e9 une d\u00e9claration conjointe disant que le Congr\u00e8s doit terminer le travail.  <\/p>\n<\/div><div class=\"wp-block-paragraph \">\n<p>\u00ab Nous exhortons le comit\u00e9 \u00e0 tirer parti de cet \u00e9lan actuel et \u00e0 prendre les derni\u00e8res mesures n\u00e9cessaires pour envoyer notre l\u00e9gislation \u00e0 la Chambre des repr\u00e9sentants des \u00c9tats-Unis pour un vote \u00bb, ont d\u00e9clar\u00e9 les repr\u00e9sentants Graves et Spanberger.  <\/p>\n<\/div><div class=\"wp-block-paragraph \">\n<p>Bien que la plupart des membres de l\u2019AIP ne cotisent pas \u00e0 la s\u00e9curit\u00e9 sociale parce qu\u2019ils gagnent des pensions, certains sont admissibles \u00e0 des prestations d\u2019occupation secondaire ou de prestations de conjoint. Le WEP et le GPO ont historiquement r\u00e9duit les prestations de ces membres puisqu\u2019ils n\u2019ont pas cotis\u00e9 \u00e0 la s\u00e9curit\u00e9 sociale dans le cadre de leur emploi principal de pompiers.   <\/p>\n<\/div><div class=\"wp-block-paragraph \">\n<p>La r\u00e9solution 27, adopt\u00e9e avec succ\u00e8s lors de la Convention IAFF de 2022, visait \u00e0 mettre fin \u00e0 ces coupes injustes dans les prestations sociales. Il a appel\u00e9 l\u2019IAFF \u00e0 collaborer avec les parties prenantes concern\u00e9es pour d\u00e9fendre la l\u00e9gislation f\u00e9d\u00e9rale et \u00e9liminer les compensations de la S\u00e9curit\u00e9 sociale.   <\/p>\n<\/div><div class=\"wp-block-paragraph \">\n<p>\u00ab Les jeunes n\u2019y pr\u00eatent pas attention parce que c\u2019est trop loin; ils ne s\u2019en inqui\u00e8tent pas \u00bb, a d\u00e9clar\u00e9 Kelly \u00e0 CNBC. \u00ab Ce n\u2019est que lorsque vous \u00eates pr\u00eat \u00e0 sortir que vous commencez \u00e0 pr\u00eater attention \u00e0 ce dont vous devrez vivre lorsque vous prendrez votre retraite. \u00bb   <\/p>\n<\/div><div class=\"wp-block-paragraph \">\n<p>Et ces r\u00e9ductions portent un coup dur \u00e0 la sant\u00e9 financi\u00e8re \u00e0 la retraite.  <\/p>\n<\/div><div class=\"wp-block-paragraph \">\n<p>Par cons\u00e9quent, l\u2019AIP a travaill\u00e9 avec plusieurs groupes, dont le WEP national et le Groupe de travail sur l\u2019abrogation du GPO, pour respecter les dispositions de cette r\u00e9solution.  <\/p>\n<\/div><div class=\"wp-block-paragraph \">\n<p>Le groupe de travail a tenu un sommet de plaidoyer au Capitole plus t\u00f4t cet automne o\u00f9 le pr\u00e9sident g\u00e9n\u00e9ral a particip\u00e9 aux c\u00f4t\u00e9s d\u2019autres dirigeants syndicaux. Leur message \u00e9tait fort et clair : il est temps d\u2019arr\u00eater de tromper les membres. <\/p>\n<\/div><div class=\"wp-block-paragraph \">\n<p>\u00ab Nous cotisons \u00e0 la s\u00e9curit\u00e9 sociale. Mais nous n\u2019en retirons pas ce que nous y mettons. C\u2019est tout simplement faux \u00bb, a d\u00e9clar\u00e9 Kelly au sommet. \u00ab Nous ne demandons pas plus, nous demandons de l\u2019\u00e9quit\u00e9. Nous demandons au Congr\u00e8s d\u2019agir et de reconna\u00eetre le vol qui a eu lieu dans les ann\u00e9es 1980 et de corriger les ch\u00e8ques de s\u00e9curit\u00e9 sociale que nos membres ont m\u00e9rit\u00e9s. <\/p>\n<\/div><div class=\"wp-block-paragraph \">\n<p>Les membres peuvent visiter<a href=\"https:\/\/www.iaff.org\/fr-ca\/centre-de-plaidoyer-de-laip\/\"> la page de plaidoyer de l\u2019AIP <\/a>pour communiquer directement avec les dirigeants du Congr\u00e8s et faire pression sur eux pour qu\u2019ils soient plus proactifs dans l\u2019avancement de la Loi sur l\u2019\u00e9quit\u00e9 en mati\u00e8re de s\u00e9curit\u00e9 sociale.  <\/p>\n<\/div>","protected":false},"featured_media":61215,"menu_order":0,"template":"","tags":[96],"class_list":["post-85162","news","type-news","status-publish","has-post-thumbnail","hentry","tag-droits-des-travailleurs-et-travailleuses"],"acf":[],"publishpress_future_workflow_manual_trigger":{"enabledWorkflows":[]},"_links":{"self":[{"href":"https:\/\/www.iaff.org\/fr-ca\/wp-json\/wp\/v2\/news\/85162","targetHints":{"allow":["GET"]}}],"collection":[{"href":"https:\/\/www.iaff.org\/fr-ca\/wp-json\/wp\/v2\/news"}],"about":[{"href":"https:\/\/www.iaff.org\/fr-ca\/wp-json\/wp\/v2\/types\/news"}],"version-history":[{"count":0,"href":"https:\/\/www.iaff.org\/fr-ca\/wp-json\/wp\/v2\/news\/85162\/revisions"}],"wp:featuredmedia":[{"embeddable":true,"href":"https:\/\/www.iaff.org\/fr-ca\/wp-json\/wp\/v2\/media\/61215"}],"wp:attachment":[{"href":"https:\/\/www.iaff.org\/fr-ca\/wp-json\/wp\/v2\/media?parent=85162"}],"wp:term":[{"taxonomy":"post_tag","embeddable":true,"href":"https:\/\/www.iaff.org\/fr-ca\/wp-json\/wp\/v2\/tags?post=85162"}],"curies":[{"name":"wp","href":"https:\/\/api.w.org\/{rel}","templated":true}]}}