{"id":85121,"date":"2024-02-27T09:00:00","date_gmt":"2024-02-27T14:00:00","guid":{"rendered":"https:\/\/www.iaff.org\/news\/conference-legislative-de-2024\/"},"modified":"2025-07-09T09:49:20","modified_gmt":"2025-07-09T13:49:20","slug":"conference-legislative-de-2024","status":"publish","type":"news","link":"https:\/\/www.iaff.org\/fr-ca\/news\/conference-legislative-de-2024\/","title":{"rendered":"Conf\u00e9rence l\u00e9gislative de 2024"},"content":{"rendered":"<section\n\t class=\"page-blocks iaff-page-blocks align wp-block-acf-page-blocks\" id=\"page-blocks_block_37656351ced8ba717f1aa529698fe7a5\">\n\t<div class=\"acf-innerblocks-container\">\n<div class=\"wp-block-paragraph \">\n<p>La <a href=\"https:\/\/www.iaff.org\/fr-ca\/conference-legislative-des-etats-unis\/\" target=\"_blank\" rel=\"noreferrer noopener\">conf\u00e9rence l\u00e9gislative 2024 de l\u2019AIP<\/a> de la semaine prochaine, qui se tiendra du 3 au 6 mars \u00e0 Washington, D.C., permettra aux membres de s\u2019engager directement aupr\u00e8s des l\u00e9gislateurs et de d\u00e9fendre des questions cruciales touchant l\u2019emploi, la sant\u00e9, la s\u00e9curit\u00e9 et la s\u00e9curit\u00e9 \u00e9conomique des pompiers.  <\/p>\n<\/div>\n\n<div class=\"wp-block-paragraph \">\n<p>La Conf\u00e9rence l\u00e9gislative Alfred K. Whitehead est depuis longtemps la pierre angulaire des efforts l\u00e9gislatifs de l\u2019AIP. Au fil des ans, l\u2019AIP a remport\u00e9 de nombreuses victoires importantes \u2013 comme la cr\u00e9ation d\u2019un registre national du cancer des pompiers, la mise en place du programme de dotation en personnel ad\u00e9quat en cas d\u2019incendie et d\u2019urgence (SAFER) pour soutenir la s\u00e9curit\u00e9 de la dotation, la garantie que les premiers intervenants du 11 septembre re\u00e7oivent les soins de sant\u00e9 qu\u2019ils m\u00e9ritent et l\u2019\u00e9chec d\u2019une loi con\u00e7ue pour saper les pensions \u00e0 prestations d\u00e9termin\u00e9es de nos membres \u2013 en grande partie gr\u00e2ce au travail des dirigeants locaux de l\u2019AIP lors de cette conf\u00e9rence.  <\/p>\n<\/div>\n\n<div class=\"wp-block-paragraph \">\n<p>Nous avons discut\u00e9 avec deux membres de ce qu\u2019ils attendent le plus \u00e0 la Conf\u00e9rence l\u00e9gislative annuelle de l\u2019AIP et de l\u2019importance d\u2019\u00e9tablir des relations avec leurs \u00e9lus.  <\/p>\n<\/div>\n\n<div class=\"wp-block-paragraph \">\n<p><a href=\"https:\/\/url4057.uniontrack.com\/ls\/click?upn=JhariXN3xFqNvQ9hjMJXVGLVS5JSuN9oLf4Fhoo91v902MIQZlgdY4Opne-2FFzXJO9PVtpWk-2Fwg5dRAv1tf3OcA-3D-3DIoA3_lTBB-2BBb7L4pBh0C0ht4Wu5evqqckfhL7NvE48DHwiWXHIfI9YUXFdjjIZ9X6qhnQxYpegf7pVXWcKsS0jvvcNOr5vVIJEl8mfUD-2ByixJ2Oz0cfq49XcWmVqR9cIlOYyFTnap5gP8FH58VLCHm0R6inQ-2BcLhHhlOopxShbreaf9tz9qwylYVt8E8ByFCvOXDHyHbccV1faork1SfkWwDebdyDpS7rYSOa0CVG-2Bn-2BYEEjgv-2BjS9shMzxluGTIf65-2FBPeTqpTRcT-2FN7-2BzGB-2B6elnLeORXhLGN-2FV9BjDnYHDeQrGVcjldd4mtU8W31zwPi-2BrwsCRgxwW2FeNEgM7ltaa4bfKm-2FgPleIQJb7KAjlFSco-3D\" target=\"_blank\" rel=\"noreferrer noopener\"><em>T\u00e9l\u00e9chargez l\u2019application de l\u2019AIP<\/em><\/a> <em>pour vous tenir au courant de l\u2019information sur la Conf\u00e9rence l\u00e9gislative, y compris l\u2019ordre du jour de l\u2019\u00e9v\u00e9nement et les avis en temps opportun.<\/em> <\/p>\n<\/div>\n\n\n<h4 class=\"wp-block-heading\">Roy Cormier, section locale 341, Houston, TX  <\/h4>\n\n\n<div class=\"wp-block-paragraph \">\n<p><strong>Q : Avez-vous d\u00e9j\u00e0 assist\u00e9 \u00e0 la Conf\u00e9rence l\u00e9gislative de l\u2019AIP et quelle est votre partie pr\u00e9f\u00e9r\u00e9e de l\u2019\u00e9v\u00e9nement?<\/strong> <\/p>\n<\/div>\n\n<div class=\"wp-block-paragraph \">\n<p>R : J\u2019ai assist\u00e9 \u00e0 la Conf\u00e9rence l\u00e9gislative et j\u2019y vais normalement chaque ann\u00e9e. C\u2019est une excellente conf\u00e9rence. L\u2019un des points forts pour moi est que cela vous permet de communiquer avec vos repr\u00e9sentants et s\u00e9nateurs am\u00e9ricains et de faire avancer certains des points du programme politique de l\u2019AIP. Cet \u00e9v\u00e9nement a toujours attir\u00e9 de grands conf\u00e9renciers. En 2023, nous avons eu le pr\u00e9sident Joe Biden, c\u2019\u00e9tait formidable d\u2019\u00eatre l\u00e0 pour entendre son soutien aux pompiers de premi\u00e8re main. Il y a eu d\u2019excellents conf\u00e9renciers dans le pass\u00e9. Je dirais que l\u2019AIP avait m\u00eame un an Tucker Carlson, et c\u2019\u00e9tait un excellent orateur.        <\/p>\n<\/div>\n\n<div class=\"wp-block-paragraph \">\n<p><strong>Q : Que diriez-vous aux autres membres au sujet de l\u2019\u00e9tablissement de relations avec les \u00e9lus?<\/strong> <\/p>\n<\/div>\n\n<div class=\"wp-block-paragraph \">\n<p>R : En tant que plus grande ville du Texas, nous avons plus de repr\u00e9sentants et de s\u00e9nateurs que toute autre, alors une grande partie de nos efforts est consacr\u00e9e \u00e0 faire en sorte que les autres villes comprennent leur importance dans ce processus. Nous ne pouvons pas compter uniquement sur les repr\u00e9sentants de Houston pour r\u00e9pondre \u00e0 tous les besoins de notre ville. De plus, compte tenu des comit\u00e9s auxquels chaque membre si\u00e8ge, une question li\u00e9e \u00e0 Houston peut \u00eatre supervis\u00e9e par un repr\u00e9sentant du comit\u00e9 de Brownsville, par exemple. Il est essentiel de faire participer les pompiers de Brownsville, Dallas, San Antonio et d\u2019ailleurs. L\u2019\u00e9tablissement de relations avec ces groupes est crucial pour que nous r\u00e9ussissions \u00e0 r\u00e9pondre aux besoins des pompiers de Houston, des pompiers du Texas et de la communaut\u00e9 des pompiers.      <\/p>\n<\/div>\n\n\n<h4 class=\"wp-block-heading\">Jon Harvey, pr\u00e9sident de l\u2019Ohio Association of Professional Fire Fighters<\/h4>\n\n\n<div class=\"wp-block-paragraph \">\n<p><strong>Q : Allez-vous au LegCon cette ann\u00e9e?<\/strong> <\/p>\n<\/div>\n\n<div class=\"wp-block-paragraph \">\n<p>R : Nous y allons. En Ohio, nous nous assurons que les dirigeants de notre \u00c9tat sont partis et nous encourageons nos membres \u00e0 y aller, mais la chose la plus importante pour nous au LegCon est la capacit\u00e9 de r\u00e9seauter avec les politiciens que nous ne voyons g\u00e9n\u00e9ralement pas tr\u00e8s souvent dans l\u2019\u00c9tat. Aussi, faire partie du programme politique et essayer de faire avancer notre programme. Cela aide lorsque nous nous adressons \u00e0 ces politiciens en tant qu\u2019\u00e9lectorat pour pouvoir exprimer nos opinions et ce que cela signifie pour les 13 000 pompiers professionnels de l\u2019\u00c9tat de l\u2019Ohio.     <\/p>\n<\/div>\n\n<div class=\"wp-block-paragraph \">\n<p><strong>Q : Comment \u00e9tablissez-vous des relations avec les \u00e9lus ou les candidats aux \u00e9lections?<\/strong> <\/p>\n<\/div>\n\n<div class=\"wp-block-paragraph \">\n<p>R : La plupart des politiciens aiment l\u2019id\u00e9e des pompiers. Il les convainc que nous avons besoin de plus qu\u2019une simple tape dans le dos. L\u2019AIP a raison \u00e0 100%. Nous soutenons ceux qui nous soutiennent, et cette devise va tr\u00e8s loin. En Ohio, nous avons chang\u00e9 notre programme politique pour nous montrer votre soutien en faisant quelque chose, pas seulement en nous le disant. Nous avons li\u00e9 certaines de nos contributions politiques \u00e0 ce que font les gens et nous avons vraiment tendu la main aux deux c\u00f4t\u00e9s de l\u2019all\u00e9e et essay\u00e9 d\u2019attirer les mod\u00e9r\u00e9s avec lesquels nous pouvons travailler, et cela a \u00e9t\u00e9 la plus grande aide pour nous.  <\/p>\n<\/div>\n\n<div class=\"wp-block-paragraph \">\n<p><strong>Q : Quel conseil donneriez-vous aux autres membres pour s\u2019impliquer davantage politiquement dans la politique locale, \u00e9tatique et nationale?<\/strong> <\/p>\n<\/div>\n\n<div class=\"wp-block-paragraph \">\n<p>R : Beaucoup de nos membres aiment penser que notre travail n\u2019est pas politique, et chaque partie de notre travail est politique. L\u2019\u00e9quipement que nous portons, les camions sur lesquels nous montons, les salaires que nous gagnons sont tous vot\u00e9s par les politiciens, et notre pension est contr\u00f4l\u00e9e par le l\u00e9gislateur de l\u2019\u00c9tat. Chaque aspect est politique. Si vous ne vous engagez pas dans cela, vous demandez \u00e0 quelqu\u2019un d\u2019autre de gagner la partie pour vous. En tant que pompiers, nous nous pr\u00e9cipitons dans un b\u00e2timent en feu pour \u00e9teindre les flammes; nous ne restons pas dehors et nous ne nous attendons pas \u00e0 ce que quelqu\u2019un d\u2019autre nous le fasse; si nous le faisons, la maison br\u00fblera jusqu\u2019en cendres. Les habitants qui ne sont pas engag\u00e9s politiquement, cela finira par br\u00fbler.  <\/p>\n<\/div>\n\n\n<figure class=\"wp-block-gallery has-nested-images columns-default is-cropped wp-block-gallery-1 is-layout-flex wp-block-gallery-is-layout-flex\">\n<figure class=\"wp-block-image size-full\"><img decoding=\"async\" width=\"1000\" height=\"666\" data-id=\"66512\" src=\"https:\/\/www.iaff.org\/wp-content\/uploads\/2024\/03\/Oct-23-1005.jpg\" alt=\"\" class=\"wp-image-66512\" srcset=\"https:\/\/www.iaff.org\/wp-content\/uploads\/2024\/03\/Oct-23-1005.jpg 1000w, https:\/\/www.iaff.org\/wp-content\/uploads\/2024\/03\/Oct-23-1005-300x200.jpg 300w, https:\/\/www.iaff.org\/wp-content\/uploads\/2024\/03\/Oct-23-1005-768x511.jpg 768w, https:\/\/www.iaff.org\/wp-content\/uploads\/2024\/03\/Oct-23-1005-240x160.jpg 240w\" sizes=\"(max-width: 1000px) 100vw, 1000px\" \/><figcaption class=\"wp-element-caption\">Membres de la section locale 341 avec le maire Whitmire.<\/figcaption><\/figure>\n\n\n\n<figure class=\"wp-block-image size-full\"><img decoding=\"async\" width=\"599\" height=\"597\" data-id=\"66529\" src=\"https:\/\/www.iaff.org\/wp-content\/uploads\/2024\/02\/Harvey-Headshot-President.jpg\" alt=\"\" class=\"wp-image-66529\" srcset=\"https:\/\/www.iaff.org\/wp-content\/uploads\/2024\/02\/Harvey-Headshot-President.jpg 599w, https:\/\/www.iaff.org\/wp-content\/uploads\/2024\/02\/Harvey-Headshot-President-300x300.jpg 300w, https:\/\/www.iaff.org\/wp-content\/uploads\/2024\/02\/Harvey-Headshot-President-150x150.jpg 150w, https:\/\/www.iaff.org\/wp-content\/uploads\/2024\/02\/Harvey-Headshot-President-240x240.jpg 240w\" sizes=\"(max-width: 599px) 100vw, 599px\" \/><figcaption class=\"wp-element-caption\">Jon Harvey, pr\u00e9sident de l\u2019OAPFF<\/figcaption><\/figure>\n\n\n\n<figure class=\"wp-block-image size-full\"><img decoding=\"async\" width=\"1000\" height=\"750\" data-id=\"66527\" src=\"https:\/\/www.iaff.org\/wp-content\/uploads\/2024\/02\/Columbus-FF-FB-page.jpg\" alt=\"\" class=\"wp-image-66527\" srcset=\"https:\/\/www.iaff.org\/wp-content\/uploads\/2024\/02\/Columbus-FF-FB-page.jpg 1000w, https:\/\/www.iaff.org\/wp-content\/uploads\/2024\/02\/Columbus-FF-FB-page-300x225.jpg 300w, https:\/\/www.iaff.org\/wp-content\/uploads\/2024\/02\/Columbus-FF-FB-page-768x576.jpg 768w, https:\/\/www.iaff.org\/wp-content\/uploads\/2024\/02\/Columbus-FF-FB-page-240x180.jpg 240w\" sizes=\"(max-width: 1000px) 100vw, 1000px\" \/><figcaption class=\"wp-element-caption\">Des affiches disaient \u00ab Non sur la question 1 \u00bb.<\/figcaption><\/figure>\n<\/figure>\n\n<\/div><\/section>\n","protected":false},"featured_media":66516,"menu_order":0,"template":"","tags":[61],"class_list":["post-85121","news","type-news","status-publish","has-post-thumbnail","hentry","tag-legislation-etatsunienne"],"acf":[],"publishpress_future_workflow_manual_trigger":{"enabledWorkflows":[]},"_links":{"self":[{"href":"https:\/\/www.iaff.org\/fr-ca\/wp-json\/wp\/v2\/news\/85121","targetHints":{"allow":["GET"]}}],"collection":[{"href":"https:\/\/www.iaff.org\/fr-ca\/wp-json\/wp\/v2\/news"}],"about":[{"href":"https:\/\/www.iaff.org\/fr-ca\/wp-json\/wp\/v2\/types\/news"}],"version-history":[{"count":0,"href":"https:\/\/www.iaff.org\/fr-ca\/wp-json\/wp\/v2\/news\/85121\/revisions"}],"wp:featuredmedia":[{"embeddable":true,"href":"https:\/\/www.iaff.org\/fr-ca\/wp-json\/wp\/v2\/media\/66516"}],"wp:attachment":[{"href":"https:\/\/www.iaff.org\/fr-ca\/wp-json\/wp\/v2\/media?parent=85121"}],"wp:term":[{"taxonomy":"post_tag","embeddable":true,"href":"https:\/\/www.iaff.org\/fr-ca\/wp-json\/wp\/v2\/tags?post=85121"}],"curies":[{"name":"wp","href":"https:\/\/api.w.org\/{rel}","templated":true}]}}