{"id":85078,"date":"2019-05-17T22:54:30","date_gmt":"2019-05-18T02:54:30","guid":{"rendered":"https:\/\/www.iaff.org\/news\/un-pompier-de-denver-au-second-tour-pour-le-siege-du-conseil-municipal\/"},"modified":"2019-05-17T22:54:30","modified_gmt":"2019-05-18T02:54:30","slug":"un-pompier-de-denver-au-second-tour-pour-le-siege-du-conseil-municipal","status":"publish","type":"news","link":"https:\/\/www.iaff.org\/fr-ca\/news\/un-pompier-de-denver-au-second-tour-pour-le-siege-du-conseil-municipal\/","title":{"rendered":"Un pompier de Denver au second tour pour le si\u00e8ge du conseil municipal"},"content":{"rendered":"<p><a href=\"https:\/\/www.iaff.org\/wp-content\/uploads\/2019\/06\/CO-Local-858_Somma.jpg\"><img decoding=\"async\" class=\"alignright wp-image-13566 size-medium\" src=\"https:\/\/www.iaff.org\/wp-content\/uploads\/2019\/06\/CO-Local-858_Somma-200x300.jpg\" alt=\"\" width=\"200\" height=\"300\"><\/a>Mike Somma, membre de la section locale 858 de Denver, au Colorado, a \u00e9t\u00e9 l\u2019un des deux plus vot\u00e9s aux \u00e9lections g\u00e9n\u00e9rales pour un si\u00e8ge vacant au conseil municipal de Denver. Il affrontera maintenant Amanda Sandoval au second tour des \u00e9lections du 4 juin. <\/p>\n<p>Somma, un pompier v\u00e9t\u00e9ran de 27 ans, se dit pr\u00eat \u00e0 en faire plus pour la communaut\u00e9. \u00ab Avec l\u2019aide de l\u2019AIP, je suis fier de tout ce que mon \u00e9quipe a accompli au cours de cette campagne \u00bb, d\u00e9clare Somma. \u00ab Si je remporte une victoire le mois prochain, j\u2019ai h\u00e2te d\u2019am\u00e9liorer la s\u00e9curit\u00e9 publique, le logement abordable et les transports en commun. \u00bb  <\/p>\n<p>\u00ab Somma sera un d\u00e9fenseur ph\u00e9nom\u00e9nal des citoyens du premier district de Denver \u00bb, a d\u00e9clar\u00e9 Ray Rahne, vice-pr\u00e9sident du 9e district de l\u2019AIP. \u00ab Son exp\u00e9rience en tant que pompier de Denver dans le premier district apporte un aper\u00e7u cr\u00e9dible des probl\u00e8mes auxquels sont confront\u00e9s les citoyens de Denver. \u00bb <\/p>\n<p>Le district 1 du nord-ouest de Denver est un si\u00e8ge vacant \u2013 le membre du conseil Rafael Espinoza a d\u00e9cid\u00e9 de ne pas se repr\u00e9senter. Sept candidats \u00e9taient en lice lors de l\u2019\u00e9lection du 7 mai, mais aucun des candidats n\u2019a obtenu les 51% des voix n\u00e9cessaires pour remporter l\u2019\u00e9lection. Cela se r\u00e9sume aux deux plus vot\u00e9s.  <\/p>\n<p>Le soutien \u00e0 Somma semble \u00eatre fort alors que trois des candidats qui n\u2019ont pas particip\u00e9 au second tour ont annonc\u00e9 qu\u2019ils l\u2019appuieraient contre Sandoval, un ancien membre du personnel d\u2019Espinoza.<\/p>\n<p>Pour en savoir plus sur sa campagne, visitez son site Web.<\/p>\n","protected":false},"featured_media":1725,"menu_order":0,"template":"","tags":[],"class_list":["post-85078","news","type-news","status-publish","has-post-thumbnail","hentry"],"acf":[],"publishpress_future_workflow_manual_trigger":{"enabledWorkflows":[]},"_links":{"self":[{"href":"https:\/\/www.iaff.org\/fr-ca\/wp-json\/wp\/v2\/news\/85078","targetHints":{"allow":["GET"]}}],"collection":[{"href":"https:\/\/www.iaff.org\/fr-ca\/wp-json\/wp\/v2\/news"}],"about":[{"href":"https:\/\/www.iaff.org\/fr-ca\/wp-json\/wp\/v2\/types\/news"}],"version-history":[{"count":0,"href":"https:\/\/www.iaff.org\/fr-ca\/wp-json\/wp\/v2\/news\/85078\/revisions"}],"wp:featuredmedia":[{"embeddable":true,"href":"https:\/\/www.iaff.org\/fr-ca\/wp-json\/wp\/v2\/media\/1725"}],"wp:attachment":[{"href":"https:\/\/www.iaff.org\/fr-ca\/wp-json\/wp\/v2\/media?parent=85078"}],"wp:term":[{"taxonomy":"post_tag","embeddable":true,"href":"https:\/\/www.iaff.org\/fr-ca\/wp-json\/wp\/v2\/tags?post=85078"}],"curies":[{"name":"wp","href":"https:\/\/api.w.org\/{rel}","templated":true}]}}