{"id":85071,"date":"2019-05-06T18:55:27","date_gmt":"2019-05-06T22:55:27","guid":{"rendered":"https:\/\/www.iaff.org\/news\/le-nouveau-brunswick-reconnait-le-stress-post-traumatique-comme-une-maladie-professionnelle\/"},"modified":"2019-05-06T18:55:27","modified_gmt":"2019-05-06T22:55:27","slug":"le-nouveau-brunswick-reconnait-le-stress-post-traumatique-comme-une-maladie-professionnelle","status":"publish","type":"news","link":"https:\/\/www.iaff.org\/fr-ca\/news\/le-nouveau-brunswick-reconnait-le-stress-post-traumatique-comme-une-maladie-professionnelle\/","title":{"rendered":"Le Nouveau-Brunswick reconna\u00eet le stress post-traumatique comme une maladie professionnelle"},"content":{"rendered":"<p>Le Nouveau-Brunswick est devenu la cinqui\u00e8me province \u00e0 reconna\u00eetre officiellement le stress post-traumatique comme une maladie professionnelle chez les premiers intervenants. Le projet de loi pr\u00e9sent\u00e9 plus t\u00f4t cette ann\u00e9e a \u00e9t\u00e9 officiellement promulgu\u00e9 le 29 juin. <\/p>\n<p>La loi aide \u00e0 prot\u00e9ger les membres de sept sections locales de l\u2019AIP au Nouveau-Brunswick. La couverture pr\u00e9sum\u00e9e pour le stress post-traumatique aux fins des indemnit\u00e9s d\u2019accident du travail existe maintenant dans la moiti\u00e9 des 10 provinces du Canada et couvre la grande majorit\u00e9 des 23 000 membres du pays. <\/p>\n<p>Glenn Sullivan, membre de la section locale 1053 de Fredericton et pr\u00e9sident de l\u2019Association des pompiers professionnels des provinces de l\u2019Atlantique, affirme que le projet de loi \u2013 que le gouvernement lib\u00e9ral du Nouveau-Brunswick a pr\u00e9sent\u00e9 de mani\u00e8re inattendue au d\u00e9but d\u2019avril \u2013 est une avanc\u00e9e bienvenue pour les 500 membres de la province.<\/p>\n<p>\u00ab C\u2019est une excellente nouvelle pour les pompiers du Nouveau-Brunswick, car ils n\u2019ont plus \u00e0 faire face \u00e0 des obstacles comme auparavant \u00bb, d\u00e9clare M. Sullivan.<\/p>\n<p>L\u2019Alberta a adopt\u00e9 une loi liant le stress post-traumatique aux professions de premier r\u00e9pondant en 2012, tandis que la m\u00eame ann\u00e9e, la Colombie-Britannique a adopt\u00e9 une loi reconnaissant les troubles de l\u2019humeur \u2013 y compris le stress post-traumatique \u2013 chez tous les travailleurs. Le Manitoba a adopt\u00e9 une loi l\u2019an dernier, et l\u2019Ontario a suivi cette ann\u00e9e. <\/p>\n<p>En Saskatchewan, le Nouveau Parti d\u00e9mocratique de l\u2019opposition a pr\u00e9sent\u00e9 un projet de loi post-traumatique pour les premiers intervenants le 23 juin, alors que le gouvernement de la Saskatchewan envisagerait sa propre loi sur la question.<\/p>\n","protected":false},"featured_media":0,"menu_order":0,"template":"","tags":[],"class_list":["post-85071","news","type-news","status-publish","hentry"],"acf":[],"publishpress_future_workflow_manual_trigger":{"enabledWorkflows":[]},"_links":{"self":[{"href":"https:\/\/www.iaff.org\/fr-ca\/wp-json\/wp\/v2\/news\/85071","targetHints":{"allow":["GET"]}}],"collection":[{"href":"https:\/\/www.iaff.org\/fr-ca\/wp-json\/wp\/v2\/news"}],"about":[{"href":"https:\/\/www.iaff.org\/fr-ca\/wp-json\/wp\/v2\/types\/news"}],"version-history":[{"count":0,"href":"https:\/\/www.iaff.org\/fr-ca\/wp-json\/wp\/v2\/news\/85071\/revisions"}],"wp:attachment":[{"href":"https:\/\/www.iaff.org\/fr-ca\/wp-json\/wp\/v2\/media?parent=85071"}],"wp:term":[{"taxonomy":"post_tag","embeddable":true,"href":"https:\/\/www.iaff.org\/fr-ca\/wp-json\/wp\/v2\/tags?post=85071"}],"curies":[{"name":"wp","href":"https:\/\/api.w.org\/{rel}","templated":true}]}}