{"id":85030,"date":"2018-12-13T20:06:25","date_gmt":"2018-12-14T01:06:25","guid":{"rendered":"https:\/\/www.iaff.org\/news\/le-secretaire-americain-au-travail-acosta-visite-les-zones-touchees-par-les-feux-de-foret-en-californie\/"},"modified":"2018-12-13T20:06:25","modified_gmt":"2018-12-14T01:06:25","slug":"le-secretaire-americain-au-travail-acosta-visite-les-zones-touchees-par-les-feux-de-foret-en-californie","status":"publish","type":"news","link":"https:\/\/www.iaff.org\/fr-ca\/news\/le-secretaire-americain-au-travail-acosta-visite-les-zones-touchees-par-les-feux-de-foret-en-californie\/","title":{"rendered":"Le secr\u00e9taire am\u00e9ricain au Travail Acosta visite les zones touch\u00e9es par les feux de for\u00eat en Californie"},"content":{"rendered":"<p>Le secr\u00e9taire du d\u00e9partement du Travail des \u00c9tats-Unis, Alexander Acosta, et le pr\u00e9sident g\u00e9n\u00e9ral Harold <span class=\"nanospell-typo\">Schaitberger<\/span> se sont rendus en Californie pour voir de leurs propres yeux la d\u00e9vastation caus\u00e9e par les feux de for\u00eat meurtriers du mois dernier et pour rencontrer des membres de la section locale 2881 de CAL FIRE \u00e0 Paradise \u00e0 la caserne 81 et des membres de la section locale 2734 de Chico \u00e0 la caserne 2 qui avaient r\u00e9pondu au feu de camp et \u00e0 d\u2019autres feux de for\u00eat r\u00e9cents dans tout l\u2019\u00c9tat.<\/p>\n<p>Tout ce qui reste de nombreux quartiers touch\u00e9s est des terres br\u00fbl\u00e9es, des voitures br\u00fbl\u00e9es et des arbres calcin\u00e9s. Plus de 65 membres de <span class=\"nanospell-typo\">l\u2019AIP<\/span> ont perdu leur maison dans les incendies. <\/p>\n<p>\u00ab Je remercie <span class=\"nanospell-typo\">l\u2019AIP<\/span> d\u2019avoir aid\u00e9 \u00e0 organiser la visite et les discussions avec les pompiers qui ont fait preuve d\u2019un grand courage et d\u2019un grand professionnalisme en r\u00e9pondant aux feux de for\u00eat d\u00e9vastateurs du mois dernier \u00bb, a d\u00e9clar\u00e9 le secr\u00e9taire Acosta. \u00ab L\u2019administration s\u2019est engag\u00e9e \u00e0 aider toutes les personnes touch\u00e9es \u00e0 se remettre de cette terrible trag\u00e9die. \u00bb <\/p>\n<p>\u00ab Au cours de cette visite tr\u00e8s productive, le secr\u00e9taire Acosta a entendu les histoires de la ligne de feu directement de nos membres et ce que c\u2019est que d\u2019\u00eatre en quart de travail sans savoir si sa propre maison est toujours debout \u00bb, dit <span class=\"nanospell-typo\">Schaitberger<\/span>. \u00ab Ces histoires sont souvent des histoires que nous gardons pour nous, mais il est important de les diffuser afin que les d\u00e9cideurs et le public comprennent vraiment les d\u00e9fis auxquels nos membres sont confront\u00e9s. \u00bb <\/p>\n","protected":false},"featured_media":1841,"menu_order":0,"template":"","tags":[],"class_list":["post-85030","news","type-news","status-publish","has-post-thumbnail","hentry"],"acf":[],"publishpress_future_workflow_manual_trigger":{"enabledWorkflows":[]},"_links":{"self":[{"href":"https:\/\/www.iaff.org\/fr-ca\/wp-json\/wp\/v2\/news\/85030","targetHints":{"allow":["GET"]}}],"collection":[{"href":"https:\/\/www.iaff.org\/fr-ca\/wp-json\/wp\/v2\/news"}],"about":[{"href":"https:\/\/www.iaff.org\/fr-ca\/wp-json\/wp\/v2\/types\/news"}],"version-history":[{"count":0,"href":"https:\/\/www.iaff.org\/fr-ca\/wp-json\/wp\/v2\/news\/85030\/revisions"}],"wp:featuredmedia":[{"embeddable":true,"href":"https:\/\/www.iaff.org\/fr-ca\/wp-json\/wp\/v2\/media\/1841"}],"wp:attachment":[{"href":"https:\/\/www.iaff.org\/fr-ca\/wp-json\/wp\/v2\/media?parent=85030"}],"wp:term":[{"taxonomy":"post_tag","embeddable":true,"href":"https:\/\/www.iaff.org\/fr-ca\/wp-json\/wp\/v2\/tags?post=85030"}],"curies":[{"name":"wp","href":"https:\/\/api.w.org\/{rel}","templated":true}]}}