{"id":85024,"date":"2018-09-14T01:57:28","date_gmt":"2018-09-14T05:57:28","guid":{"rendered":"https:\/\/www.iaff.org\/news\/le-coordonnateur-de-laip-mda-nomme-pompier-de-lannee-du-comte-de-fairfax\/"},"modified":"2018-09-14T01:57:28","modified_gmt":"2018-09-14T05:57:28","slug":"le-coordonnateur-de-laip-mda-nomme-pompier-de-lannee-du-comte-de-fairfax","status":"publish","type":"news","link":"https:\/\/www.iaff.org\/fr-ca\/news\/le-coordonnateur-de-laip-mda-nomme-pompier-de-lannee-du-comte-de-fairfax\/","title":{"rendered":"Le coordonnateur de l\u2019AIP-MDA nomm\u00e9 pompier de l\u2019ann\u00e9e du comt\u00e9 de Fairfax"},"content":{"rendered":"<p><a href=\"https:\/\/www.iaff.org\/wp-content\/uploads\/2019\/06\/Fairfax-County-Local-2068_KobersteenLopezDenton.jpg\"><img decoding=\"async\" class=\"alignright wp-image-13201 size-medium\" src=\"https:\/\/www.iaff.org\/wp-content\/uploads\/2019\/06\/Fairfax-County-Local-2068_KobersteenLopezDenton-300x300.jpg\" alt=\"\" width=\"300\" height=\"300\"><\/a>Joel Kobersteen, membre de la section locale 2068 du comt\u00e9 de Fairfax, qui est \u00e9galement le coordonnateur de la MDA de la section locale, a \u00e9t\u00e9 honor\u00e9 le 7 septembre en tant que pompier de carri\u00e8re de l\u2019ann\u00e9e 2018 du comt\u00e9 de Fairfax pour son service \u00e0 la communaut\u00e9 et pour son soutien \u00e0 MDA. Kobersteen a mis sur pied un solide programme Fill the Boot, amassant plus de 6 millions de dollars pour MDA depuis qu\u2019il a assum\u00e9 le r\u00f4le de coordonnateur en 2007. <\/p>\n<p>Kobersteen dit que la cl\u00e9 est d\u2019impliquer les membres. \u00ab Si nos membres actifs et retrait\u00e9s ne sont pas aux intersections pour remplir le coffre, nos membres r\u00e9partiteurs recueillent des fonds d\u2019autres fa\u00e7ons cr\u00e9atives, comme des tombolas et des ventes aux ench\u00e8res. \u00bb <\/p>\n<p>En 2018, la section locale 2068 a recueilli plus de 604 000 $ au cours de la fin de semaine de la f\u00eate du Travail.<\/p>\n<p>Le coordonnateur de l\u2019AIP-MDA, Roger Lopez, membre de la section locale 624 de San Antonio, au Texas, ainsi que la directrice nationale des partenariats organisationnels de MDA, Tracy Shield Denton, \u00e9taient en Virginie pour la c\u00e9r\u00e9monie de remise des prix et pour f\u00e9liciter Kobersteen. \u00ab Le voyage en valait la peine \u00bb, dit Lopez. \u00ab Joel a travaill\u00e9 sans rel\u00e2che au fil des ans pour amasser l\u2019argent dont MDA a besoin pour la recherche, l\u2019\u00e9quipement adapt\u00e9 et les camps. Je ne voulais pas le manquer.  <\/p>\n","protected":false},"featured_media":1866,"menu_order":0,"template":"","tags":[],"class_list":["post-85024","news","type-news","status-publish","has-post-thumbnail","hentry"],"acf":[],"publishpress_future_workflow_manual_trigger":{"enabledWorkflows":[]},"_links":{"self":[{"href":"https:\/\/www.iaff.org\/fr-ca\/wp-json\/wp\/v2\/news\/85024","targetHints":{"allow":["GET"]}}],"collection":[{"href":"https:\/\/www.iaff.org\/fr-ca\/wp-json\/wp\/v2\/news"}],"about":[{"href":"https:\/\/www.iaff.org\/fr-ca\/wp-json\/wp\/v2\/types\/news"}],"version-history":[{"count":0,"href":"https:\/\/www.iaff.org\/fr-ca\/wp-json\/wp\/v2\/news\/85024\/revisions"}],"wp:featuredmedia":[{"embeddable":true,"href":"https:\/\/www.iaff.org\/fr-ca\/wp-json\/wp\/v2\/media\/1866"}],"wp:attachment":[{"href":"https:\/\/www.iaff.org\/fr-ca\/wp-json\/wp\/v2\/media?parent=85024"}],"wp:term":[{"taxonomy":"post_tag","embeddable":true,"href":"https:\/\/www.iaff.org\/fr-ca\/wp-json\/wp\/v2\/tags?post=85024"}],"curies":[{"name":"wp","href":"https:\/\/api.w.org\/{rel}","templated":true}]}}