{"id":85018,"date":"2018-07-19T20:51:20","date_gmt":"2018-07-20T00:51:20","guid":{"rendered":"https:\/\/www.iaff.org\/news\/un-membre-de-la-section-locale-42-de-kansas-city-promu-au-grade-de-brigadier-general-de-la-garde-nationale\/"},"modified":"2018-07-19T20:51:20","modified_gmt":"2018-07-20T00:51:20","slug":"un-membre-de-la-section-locale-42-de-kansas-city-promu-au-grade-de-brigadier-general-de-la-garde-nationale","status":"publish","type":"news","link":"https:\/\/www.iaff.org\/fr-ca\/news\/un-membre-de-la-section-locale-42-de-kansas-city-promu-au-grade-de-brigadier-general-de-la-garde-nationale\/","title":{"rendered":"Un membre de la section locale 42 de Kansas City promu au grade de brigadier-g\u00e9n\u00e9ral de la Garde nationale"},"content":{"rendered":"<p><a href=\"https:\/\/www.iaff.org\/wp-content\/uploads\/2019\/06\/48020_MartinFire.jpg\"><img decoding=\"async\" class=\"alignright wp-image-13191 size-medium\" src=\"https:\/\/www.iaff.org\/wp-content\/uploads\/2019\/06\/48020_MartinFire-225x300.jpg\" alt=\"\" width=\"225\" height=\"300\"><\/a>Lors d\u2019une c\u00e9r\u00e9monie au National World War I Museum and Memorial \u00e0 Kansas City, l\u2019officier de la Garde nationale du Missouri, Sharon Martin, qui est \u00e9galement membre de la section locale 42 de Kansas City, a \u00e9t\u00e9 promue au grade de brigadier-g\u00e9n\u00e9ral le 14 juillet.<\/p>\n<p>\u00ab La promotion de Martin est bien m\u00e9rit\u00e9e. Ses coll\u00e8gues membres de la section locale 42 sont fiers de tout ce qu\u2019elle a accompli \u00bb, a d\u00e9clar\u00e9 le pr\u00e9sident de la section locale 42, Tim Dupin. \u00ab Son engagement envers son pays, le KCFD et son syndicat est un mod\u00e8le de r\u00e9alisation. \u00bb <\/p>\n<p>\u00ab C\u2019est un grand honneur d\u2019\u00eatre appel\u00e9 \u00e0 assumer cet important r\u00f4le de leadership pour pr\u00e9server la s\u00e9curit\u00e9 de l\u2019\u00c9tat du Missouri et de ses citoyens \u00bb, a d\u00e9clar\u00e9 le brigadier-g\u00e9n\u00e9ral Martin.<\/p>\n<p>Martin a commenc\u00e9 sa carri\u00e8re militaire en 1989 lorsqu\u2019elle s\u2019est enr\u00f4l\u00e9e dans la Garde nationale du Missouri avec le grade de soldat de premi\u00e8re classe. Elle a imm\u00e9diatement commenc\u00e9 \u00e0 travailler sur ses comp\u00e9tences en suivant une formation d\u2019infirmi\u00e8re de combat et en passant un an \u00e0 l\u2019\u00e9cole des aspirants officiers en 1991. <\/p>\n<p>En 1995, Martin s\u2019est joint au service d\u2019incendie de Kansas City et \u00e0 la section locale 42 de Kansas City, Missouri. Trois ans plus tard, elle a \u00e9t\u00e9 nomm\u00e9e au poste d\u2019agente d\u2019affaires, poste qu\u2019elle a occup\u00e9 pendant 12 ans. <\/p>\n<p>\u00ab Tout ce que j\u2019ai toujours voulu faire, c\u2019est travailler dans la fonction publique. La Garde nationale et le service d\u2019incendie me donnent cette occasion \u00bb, dit Martin.<\/p>\n<p>Lorsque les \u00e9meutes de 2014 ont \u00e9clat\u00e9 \u00e0 Ferguson, au Missouri, en r\u00e9ponse \u00e0 la d\u00e9cision de ne pas inculper un policier impliqu\u00e9 dans la mort par balle de Michael Brown, Martin \u00e9tait commandant de brigade du 70e Commandement des troupes.<\/p>\n<p>\u00ab Notre directive \u00e9tait de s\u00e9curiser et de r\u00e9duire le chaos dans certaines zones afin que la police soit disponible pour g\u00e9rer les endroits les plus instables \u00bb, explique Martin. \u00ab Nous avons aid\u00e9 les entreprises \u00e0 rester ouvertes en toute s\u00e9curit\u00e9 et avons gard\u00e9 les citoyens de Ferguson hors de danger. \u00bb <\/p>\n<p>Pendant cette p\u00e9riode, Martin a \u00e9galement particip\u00e9 au programme d\u2019apprentissage \u00e0 distance du Coll\u00e8ge de guerre de l\u2019arm\u00e9e am\u00e9ricaine \u00e0 Carlisle, en Pennsylvanie, o\u00f9 il a obtenu son dipl\u00f4me en 2016. Elle a obtenu une ma\u00eetrise en \u00e9tudes strat\u00e9giques. <\/p>\n<p>Entre-temps, elle a \u00e9t\u00e9 transf\u00e9r\u00e9e \u00e0 la 110e Brigade d\u2019am\u00e9lioration des man\u0153uvres en 2015, continuant \u00e0 servir comme commandante de brigade.<\/p>\n<p>Ce dipl\u00f4me, combin\u00e9 \u00e0 l\u2019exp\u00e9rience de leadership de Martin, a fait d\u2019elle une candidate de choix pour \u00eatre promue au grade de brigadier-g\u00e9n\u00e9ral et s\u00e9lectionn\u00e9e comme adjudant-g\u00e9n\u00e9ral adjointe dans la Garde nationale du Missouri.<\/p>\n","protected":false},"featured_media":1886,"menu_order":0,"template":"","tags":[],"class_list":["post-85018","news","type-news","status-publish","has-post-thumbnail","hentry"],"acf":[],"publishpress_future_workflow_manual_trigger":{"enabledWorkflows":[]},"_links":{"self":[{"href":"https:\/\/www.iaff.org\/fr-ca\/wp-json\/wp\/v2\/news\/85018","targetHints":{"allow":["GET"]}}],"collection":[{"href":"https:\/\/www.iaff.org\/fr-ca\/wp-json\/wp\/v2\/news"}],"about":[{"href":"https:\/\/www.iaff.org\/fr-ca\/wp-json\/wp\/v2\/types\/news"}],"version-history":[{"count":0,"href":"https:\/\/www.iaff.org\/fr-ca\/wp-json\/wp\/v2\/news\/85018\/revisions"}],"wp:featuredmedia":[{"embeddable":true,"href":"https:\/\/www.iaff.org\/fr-ca\/wp-json\/wp\/v2\/media\/1886"}],"wp:attachment":[{"href":"https:\/\/www.iaff.org\/fr-ca\/wp-json\/wp\/v2\/media?parent=85018"}],"wp:term":[{"taxonomy":"post_tag","embeddable":true,"href":"https:\/\/www.iaff.org\/fr-ca\/wp-json\/wp\/v2\/tags?post=85018"}],"curies":[{"name":"wp","href":"https:\/\/api.w.org\/{rel}","templated":true}]}}