{"id":84947,"date":"2017-02-16T21:21:58","date_gmt":"2017-02-17T02:21:58","guid":{"rendered":"https:\/\/www.iaff.org\/news\/hausse-du-nombre-de-pompiers-de-colorado-springs-qui-demissionnent\/"},"modified":"2017-02-16T21:21:58","modified_gmt":"2017-02-17T02:21:58","slug":"hausse-du-nombre-de-pompiers-de-colorado-springs-qui-demissionnent","status":"publish","type":"news","link":"https:\/\/www.iaff.org\/fr-ca\/news\/hausse-du-nombre-de-pompiers-de-colorado-springs-qui-demissionnent\/","title":{"rendered":"Hausse du nombre de pompiers de Colorado Springs qui d\u00e9missionnent"},"content":{"rendered":"<p>Huit pompiers de Colorado Springs, dont cinq ambulanciers param\u00e9dicaux, ont d\u00e9j\u00e0 quitt\u00e9 le service cette ann\u00e9e. Ce pic force certains changements pour le minist\u00e8re et a soulev\u00e9 des inqui\u00e9tudes quant \u00e0 la capacit\u00e9 du minist\u00e8re \u00e0 tout couvrir. \u00ab Au cours de toute ma carri\u00e8re, je n\u2019ai jamais vu autant de gens quitter notre service pour aller dans d\u2019autres d\u00e9partements \u00bb, a d\u00e9clar\u00e9 David Knoblitt, pr\u00e9sident de la section locale 5 de Colorado Springs, CO.  <\/p>\n<p><a href=\"https:\/\/www.koaa.com\/story\/34516311\/spike-in-colorado-springs-firefighters-quitting\" target=\"_blank\" rel=\"noopener noreferrer\">Lire la suite<\/a><\/p>\n","protected":false},"featured_media":0,"menu_order":0,"template":"","tags":[],"class_list":["post-84947","news","type-news","status-publish","hentry"],"acf":[],"publishpress_future_workflow_manual_trigger":{"enabledWorkflows":[]},"_links":{"self":[{"href":"https:\/\/www.iaff.org\/fr-ca\/wp-json\/wp\/v2\/news\/84947","targetHints":{"allow":["GET"]}}],"collection":[{"href":"https:\/\/www.iaff.org\/fr-ca\/wp-json\/wp\/v2\/news"}],"about":[{"href":"https:\/\/www.iaff.org\/fr-ca\/wp-json\/wp\/v2\/types\/news"}],"version-history":[{"count":0,"href":"https:\/\/www.iaff.org\/fr-ca\/wp-json\/wp\/v2\/news\/84947\/revisions"}],"wp:attachment":[{"href":"https:\/\/www.iaff.org\/fr-ca\/wp-json\/wp\/v2\/media?parent=84947"}],"wp:term":[{"taxonomy":"post_tag","embeddable":true,"href":"https:\/\/www.iaff.org\/fr-ca\/wp-json\/wp\/v2\/tags?post=84947"}],"curies":[{"name":"wp","href":"https:\/\/api.w.org\/{rel}","templated":true}]}}