{"id":84925,"date":"2016-07-29T20:20:15","date_gmt":"2016-07-30T00:20:15","guid":{"rendered":"https:\/\/www.iaff.org\/news\/la-communaute-de-watertown-organise-un-rassemblement-en-soutien-au-syndicat-des-pompiers\/"},"modified":"2016-07-29T20:20:15","modified_gmt":"2016-07-30T00:20:15","slug":"la-communaute-de-watertown-organise-un-rassemblement-en-soutien-au-syndicat-des-pompiers","status":"publish","type":"news","link":"https:\/\/www.iaff.org\/fr-ca\/news\/la-communaute-de-watertown-organise-un-rassemblement-en-soutien-au-syndicat-des-pompiers\/","title":{"rendered":"La communaut\u00e9 de Watertown organise un rassemblement en soutien au syndicat des pompiers"},"content":{"rendered":"<p>Les membres de la communaut\u00e9 de Watertown, NY, se sont joints \u00e0 la section locale 191 de l\u2019Association des pompiers professionnels de Watertown pour protester contre les r\u00e9centes r\u00e9trogradations et la menace de nouvelles compressions que le conseil municipal a impos\u00e9es \u00e0 ses pompiers. Les r\u00e9sidents allumeront les lumi\u00e8res de leur porche en rouge pour soutenir leurs pompiers locaux, qui sont sans contrat depuis juillet 2014. <\/p>\n<p><a href=\"https:\/\/www.watertowndailytimes.com\/news03\/rally-for-firefighterss-union-set-for-watertown-20160727\" target=\"_blank\" rel=\"noopener noreferrer\">Lire la suite&#8230;<\/a><\/p>\n","protected":false},"featured_media":0,"menu_order":0,"template":"","tags":[],"class_list":["post-84925","news","type-news","status-publish","hentry"],"acf":[],"publishpress_future_workflow_manual_trigger":{"enabledWorkflows":[]},"_links":{"self":[{"href":"https:\/\/www.iaff.org\/fr-ca\/wp-json\/wp\/v2\/news\/84925","targetHints":{"allow":["GET"]}}],"collection":[{"href":"https:\/\/www.iaff.org\/fr-ca\/wp-json\/wp\/v2\/news"}],"about":[{"href":"https:\/\/www.iaff.org\/fr-ca\/wp-json\/wp\/v2\/types\/news"}],"version-history":[{"count":0,"href":"https:\/\/www.iaff.org\/fr-ca\/wp-json\/wp\/v2\/news\/84925\/revisions"}],"wp:attachment":[{"href":"https:\/\/www.iaff.org\/fr-ca\/wp-json\/wp\/v2\/media?parent=84925"}],"wp:term":[{"taxonomy":"post_tag","embeddable":true,"href":"https:\/\/www.iaff.org\/fr-ca\/wp-json\/wp\/v2\/tags?post=84925"}],"curies":[{"name":"wp","href":"https:\/\/api.w.org\/{rel}","templated":true}]}}