{"id":84859,"date":"2015-08-19T16:43:15","date_gmt":"2015-08-19T20:43:15","guid":{"rendered":"https:\/\/www.iaff.org\/news\/la-section-locale-1908-du-comte-de-clark-ouvre-un-centre-de-soins-de-sante\/"},"modified":"2015-08-19T16:43:15","modified_gmt":"2015-08-19T20:43:15","slug":"la-section-locale-1908-du-comte-de-clark-ouvre-un-centre-de-soins-de-sante","status":"publish","type":"news","link":"https:\/\/www.iaff.org\/fr-ca\/news\/la-section-locale-1908-du-comte-de-clark-ouvre-un-centre-de-soins-de-sante\/","title":{"rendered":"La section locale 1908 du comt\u00e9 de Clark ouvre un centre de soins de sant\u00e9"},"content":{"rendered":"<div class=\"pull-left\">\n<div class=\"details-parent-menu\"><img decoding=\"async\" class=\"alignright wp-image-8797 size-full\" src=\"https:\/\/www.iaff.org\/wp-content\/uploads\/2019\/05\/FirstResponse-Family-Care-Center.jpg\" alt=\"\" width=\"320\" height=\"240\">Alors que les sections locales de l\u2019AIP cherchent des moyens d\u2019offrir des soins de sant\u00e9 de qualit\u00e9 et \u00e0 faible co\u00fbt aux membres et aux retrait\u00e9s actifs, de plus en plus d\u2019affili\u00e9s trouvent que l\u2019assurance autofinanc\u00e9e est la meilleure option.<\/div>\n<\/div>\n<div class=\"details-body\">\n<div class=\"col-xs-12 details-html-container\">\n<p>La section locale 1908 du comt\u00e9 de Clark, NV, va plus loin et a \u00e9tabli son propre centre de soins de sant\u00e9.<\/p>\n<p>Les membres de la section locale 1908 du comt\u00e9 de Clark ont ouvert les portes du centre de soins familiaux FirstResponse le 3 ao\u00fbt.<\/p>\n<p>\u00ab Il s\u2019agit d\u2019offrir le meilleur service \u00e0 nos membres \u00bb, a d\u00e9clar\u00e9 le pr\u00e9sident de la section locale 1908 du comt\u00e9 de Clark, Ryan Beaman. \u00ab \u00c0 l\u2019ext\u00e9rieur de ce centre, nos membres, retrait\u00e9s et personnes \u00e0 charge peuvent voir un m\u00e9decin de soins primaires, faire effectuer des analyses de laboratoire et ex\u00e9cuter leurs ordonnances sur place. \u00bb <\/p>\n<p>Le r\u00e9gime d\u2019assurance-maladie auto-assur\u00e9 de la section locale 1908 est g\u00e9r\u00e9 par un conseil d\u2019administration (tous les membres). Les conseillers se font une priorit\u00e9 de chercher des moyens de contr\u00f4ler les co\u00fbts tout en veillant \u00e0 ce que les membres et leurs personnes \u00e0 charge re\u00e7oivent des soins de qualit\u00e9. Il n\u2019y a pas de quote-part et les membres re\u00e7oivent certaines ordonnances \u00e0 des taux r\u00e9duits.  <\/p>\n<p>Nous cherchons d\u00e9j\u00e0 \u00e0 offrir des services suppl\u00e9mentaires au centre, mais c\u2019est un excellent point de d\u00e9part \u00bb, explique Beaman.<\/p>\n<p>\u00c0 l\u2019heure actuelle, il y a 3 000 membres actifs et retrait\u00e9s actifs de la section locale 1908 qui re\u00e7oivent une couverture d\u2019assurance-maladie par l\u2019interm\u00e9diaire de la section locale.<\/p>\n<\/div>\n<\/div>\n","protected":false},"featured_media":2254,"menu_order":0,"template":"","tags":[],"class_list":["post-84859","news","type-news","status-publish","has-post-thumbnail","hentry"],"acf":[],"publishpress_future_workflow_manual_trigger":{"enabledWorkflows":[]},"_links":{"self":[{"href":"https:\/\/www.iaff.org\/fr-ca\/wp-json\/wp\/v2\/news\/84859","targetHints":{"allow":["GET"]}}],"collection":[{"href":"https:\/\/www.iaff.org\/fr-ca\/wp-json\/wp\/v2\/news"}],"about":[{"href":"https:\/\/www.iaff.org\/fr-ca\/wp-json\/wp\/v2\/types\/news"}],"version-history":[{"count":0,"href":"https:\/\/www.iaff.org\/fr-ca\/wp-json\/wp\/v2\/news\/84859\/revisions"}],"wp:featuredmedia":[{"embeddable":true,"href":"https:\/\/www.iaff.org\/fr-ca\/wp-json\/wp\/v2\/media\/2254"}],"wp:attachment":[{"href":"https:\/\/www.iaff.org\/fr-ca\/wp-json\/wp\/v2\/media?parent=84859"}],"wp:term":[{"taxonomy":"post_tag","embeddable":true,"href":"https:\/\/www.iaff.org\/fr-ca\/wp-json\/wp\/v2\/tags?post=84859"}],"curies":[{"name":"wp","href":"https:\/\/api.w.org\/{rel}","templated":true}]}}