{"id":84838,"date":"2015-03-17T16:54:26","date_gmt":"2015-03-17T20:54:26","guid":{"rendered":"https:\/\/www.iaff.org\/news\/lequipe-des-pompiers-de-la-floride-se-rend-a-prague-pour-une-competition-mondiale\/"},"modified":"2015-03-17T16:54:26","modified_gmt":"2015-03-17T20:54:26","slug":"lequipe-des-pompiers-de-la-floride-se-rend-a-prague-pour-une-competition-mondiale","status":"publish","type":"news","link":"https:\/\/www.iaff.org\/fr-ca\/news\/lequipe-des-pompiers-de-la-floride-se-rend-a-prague-pour-une-competition-mondiale\/","title":{"rendered":"L\u2019\u00e9quipe des pompiers de la Floride se rend \u00e0 Prague pour une comp\u00e9tition mondiale"},"content":{"rendered":"<div class=\"pull-left\">\n<div class=\"details-parent-menu\"><img decoding=\"async\" class=\"alignright wp-image-8675 size-full\" src=\"https:\/\/www.iaff.org\/wp-content\/uploads\/2019\/05\/ALS_Florida-Cup-2013.jpg\" alt=\"\" width=\"400\" height=\"323\">Une \u00e9quipe de trois membres de la section locale 3080 de Metro-Broward, en Floride, affrontera 100 \u00e9quipes lors du Rallye Rejviz, une comp\u00e9tition internationale pour les \u00e9quipes de services m\u00e9dicaux d\u2019urgence, \u00e0 Prague en mai 2015.<\/div>\n<\/div>\n<div class=\"details-body\">\n<div class=\"col-xs-12 details-html-container\">\n<p>Les membres de l\u2019\u00e9quipe Manuel Sanchez, Vito Labriola et Lorne Browne ont remport\u00e9 deux fois la Coupe de la Floride de la SLA, et l\u2019\u00e9quipe a maintenant h\u00e2te de se mesurer \u00e0 des \u00e9quipes d\u2019autres pays. \u00ab Nous sommes la seule \u00e9quipe am\u00e9ricaine en comp\u00e9tition, ce qui rend cette comp\u00e9tition encore plus sp\u00e9ciale pour nous \u00bb, a d\u00e9clar\u00e9 Sanchez. <\/p>\n<p>L\u2019\u00e9v\u00e9nement du Rallye Rejviz imite un quart de travail de 24 heures. Au cours des ann\u00e9es pr\u00e9c\u00e9dentes, la comp\u00e9tition a inclus jusqu\u2019\u00e0 11 exercices, tels que les mati\u00e8res dangereuses, les traumatismes, les pertes massives et l\u2019intervention m\u00e9dicale, ainsi qu\u2019une multitude d\u2019autres d\u00e9fis. <\/p>\n<p>La c\u00e9r\u00e9monie de remise des prix du Rallye Rejviz est similaire aux c\u00e9r\u00e9monies olympiques avec des m\u00e9dailles d\u2019or, d\u2019argent et de bronze. Les hymnes nationaux des \u00e9quipes gagnantes seront \u00e9galement jou\u00e9s. <\/p>\n<p>Sanchez dit qu\u2019ils ont h\u00e2te de relever le d\u00e9fi. \u00ab Comme les sc\u00e9narios sont con\u00e7us pour sortir de l\u2019ordinaire, nous apprenons toujours quelque chose de nouveau. Cela nous donne une occasion unique de revenir \u00e0 notre minist\u00e8re et de leur dire ce que nous avons appris et comment nous pourrions l\u2019appliquer plus tard au travail. <\/p>\n<\/div>\n<\/div>\n","protected":false},"featured_media":2297,"menu_order":0,"template":"","tags":[],"class_list":["post-84838","news","type-news","status-publish","has-post-thumbnail","hentry"],"acf":[],"publishpress_future_workflow_manual_trigger":{"enabledWorkflows":[]},"_links":{"self":[{"href":"https:\/\/www.iaff.org\/fr-ca\/wp-json\/wp\/v2\/news\/84838","targetHints":{"allow":["GET"]}}],"collection":[{"href":"https:\/\/www.iaff.org\/fr-ca\/wp-json\/wp\/v2\/news"}],"about":[{"href":"https:\/\/www.iaff.org\/fr-ca\/wp-json\/wp\/v2\/types\/news"}],"version-history":[{"count":0,"href":"https:\/\/www.iaff.org\/fr-ca\/wp-json\/wp\/v2\/news\/84838\/revisions"}],"wp:featuredmedia":[{"embeddable":true,"href":"https:\/\/www.iaff.org\/fr-ca\/wp-json\/wp\/v2\/media\/2297"}],"wp:attachment":[{"href":"https:\/\/www.iaff.org\/fr-ca\/wp-json\/wp\/v2\/media?parent=84838"}],"wp:term":[{"taxonomy":"post_tag","embeddable":true,"href":"https:\/\/www.iaff.org\/fr-ca\/wp-json\/wp\/v2\/tags?post=84838"}],"curies":[{"name":"wp","href":"https:\/\/api.w.org\/{rel}","templated":true}]}}