{"id":84830,"date":"2015-02-12T16:32:51","date_gmt":"2015-02-12T21:32:51","guid":{"rendered":"https:\/\/www.iaff.org\/news\/la-section-locale-135-de-wichita-remercie-la-section-locale-112-de-la-ville-de-los-angeles-davoir-aide-son-frere\/"},"modified":"2015-02-12T16:32:51","modified_gmt":"2015-02-12T21:32:51","slug":"la-section-locale-135-de-wichita-remercie-la-section-locale-112-de-la-ville-de-los-angeles-davoir-aide-son-frere","status":"publish","type":"news","link":"https:\/\/www.iaff.org\/fr-ca\/news\/la-section-locale-135-de-wichita-remercie-la-section-locale-112-de-la-ville-de-los-angeles-davoir-aide-son-frere\/","title":{"rendered":"La section locale 135 de Wichita remercie la section locale 112 de la ville de Los Angeles d\u2019avoir aid\u00e9 son fr\u00e8re"},"content":{"rendered":"<div class=\"pull-left\">\n<div class=\"details-parent-menu\"><img decoding=\"async\" class=\"alignright wp-image-8663 size-full\" src=\"https:\/\/www.iaff.org\/wp-content\/uploads\/2019\/05\/Local-135_WichitaLACity.jpg\" alt=\"\" width=\"400\" height=\"177\">Alors que les membres des deux sections locales assistaient au Sommet de formation en leadership des affili\u00e9s de l\u2019AIP \u00e0 Anaheim, en Californie, \u00e0 Wichita, la section locale 135 de la section locale 135 a remis \u00e0 la section locale 112 de Los Angeles, en Californie, une plaque de remerciement pour l\u2019aide fournie \u00e0 Preston Gonsalves, membre de la section locale 135.<\/div>\n<\/div>\n<div class=\"details-body\">\n<div class=\"col-xs-12 details-html-container\">\n<p>La fille de Gonsalves, Christine, \u00e2g\u00e9e de 20 ans, est n\u00e9e avec une malformation cardiaque cong\u00e9nitale, qui a n\u00e9cessit\u00e9 de multiples chirurgies, dont l\u2019installation d\u2019un stimulateur cardiaque.<\/p>\n<p>Finalement, les m\u00e9decins ont recommand\u00e9 une chirurgie de transplantation cardiaque.<\/p>\n<p>Christine vit en Californie et la chirurgie serait effectu\u00e9e dans un h\u00f4pital de Los Angeles. Gonsalves s\u2019est envol\u00e9 pour \u00eatre avec sa fille pendant qu\u2019elle subissait la proc\u00e9dure. <\/p>\n<p>\u00ab Nous voulions nous assurer que la famille re\u00e7oive le soutien dont elle avait besoin, alors nous avons appel\u00e9 nos fr\u00e8res et s\u0153urs de la section locale 112 de la ville de Los Angeles \u00bb, explique le pr\u00e9sident de la section locale 135, Matt Shulte.<\/p>\n<p>\u00ab Les membres de la section locale 112 m\u2019ont imm\u00e9diatement contact\u00e9 pour m\u2019offrir de l\u2019aide \u00bb, dit Gonsalves. \u00ab Comme je passais tellement de temps \u00e0 l\u2019h\u00f4pital, la chose la plus importante qu\u2019ils ont faite pour moi a \u00e9t\u00e9 de m\u2019emmener d\u00eener et de me faire visiter leurs installations d\u2019incendie. C\u2019\u00e9tait un bon soulagement du stress de s\u2019\u00e9loigner de l\u2019h\u00f4pital pendant un certain temps. <\/p>\n<p>\u00ab L\u2019attention de la section locale 112 envers nos membres \u00e9tait une grande d\u00e9monstration de fraternit\u00e9 et c\u2019est pourquoi nous avons d\u00e9cid\u00e9 de les honorer avec la plaque \u00bb, a d\u00e9clar\u00e9 Schulte.<\/p>\n<p>Christine a depuis quitt\u00e9 l\u2019h\u00f4pital et les m\u00e9decins rapportent que son nouveau c\u0153ur fonctionne comme il se doit.<\/p>\n<\/div>\n<\/div>\n","protected":false},"featured_media":2314,"menu_order":0,"template":"","tags":[],"class_list":["post-84830","news","type-news","status-publish","has-post-thumbnail","hentry"],"acf":[],"publishpress_future_workflow_manual_trigger":{"enabledWorkflows":[]},"_links":{"self":[{"href":"https:\/\/www.iaff.org\/fr-ca\/wp-json\/wp\/v2\/news\/84830","targetHints":{"allow":["GET"]}}],"collection":[{"href":"https:\/\/www.iaff.org\/fr-ca\/wp-json\/wp\/v2\/news"}],"about":[{"href":"https:\/\/www.iaff.org\/fr-ca\/wp-json\/wp\/v2\/types\/news"}],"version-history":[{"count":0,"href":"https:\/\/www.iaff.org\/fr-ca\/wp-json\/wp\/v2\/news\/84830\/revisions"}],"wp:featuredmedia":[{"embeddable":true,"href":"https:\/\/www.iaff.org\/fr-ca\/wp-json\/wp\/v2\/media\/2314"}],"wp:attachment":[{"href":"https:\/\/www.iaff.org\/fr-ca\/wp-json\/wp\/v2\/media?parent=84830"}],"wp:term":[{"taxonomy":"post_tag","embeddable":true,"href":"https:\/\/www.iaff.org\/fr-ca\/wp-json\/wp\/v2\/tags?post=84830"}],"curies":[{"name":"wp","href":"https:\/\/api.w.org\/{rel}","templated":true}]}}