{"id":84794,"date":"2021-10-04T17:06:36","date_gmt":"2021-10-04T21:06:36","guid":{"rendered":"https:\/\/www.iaff.org\/news\/laip-accueille-une-nouvelle-section-locale-de-la-californie\/"},"modified":"2025-10-06T10:45:02","modified_gmt":"2025-10-06T14:45:02","slug":"laip-accueille-une-nouvelle-section-locale-de-la-californie","status":"publish","type":"news","link":"https:\/\/www.iaff.org\/fr-ca\/news\/laip-accueille-une-nouvelle-section-locale-de-la-californie\/","title":{"rendered":"L\u2019IAFF accueille la nouvelle section locale californienne"},"content":{"rendered":"<div class=\"wp-block-paragraph \">\n<p>La section locale 5349 de La Habra Heights est le plus r\u00e9cent affili\u00e9 californien \u00e0 rejoindre l\u2019IAFF.<\/p>\n<\/div><div class=\"wp-block-paragraph \">\n<p>La Habra Heights est une petite ville situ\u00e9e dans le comt\u00e9 de Los Angeles, en Californie. Le service d\u2019incendie dessert la ville et r\u00e9pond aux appels d\u2019aide automatiques avec le service d\u2019incendie du comt\u00e9 de Los Angeles. <\/p>\n<\/div><div class=\"wp-block-paragraph \">\n<p>Au fur et \u00e0 mesure que la demande de services a augment\u00e9 au fil des ans, le service d\u2019incendie de La Habra Heights est progressivement pass\u00e9 d\u2019un service de volontaires \u00e0 un service d\u2019incendie combin\u00e9. Maintenant avec quatre membres de carri\u00e8re au sein du minist\u00e8re, c\u2019\u00e9tait le bon moment pour s\u2019organiser et se joindre \u00e0 l\u2019AIP. <\/p>\n<\/div><div class=\"wp-block-paragraph \">\n<p>\u00ab Nous voulions nous \u00e9tablir en tant que syndicat et esp\u00e9rons bient\u00f4t n\u00e9gocier l\u2019ajout d\u2019autres membres de carri\u00e8re \u00e0 notre service \u00bb, a d\u00e9clar\u00e9 le pr\u00e9sident de la section locale 5349, Ryan Jorgensen. \u00ab Les membres de la section locale 5349 ont \u00e9galement h\u00e2te de tirer parti de l\u2019\u00e9ducation et de la formation que l\u2019AIP a \u00e0 offrir. \u00bb <\/p>\n<\/div><div class=\"wp-block-paragraph \">\n<p>Le secr\u00e9taire Robert Montaghami et le tr\u00e9sorier Michael Sokoloff se joignent \u00e0 M. Jorgensen au sein du conseil ex\u00e9cutif de la section locale 5349.<\/p>\n<\/div>","protected":false},"featured_media":867,"menu_order":0,"template":"","tags":[],"class_list":["post-84794","news","type-news","status-publish","has-post-thumbnail","hentry"],"acf":[],"publishpress_future_workflow_manual_trigger":{"enabledWorkflows":[]},"_links":{"self":[{"href":"https:\/\/www.iaff.org\/fr-ca\/wp-json\/wp\/v2\/news\/84794","targetHints":{"allow":["GET"]}}],"collection":[{"href":"https:\/\/www.iaff.org\/fr-ca\/wp-json\/wp\/v2\/news"}],"about":[{"href":"https:\/\/www.iaff.org\/fr-ca\/wp-json\/wp\/v2\/types\/news"}],"version-history":[{"count":0,"href":"https:\/\/www.iaff.org\/fr-ca\/wp-json\/wp\/v2\/news\/84794\/revisions"}],"wp:featuredmedia":[{"embeddable":true,"href":"https:\/\/www.iaff.org\/fr-ca\/wp-json\/wp\/v2\/media\/867"}],"wp:attachment":[{"href":"https:\/\/www.iaff.org\/fr-ca\/wp-json\/wp\/v2\/media?parent=84794"}],"wp:term":[{"taxonomy":"post_tag","embeddable":true,"href":"https:\/\/www.iaff.org\/fr-ca\/wp-json\/wp\/v2\/tags?post=84794"}],"curies":[{"name":"wp","href":"https:\/\/api.w.org\/{rel}","templated":true}]}}