{"id":84793,"date":"2021-10-13T21:35:48","date_gmt":"2021-10-14T01:35:48","guid":{"rendered":"https:\/\/www.iaff.org\/news\/une-nouvelle-section-locale-du-texas-met-laccent-sur-la-sante-et-la-famille\/"},"modified":"2025-09-29T15:11:52","modified_gmt":"2025-09-29T19:11:52","slug":"une-nouvelle-section-locale-du-texas-met-laccent-sur-la-sante-et-la-famille","status":"publish","type":"news","link":"https:\/\/www.iaff.org\/fr-ca\/news\/une-nouvelle-section-locale-du-texas-met-laccent-sur-la-sante-et-la-famille\/","title":{"rendered":"Une nouvelle section locale du Texas met l\u2019accent sur la sant\u00e9 et la famille"},"content":{"rendered":"<div class=\"wp-block-paragraph \">\n<p>La section locale 5355 de Zapatta, TX est la plus r\u00e9cente section locale de l\u2019IAFF.<\/p>\n<\/div><div class=\"wp-block-paragraph \">\n<p>Le service d\u2019incendie du comt\u00e9 de Zapatta, situ\u00e9 dans le sud du Texas avec seulement Falcon Lake s\u00e9parant le comt\u00e9 du Texas de la fronti\u00e8re mexicaine, est un petit service polyvalent qui r\u00e9pond aux appels d\u2019urgence dans tout le comt\u00e9. Pour de nombreux membres du service, la lutte contre les incendies est plus qu\u2019un simple travail, d\u00e9clare le pr\u00e9sident de la section locale 5355, Zenon Perez. <\/p>\n<\/div><div class=\"wp-block-paragraph \">\n<p>\u00ab Nous avons des p\u00e8res et des fils, des p\u00e8res et des filles et des fr\u00e8res et s\u0153urs qui travaillent dans notre d\u00e9partement. Certaines familles sont dans le d\u00e9partement depuis deux ou trois g\u00e9n\u00e9rations. Donc, pour nous, ce n\u2019est pas seulement une question de travail, c\u2019est une question de famille \u00bb, dit-il. \u00ab Nous avons d\u00e9cid\u00e9 de nous organiser et de former un syndicat afin de pouvoir travailler \u00e0 la cr\u00e9ation de politiques en milieu de travail et \u00e0 l\u2019am\u00e9lioration des avantages m\u00e9dicaux qui favorisent la sant\u00e9 des pompiers. \u00bb <\/p>\n<\/div><div class=\"wp-block-paragraph \">\n<p>\u00ab Le 11e district est fier d\u2019accueillir une nouvelle section locale \u00bb, a d\u00e9clar\u00e9 le vice-pr\u00e9sident du 11e district, Sandy McGhee. \u00ab L\u2019AIP est pr\u00eate \u00e0 aider nos confr\u00e8res et s\u0153urs de la section locale 5355 \u00e0 atteindre leurs priorit\u00e9s en mati\u00e8re de sant\u00e9 et de s\u00e9curit\u00e9. \u00bb <\/p>\n<\/div><div class=\"wp-block-paragraph \">\n<p>Le secr\u00e9taire Alberto Soto et le tr\u00e9sorier Antonio Saavedra se joignent \u00e0 M. Perez au sein du conseil ex\u00e9cutif de la section locale 5355.<\/p>\n<\/div>","protected":false},"featured_media":852,"menu_order":0,"template":"","tags":[],"class_list":["post-84793","news","type-news","status-publish","has-post-thumbnail","hentry"],"acf":[],"publishpress_future_workflow_manual_trigger":{"enabledWorkflows":[]},"_links":{"self":[{"href":"https:\/\/www.iaff.org\/fr-ca\/wp-json\/wp\/v2\/news\/84793","targetHints":{"allow":["GET"]}}],"collection":[{"href":"https:\/\/www.iaff.org\/fr-ca\/wp-json\/wp\/v2\/news"}],"about":[{"href":"https:\/\/www.iaff.org\/fr-ca\/wp-json\/wp\/v2\/types\/news"}],"version-history":[{"count":0,"href":"https:\/\/www.iaff.org\/fr-ca\/wp-json\/wp\/v2\/news\/84793\/revisions"}],"wp:featuredmedia":[{"embeddable":true,"href":"https:\/\/www.iaff.org\/fr-ca\/wp-json\/wp\/v2\/media\/852"}],"wp:attachment":[{"href":"https:\/\/www.iaff.org\/fr-ca\/wp-json\/wp\/v2\/media?parent=84793"}],"wp:term":[{"taxonomy":"post_tag","embeddable":true,"href":"https:\/\/www.iaff.org\/fr-ca\/wp-json\/wp\/v2\/tags?post=84793"}],"curies":[{"name":"wp","href":"https:\/\/api.w.org\/{rel}","templated":true}]}}