{"id":84785,"date":"2021-09-06T15:47:01","date_gmt":"2021-09-06T19:47:01","guid":{"rendered":"https:\/\/www.iaff.org\/news\/laip-pleure-la-perte-du-president-general-emerite-alfred-k-whitehead\/"},"modified":"2025-09-29T15:11:20","modified_gmt":"2025-09-29T19:11:20","slug":"laip-pleure-la-perte-du-president-general-emerite-alfred-k-whitehead","status":"publish","type":"news","link":"https:\/\/www.iaff.org\/fr-ca\/news\/laip-pleure-la-perte-du-president-general-emerite-alfred-k-whitehead\/","title":{"rendered":"L\u2019IAFF pleure la perte du pr\u00e9sident g\u00e9n\u00e9ral \u00e9m\u00e9rite Alfred K. Whitehead"},"content":{"rendered":"<div class=\"wp-block-paragraph \">\n<p><strong>Un service comm\u00e9moratif en l\u2019honneur de la vie et de l\u2019h\u00e9ritage d\u2019Alfred K. Whitehead est pr\u00e9vu le vendredi 17 septembre 2021 \u00e0 10h00 \u00e0 l\u2019\u00e9glise Cottonwood, 4505 Katella Ave., Los Alamitos, CA 90720. La veille, le 16 septembre, un service de drapeau aura lieu \u00e0 la caserne de pompiers 27, 6031, chemin Rickenbacker \u00e0 Commerce. <\/strong><\/p>\n<\/div><div class=\"wp-block-paragraph \">\n<p>L\u2019IAFF est profond\u00e9ment attrist\u00e9e par le d\u00e9c\u00e8s du pr\u00e9sident g\u00e9n\u00e9ral \u00e9m\u00e9rite de l\u2019IAFF, Alfred K. Whitehead. Il avait 91 ans. <\/p>\n<\/div><div class=\"wp-block-paragraph \">\n<p>Pompier qui a consacr\u00e9 sa vie au mouvement syndical, le confr\u00e8re Whitehead est d\u00e9c\u00e9d\u00e9 le 4 septembre, fin de semaine de la f\u00eate du Travail.<\/p>\n<\/div><div class=\"wp-block-paragraph \">\n<p>\u00ab C\u2019\u00e9tait un grand dirigeant syndical, dit le pr\u00e9sident g\u00e9n\u00e9ral Edward Kelly. \u00ab Nous lui devons beaucoup de gratitude pour son innovation et son d\u00e9vouement \u00e0 la profession de pompier et au mouvement syndical. Nos membres ont toujours \u00e9t\u00e9 assur\u00e9s qu\u2019il continuerait \u00e0 se battre avec tout ce qu\u2019il avait pour de meilleures protections contre les maladies professionnelles, des conditions de travail et des avantages sociaux. L\u2019AIP est aussi forte et robuste qu\u2019elle l\u2019est aujourd\u2019hui parce que le pr\u00e9sident Whitehead s\u2019est battu sans rel\u00e2che pour nos membres chaque jour. Nos pens\u00e9es et nos pri\u00e8res vont \u00e0 sa famille, \u00e0 ses amis et \u00e0 tous ceux qui l\u2019ont bien connu. Il nous manquera. <\/p>\n<\/div><div class=\"wp-block-paragraph \">\n<p>\u00ab l\u2019AIP n\u2019avait pas de budget lorsque Al Whitehead a \u00e9t\u00e9 \u00e9lu secr\u00e9taire-tr\u00e9sorier g\u00e9n\u00e9ral en 1982 \u00bb, a d\u00e9clar\u00e9 le secr\u00e9taire-tr\u00e9sorier g\u00e9n\u00e9ral Frank L\u00edma. \u00ab GST Whitehead de l\u2019\u00e9poque a sauv\u00e9 l\u2019AIP de l\u2019insolvabilit\u00e9; il a commenc\u00e9 \u00e0 attribuer des frais par habitant \u00e0 chaque r\u00e9solution du Congr\u00e8s de l\u2019AIP qui avait un facteur de co\u00fbt. Il a invent\u00e9 l\u2019expression : \u00ab\u00a0Si vous le voulez, vous devez le financer\u00a0\u00bb. l\u2019AIP Le pr\u00e9sident \u00e9m\u00e9rite Whitehead \u00e9tait un leader syndical incroyablement dur, ami pour beaucoup et mon mentor. Le confr\u00e8re Whitehead m\u2019a inspir\u00e9 \u00e0 me pr\u00e9senter au poste de secr\u00e9taire-tr\u00e9sorier g\u00e9n\u00e9ral et je le garderai toujours pr\u00e8s de mon c\u0153ur, lui et ses enseignements. Que la lumi\u00e8re perp\u00e9tuelle brille toujours sur lui, la famille Whitehead, la section locale 1014 et l\u2019AIP. <\/p>\n<\/div><div class=\"wp-block-paragraph \">\n<p>Whitehead a servi plus de 20 ans comme pompier du comt\u00e9 de Los Angeles, en Californie, et s\u2019est consacr\u00e9 \u00e0 la section locale 1014 du comt\u00e9 de Los Angeles avant de prendre sa retraite en 1982 pour occuper le poste de secr\u00e9taire-tr\u00e9sorier de l\u2019AIP. Six ans plus tard, en 1988, Whitehead est \u00e9lu huiti\u00e8me pr\u00e9sident g\u00e9n\u00e9ral du syndicat, poste qu\u2019il occupe jusqu\u2019\u00e0 sa retraite en 2000.<br\/>\u00ab Le service d\u2019incendie a perdu une l\u00e9gende syndicale ce week-end de la f\u00eate du Travail \u00bb, a d\u00e9clar\u00e9 le pr\u00e9sident de la section locale 1014 du comt\u00e9 de Los Angeles, Dave Gillotte. \u00ab Mon bon ami et mentor \u00e9tait l\u2019un des leaders les plus dynamiques, passionn\u00e9s et d\u00e9vou\u00e9s de l\u2019AIP. Il s\u2019est battu au nom de chacun d\u2019entre nous avec un feu dans le c\u0153ur. Nos pens\u00e9es et nos pri\u00e8res vont \u00e0 sa famille et \u00e0 ses amis proches. Al n\u00e9gocie probablement des conditions au paradis pour les futurs pompiers.  <\/p>\n<\/div><div class=\"wp-block-paragraph \">\n<p>Au cours de son mandat \u00e0 la plus haute fonction du syndicat, Whitehead a fait de l\u2019action politique une priorit\u00e9 absolue, travaillant fort pour \u00e9tablir des alli\u00e9s aux niveaux local, \u00e9tatique et f\u00e9d\u00e9ral.<br\/>Il s\u2019est impliqu\u00e9 dans le mouvement syndical en tant que membre de la Fraternit\u00e9 internationale des ouvriers en \u00e9lectricit\u00e9 (FIOE) \u00e0 la fin des ann\u00e9es 1940 et au d\u00e9but des ann\u00e9es 1950. Il s\u2019est joint au service d\u2019incendie de Los Angeles en 1954 et s\u2019est joint \u00e0 la section locale 1014 du comt\u00e9 de Los Angeles, o\u00f9 il a \u00e9t\u00e9 \u00e9lu pr\u00e9sident en 1970. <\/p>\n<\/div><div class=\"wp-block-paragraph \">\n<p>Au niveau de l\u2019\u00c9tat, il a aid\u00e9 ce qu\u2019on appelait alors les Federated Fire Fighters of California (plus tard rebaptis\u00e9s California Professional Firefighters) \u00e0 \u00e9laborer un programme d\u2019action politique efficace et a travaill\u00e9 \u00e0 sauver l\u2019association de l\u2019\u00c9tat de la faillite.<\/p>\n<\/div><div class=\"wp-block-paragraph \">\n<p>Lorsque Whitehead a pris sa retraite en 2000, les d\u00e9l\u00e9gu\u00e9s du congr\u00e8s ont rebaptis\u00e9 la Conf\u00e9rence l\u00e9gislative de l\u2019AIP la Conf\u00e9rence l\u00e9gislative Alfred K. Whitehead.<\/p>\n<\/div><div class=\"wp-block-paragraph \">\n<p><a href=\"https:\/\/www.cpf.org\/go\/cpf\/news-and-events\/news\/honoring-the-legacy-of-alfred-k-whitehead\/?fbclid=IwAR3gi6Ss86NgIsiVzuHnF6nK3TLViJyb2BOJSAhlOktM3d7m358JlTq_IRE\" target=\"_blank\" rel=\"noreferrer noopener\">Lire la suite<\/a> &#8230;<\/p>\n<\/div>","protected":false},"featured_media":897,"menu_order":0,"template":"","tags":[],"class_list":["post-84785","news","type-news","status-publish","has-post-thumbnail","hentry"],"acf":[],"publishpress_future_workflow_manual_trigger":{"enabledWorkflows":[]},"_links":{"self":[{"href":"https:\/\/www.iaff.org\/fr-ca\/wp-json\/wp\/v2\/news\/84785","targetHints":{"allow":["GET"]}}],"collection":[{"href":"https:\/\/www.iaff.org\/fr-ca\/wp-json\/wp\/v2\/news"}],"about":[{"href":"https:\/\/www.iaff.org\/fr-ca\/wp-json\/wp\/v2\/types\/news"}],"version-history":[{"count":0,"href":"https:\/\/www.iaff.org\/fr-ca\/wp-json\/wp\/v2\/news\/84785\/revisions"}],"wp:featuredmedia":[{"embeddable":true,"href":"https:\/\/www.iaff.org\/fr-ca\/wp-json\/wp\/v2\/media\/897"}],"wp:attachment":[{"href":"https:\/\/www.iaff.org\/fr-ca\/wp-json\/wp\/v2\/media?parent=84785"}],"wp:term":[{"taxonomy":"post_tag","embeddable":true,"href":"https:\/\/www.iaff.org\/fr-ca\/wp-json\/wp\/v2\/tags?post=84785"}],"curies":[{"name":"wp","href":"https:\/\/api.w.org\/{rel}","templated":true}]}}