{"id":84775,"date":"2021-08-25T20:04:28","date_gmt":"2021-08-26T00:04:28","guid":{"rendered":"https:\/\/www.iaff.org\/news\/les-responsables-de-lile-des-palmiers-trainent-les-pieds-dans-lembauche-dun-nouveau-chef-des-pompiers\/"},"modified":"2025-08-05T13:15:49","modified_gmt":"2025-08-05T17:15:49","slug":"les-responsables-de-lile-des-palmiers-trainent-les-pieds-dans-lembauche-dun-nouveau-chef-des-pompiers","status":"publish","type":"news","link":"https:\/\/www.iaff.org\/fr-ca\/news\/les-responsables-de-lile-des-palmiers-trainent-les-pieds-dans-lembauche-dun-nouveau-chef-des-pompiers\/","title":{"rendered":"Les responsables de l\u2019\u00eele des Palmiers tra\u00eenent les pieds dans l\u2019embauche d\u2019un nouveau chef des pompiers"},"content":{"rendered":"<div class=\"wp-block-paragraph \">\n<p>La ville d\u2019Isle of Palms, en Caroline du Sud, est sans chef des pompiers depuis plus de huit mois, une situation qui a nui au moral des pompiers et continue de menacer les op\u00e9rations du service d\u2019incendie.<\/p>\n<\/div><div class=\"wp-block-paragraph \">\n<p>La section locale 3967 de l\u2019\u00eele des Palmiers affirme que la ville a compl\u00e8tement b\u00e2cl\u00e9 ses efforts pour trouver un nouveau chef des pompiers, ignorant les candidats qualifi\u00e9s et offrant le poste \u00e0 d\u2019autres qui ont finalement refus\u00e9 l\u2019offre d\u2019emploi. Au lieu de cela, la ville a temporairement plac\u00e9 le service d\u2019incendie sous le contr\u00f4le du chef de police. <\/p>\n<\/div>\n<figure class=\"wp-block-image aligncenter size-large\"><img decoding=\"async\" src=\"https:\/\/www.iaff.org\/wp-content\/uploads\/\/Pesature-300x157.jpg\" alt=\"\"><figcaption class=\"wp-element-caption\">Vice-pr\u00e9sident de l\u2019Association des pompiers professionnels de la Caroline du Sud, William Pesature<\/figcaption><\/figure>\n<div class=\"wp-block-paragraph \">\n<p>Le pr\u00e9sident de la section locale 3967, Pete Gray, affirme que les efforts de l\u2019affili\u00e9 pour communiquer avec le maire et l\u2019administrateur municipal au sujet de l\u2019embauche d\u2019un nouveau chef des pompiers sont tomb\u00e9s dans l\u2019oreille d\u2019un sourd. \u00ab Ils continuent de ne pas tenir compte de nos commentaires et refusent de nous rencontrer \u00bb, dit-il. <\/p>\n<\/div><div class=\"wp-block-paragraph \">\n<p>Lors d\u2019une conf\u00e9rence de presse \u00e0 l\u2019ext\u00e9rieur de la caserne de pompiers de l\u2019\u00eele des Palmiers, les membres de la section locale 3967 ont fait part au public de leurs pr\u00e9occupations quant au fait que la longue p\u00e9riode sans leadership efficace pourrait inciter les pompiers professionnels ayant des ann\u00e9es d\u2019exp\u00e9rience \u00e0 partir pour d\u2019autres opportunit\u00e9s.<\/p>\n<\/div><div class=\"wp-block-paragraph \">\n<p>L\u2019ancienne chef des pompiers Ann Graham a pris sa retraite en d\u00e9cembre 2020. Peu de temps apr\u00e8s, le conseil municipal de l\u2019\u00eele des Palmes a re\u00e7u plus de 70 candidatures pour le poste, dont beaucoup de candidats du service d\u2019incendie avec une d\u00e9cennie ou plus d\u2019exp\u00e9rience dans les services d\u2019incendie. Un candidat interne a inclus dans sa candidature des lettres de recommandation de 28 pompiers de l\u2019\u00eele des Palmiers.  <\/p>\n<\/div><div class=\"wp-block-paragraph \">\n<p>Selon Gray, le conseil municipal a r\u00e9duit le bassin de candidats \u00e0 quatre, offrant le poste \u00e0 deux, qui l\u2019ont tous deux refus\u00e9. En mars de cette ann\u00e9e, la ville a d\u00e9pos\u00e9 des efforts pour embaucher un nouveau chef et a plut\u00f4t plac\u00e9 le service d\u2019incendie sous le contr\u00f4le du chef de police Kevin Cornett sur une base int\u00e9rimaire. <\/p>\n<\/div><div class=\"wp-block-paragraph \">\n<p>\u00ab Tout ce processus a \u00e9t\u00e9 un \u00e9chec complet \u00bb, dit Gray. \u00ab Aucune personne impliqu\u00e9e dans le processus d\u2019embauche n\u2019a d\u2019exp\u00e9rience dans le service d\u2019incendie et tous sont assis l\u00e0 \u00e0 passer au crible les curriculum vitae. \u00bb Il note que Cornett, n\u2019ayant jamais \u00e9t\u00e9 pompier, n\u2019a pas l\u2019\u00e9ducation et l\u2019exp\u00e9rience n\u00e9cessaires pour diriger le service d\u2019incendie.  <\/p>\n<\/div><div class=\"wp-block-paragraph \">\n<p>Les pompiers de l\u2019\u00eele des Palmiers et certains membres du conseil municipal de neuf membres sont frustr\u00e9s par la recherche mal ex\u00e9cut\u00e9e d\u2019un nouveau chef des pompiers. \u00ab Nous devons aller de l\u2019avant \u00bb, a d\u00e9clar\u00e9 Ryan Buckhannon, membre du conseil, lors de la conf\u00e9rence de presse en face de la caserne de pompiers de l\u2019\u00eele des Palmiers. \u00ab Le moral est au plus bas depuis longtemps. \u00bb Buckhannon convient que la ville devrait embaucher un nouveau chef des pompiers au sein du service d\u2019incendie.   <\/p>\n<\/div><div class=\"wp-block-paragraph \">\n<p>William Pesature, vice-pr\u00e9sident de l\u2019Association des pompiers professionnels de Caroline du Sud, a \u00e9galement pris la parole lors de la conf\u00e9rence de presse. \u00ab C\u2019est un gros probl\u00e8me de s\u00e9curit\u00e9. Ces gens de l\u2019autre c\u00f4t\u00e9 de la rue sont ici pour faire un travail dangereux. Il faudrait mettre en charge quelqu\u2019un qui a fait ce qu\u2019il a fait, qui a appris le travail d\u00e8s le d\u00e9but et qui a gravi les \u00e9chelons du syst\u00e8me \u00bb, a-t-il d\u00e9clar\u00e9. <\/p>\n<\/div><div class=\"wp-block-paragraph \">\n<p>Gray dit que la section locale 3967, avec l\u2019aide des pompiers professionnels de la Caroline du Sud et de l\u2019AIP, continuera de faire valoir sa cause aupr\u00e8s des dirigeants municipaux. La section locale 3967, cependant, se tourne vers les \u00e9lections municipales de novembre pour les si\u00e8ges de maire et de conseil municipal comme une occasion d\u2019\u00e9lire des l\u00e9gislateurs qui \u00e9couteront les pompiers professionnels de la ville en mati\u00e8re de s\u00e9curit\u00e9 publique. <\/p>\n<\/div>","protected":false},"featured_media":913,"menu_order":0,"template":"","tags":[],"class_list":["post-84775","news","type-news","status-publish","has-post-thumbnail","hentry"],"acf":[],"publishpress_future_workflow_manual_trigger":{"enabledWorkflows":[]},"_links":{"self":[{"href":"https:\/\/www.iaff.org\/fr-ca\/wp-json\/wp\/v2\/news\/84775","targetHints":{"allow":["GET"]}}],"collection":[{"href":"https:\/\/www.iaff.org\/fr-ca\/wp-json\/wp\/v2\/news"}],"about":[{"href":"https:\/\/www.iaff.org\/fr-ca\/wp-json\/wp\/v2\/types\/news"}],"version-history":[{"count":0,"href":"https:\/\/www.iaff.org\/fr-ca\/wp-json\/wp\/v2\/news\/84775\/revisions"}],"wp:featuredmedia":[{"embeddable":true,"href":"https:\/\/www.iaff.org\/fr-ca\/wp-json\/wp\/v2\/media\/913"}],"wp:attachment":[{"href":"https:\/\/www.iaff.org\/fr-ca\/wp-json\/wp\/v2\/media?parent=84775"}],"wp:term":[{"taxonomy":"post_tag","embeddable":true,"href":"https:\/\/www.iaff.org\/fr-ca\/wp-json\/wp\/v2\/tags?post=84775"}],"curies":[{"name":"wp","href":"https:\/\/api.w.org\/{rel}","templated":true}]}}