{"id":84769,"date":"2021-08-10T20:13:21","date_gmt":"2021-08-11T00:13:21","guid":{"rendered":"https:\/\/www.iaff.org\/news\/des-membres-de-laip-blesses-dans-le-deuxieme-plus-grand-incendie-de-lhistoire-en-californie\/"},"modified":"2025-09-29T15:18:00","modified_gmt":"2025-09-29T19:18:00","slug":"des-membres-de-laip-blesses-dans-le-deuxieme-plus-grand-incendie-de-lhistoire-en-californie","status":"publish","type":"news","link":"https:\/\/www.iaff.org\/fr-ca\/news\/des-membres-de-laip-blesses-dans-le-deuxieme-plus-grand-incendie-de-lhistoire-en-californie\/","title":{"rendered":"Des membres de l\u2019IAFF bless\u00e9s dans le deuxi\u00e8me plus grand incendie de l\u2019histoire de la Californie"},"content":{"rendered":"<div class=\"wp-block-paragraph \">\n<p>Des centaines de membres de l\u2019AIP continuent de combattre un feu de for\u00eat dans le nord de la Californie, maintenant le deuxi\u00e8me plus grand incendie de for\u00eat de l\u2019histoire de l\u2019\u00c9tat. Connu sous le nom d\u2019incendie de Dixie, il a br\u00fbl\u00e9 plus de 482 000 acres et plus de 800 structures. Seul l\u2019incendie du complexe d\u2019ao\u00fbt 2020, qui a consum\u00e9 plus de 1 million d\u2019acres, \u00e9tait plus important.  <\/p>\n<\/div><div class=\"wp-block-paragraph \">\n<p>Quatre membres de la section locale 2881 de CAL FIRE, qui font partie de l\u2019unit\u00e9 Butte de 18 personnes, ont \u00e9t\u00e9 bless\u00e9s lorsqu\u2019un gros arbre a br\u00fbl\u00e9 et est tomb\u00e9 sur eux. Les quatre ont \u00e9t\u00e9 transport\u00e9s \u00e0 l\u2019h\u00f4pital. Trois ont \u00e9t\u00e9 trait\u00e9s et lib\u00e9r\u00e9s. Le quatri\u00e8me, capitaine des pompiers, devrait rester \u00e0 l\u2019h\u00f4pital pendant 7 \u00e0 10 jours avant d\u2019obtenir son cong\u00e9.   <\/p>\n<\/div><div class=\"wp-block-paragraph \">\n<p>\u00ab Au nom de l\u2019AIP, nous souhaitons \u00e0 ces courageux membres un prompt et complet r\u00e9tablissement, a d\u00e9clar\u00e9 le pr\u00e9sident g\u00e9n\u00e9ral Ed Kelly. \u00ab Comme beaucoup de nos membres californiens, ils travaillent dans des conditions tr\u00e8s dangereuses \u2013 temp\u00e9ratures extr\u00eames, conditions de s\u00e9cheresse, v\u00e9g\u00e9tation s\u00e8che et terrain difficile \u2013 pendant des jours, voire des semaines \u00e0 la fois pour assurer la s\u00e9curit\u00e9 des citoyens et de leurs biens. L\u2019AIP est toujours pr\u00eate \u00e0 fournir toutes les ressources n\u00e9cessaires pour les soutenir sur la ligne de tir et en dehors. <\/p>\n<\/div><div class=\"wp-block-paragraph \">\n<p>\u00ab Cet incident souligne l\u2019importance de s\u2019assurer que nos membres disposent des ressources dont ils ont besoin \u00bb, a d\u00e9clar\u00e9 le secr\u00e9taire-tr\u00e9sorier g\u00e9n\u00e9ral Frank L\u00edma. \u00ab Ayant moi-m\u00eame \u00e9t\u00e9 sur les lignes de feu, je connais le danger auquel nos fr\u00e8res et s\u0153urs sont confront\u00e9s ainsi que la fa\u00e7on dont ces ressources aident non seulement \u00e0 pr\u00e9venir de futures blessures, mais aussi \u00e0 fatiguer les membres, ce qui leur permet d\u2019assurer la s\u00e9curit\u00e9 de leurs communaut\u00e9s plus efficacement. \u00bb <\/p>\n<\/div><div class=\"wp-block-paragraph \">\n<p>L\u2019incendie de Dixie, nomm\u00e9 d\u2019apr\u00e8s la route o\u00f9 il a commenc\u00e9 \u00e0 la mi-juillet, n\u2019est contenu qu\u2019\u00e0 environ 22%. En raison d\u2019un changement m\u00e9t\u00e9orologique, l\u2019air s\u2019est suffisamment d\u00e9gag\u00e9 pour permettre aux h\u00e9licopt\u00e8res et aux avions-citernes de prendre leur envol et d\u2019aider les \u00e9quipes au sol dans les efforts de confinement. <\/p>\n<\/div><div class=\"wp-block-paragraph \">\n<p>Comme pour de nombreux feux de for\u00eat, Dixie a \u00e9t\u00e9 aliment\u00e9 par le vent et la v\u00e9g\u00e9tation s\u00e8che. Des \u00e9vacuations actives sont en cours dans les comt\u00e9s de Plumas, Butte, Lassen et Tehama. Les membres de l\u2019AIP concentrent leurs efforts sur la protection de ces maisons menac\u00e9es.  <\/p>\n<\/div><div class=\"wp-block-paragraph \">\n<p>\u00ab Nos membres combattent cet incendie depuis le 14 juillet, et il faudra peut-\u00eatre encore un mois avant qu\u2019il ne soit compl\u00e8tement contenu. N\u00e9anmoins, nos membres restent ax\u00e9s sur leur mission \u00bb, d\u00e9clare le vice-pr\u00e9sident du 10e district, Steve Gilman. \u00ab Ils ne s\u2019arr\u00eateront pas tant que le travail n\u2019est pas termin\u00e9, et cette AIP sera l\u00e0 pour fournir un soutien chaque fois que possible. \u00bb <\/p>\n<\/div><div class=\"wp-block-paragraph \">\n<p>La cause de l\u2019incendie fait l\u2019objet d\u2019une enqu\u00eate. Pacific Gas &amp; Electric a d\u00e9clar\u00e9 qu\u2019il pourrait avoir \u00e9t\u00e9 d\u00e9clench\u00e9 lorsqu\u2019un arbre est tomb\u00e9 sur l\u2019une de ses lignes \u00e9lectriques. <\/p>\n<\/div><div class=\"wp-block-paragraph \">\n<p>La saison des incendies en Californie est en voie de d\u00e9passer la saison de l\u2019ann\u00e9e derni\u00e8re, qui \u00e9tait la pire de l\u2019histoire r\u00e9cente de l\u2019\u00c9tat.<\/p>\n<\/div><div class=\"wp-block-paragraph \">\n<p>Depuis le d\u00e9but de l\u2019ann\u00e9e, plus de 6 000 incendies ont d\u00e9truit plus de 1 260 milles carr\u00e9s de terres, soit plus du triple des pertes de la m\u00eame p\u00e9riode en 2020.<\/p>\n<\/div>","protected":false},"featured_media":932,"menu_order":0,"template":"","tags":[],"class_list":["post-84769","news","type-news","status-publish","has-post-thumbnail","hentry"],"acf":[],"publishpress_future_workflow_manual_trigger":{"enabledWorkflows":[]},"_links":{"self":[{"href":"https:\/\/www.iaff.org\/fr-ca\/wp-json\/wp\/v2\/news\/84769","targetHints":{"allow":["GET"]}}],"collection":[{"href":"https:\/\/www.iaff.org\/fr-ca\/wp-json\/wp\/v2\/news"}],"about":[{"href":"https:\/\/www.iaff.org\/fr-ca\/wp-json\/wp\/v2\/types\/news"}],"version-history":[{"count":0,"href":"https:\/\/www.iaff.org\/fr-ca\/wp-json\/wp\/v2\/news\/84769\/revisions"}],"wp:featuredmedia":[{"embeddable":true,"href":"https:\/\/www.iaff.org\/fr-ca\/wp-json\/wp\/v2\/media\/932"}],"wp:attachment":[{"href":"https:\/\/www.iaff.org\/fr-ca\/wp-json\/wp\/v2\/media?parent=84769"}],"wp:term":[{"taxonomy":"post_tag","embeddable":true,"href":"https:\/\/www.iaff.org\/fr-ca\/wp-json\/wp\/v2\/tags?post=84769"}],"curies":[{"name":"wp","href":"https:\/\/api.w.org\/{rel}","templated":true}]}}