{"id":84766,"date":"2021-07-29T16:27:47","date_gmt":"2021-07-29T20:27:47","guid":{"rendered":"https:\/\/www.iaff.org\/news\/le-president-general-ed-kelly-accueille-le-nouveau-president-de-la-chambre-des-representants-de-lillinois-au-siege-social\/"},"modified":"2025-08-05T14:16:50","modified_gmt":"2025-08-05T18:16:50","slug":"le-president-general-ed-kelly-accueille-le-nouveau-president-de-la-chambre-des-representants-de-lillinois-au-siege-social","status":"publish","type":"news","link":"https:\/\/www.iaff.org\/fr-ca\/news\/le-president-general-ed-kelly-accueille-le-nouveau-president-de-la-chambre-des-representants-de-lillinois-au-siege-social\/","title":{"rendered":"Le pr\u00e9sident g\u00e9n\u00e9ral Ed Kelly accueille le nouveau pr\u00e9sident de la Chambre des repr\u00e9sentants de l\u2019Illinois au si\u00e8ge social"},"content":{"rendered":"<div class=\"wp-block-paragraph \">\n<p>Le pr\u00e9sident g\u00e9n\u00e9ral Ed Kelly a accueilli aujourd\u2019hui le pr\u00e9sident de la Chambre des repr\u00e9sentants de l\u2019\u00c9tat de l\u2019Illinois, Chris Welch, r\u00e9cemment \u00e9lu, au si\u00e8ge de l\u2019AIP. Le repr\u00e9sentant de l\u2019\u00c9tat de l\u2019Illinois, Marcus Evans, le pr\u00e9sident de l\u2019Associated Fire Fighters of Illinois (AFFI), Chuck Sullivan, et le pr\u00e9sident de l\u2019AFL-CIO de l\u2019\u00c9tat de l\u2019Illinois, Tim Drea, se sont joints \u00e0 Welch pour discuter de questions importantes pour les pompiers. <\/p>\n<\/div><div class=\"wp-block-paragraph \">\n<p>Le pr\u00e9sident Welch est un champion reconnu du travail et a un bilan de vote parfait sur les initiatives soutenues par les pompiers pendant son mandat d\u2019\u00e9lu. M. Kelly a remerci\u00e9 le Pr\u00e9sident Welch pour son engagement ind\u00e9fectible \u00e0 l\u2019\u00e9gard des questions qui pr\u00e9occupent les membres de l\u2019AIP, en particulier en ce qui concerne les droits des travailleurs et la n\u00e9cessit\u00e9 d\u2019\u00e9lire des personnes qui reconnaissent et appuient le travail essentiel accompli par les pompiers dans nos communaut\u00e9s. <\/p>\n<\/div><div class=\"wp-block-paragraph \">\n<p>\u00ab Nos probl\u00e8mes sont des probl\u00e8mes de pompiers, c\u2019est aussi simple que cela \u00bb, a d\u00e9clar\u00e9 Kelly. \u00ab Nous soutiendrons tout \u00e9lu qui nous comprend et appr\u00e9cie ce que nous faisons pour rendre nos communaut\u00e9s plus s\u00fbres et plus vivables. J\u2019ai h\u00e2te de travailler avec le pr\u00e9sident Welch, le repr\u00e9sentant Evans et les dirigeants de l\u2019Illinois alors qu\u2019ils travaillent \u00e0 am\u00e9liorer la vie de nos membres. C\u2019\u00e9tait formidable de voir Chuck et j\u2019ai h\u00e2te de travailler avec l\u2019AFFI alors que nous offrons des services \u00e0 nos fr\u00e8res et s\u0153urs \u00e0 travers l\u2019\u00c9tat. <\/p>\n<\/div>","protected":false},"featured_media":951,"menu_order":0,"template":"","tags":[],"class_list":["post-84766","news","type-news","status-publish","has-post-thumbnail","hentry"],"acf":[],"publishpress_future_workflow_manual_trigger":{"enabledWorkflows":[]},"_links":{"self":[{"href":"https:\/\/www.iaff.org\/fr-ca\/wp-json\/wp\/v2\/news\/84766","targetHints":{"allow":["GET"]}}],"collection":[{"href":"https:\/\/www.iaff.org\/fr-ca\/wp-json\/wp\/v2\/news"}],"about":[{"href":"https:\/\/www.iaff.org\/fr-ca\/wp-json\/wp\/v2\/types\/news"}],"version-history":[{"count":0,"href":"https:\/\/www.iaff.org\/fr-ca\/wp-json\/wp\/v2\/news\/84766\/revisions"}],"wp:featuredmedia":[{"embeddable":true,"href":"https:\/\/www.iaff.org\/fr-ca\/wp-json\/wp\/v2\/media\/951"}],"wp:attachment":[{"href":"https:\/\/www.iaff.org\/fr-ca\/wp-json\/wp\/v2\/media?parent=84766"}],"wp:term":[{"taxonomy":"post_tag","embeddable":true,"href":"https:\/\/www.iaff.org\/fr-ca\/wp-json\/wp\/v2\/tags?post=84766"}],"curies":[{"name":"wp","href":"https:\/\/api.w.org\/{rel}","templated":true}]}}