{"id":84753,"date":"2021-07-21T18:35:16","date_gmt":"2021-07-21T22:35:16","guid":{"rendered":"https:\/\/www.iaff.org\/news\/trois-membres-de-laip-blesses-dans-une-fusillade-a-tucson\/"},"modified":"2025-09-29T15:18:00","modified_gmt":"2025-09-29T19:18:00","slug":"trois-membres-de-laip-blesses-dans-une-fusillade-a-tucson","status":"publish","type":"news","link":"https:\/\/www.iaff.org\/fr-ca\/news\/trois-membres-de-laip-blesses-dans-une-fusillade-a-tucson\/","title":{"rendered":"Trois membres de l\u2019IAFF bless\u00e9s lors d\u2019une fusillade \u00e0 Tucson"},"content":{"rendered":"<div class=\"wp-block-paragraph \">\n<p>La police de Tucson, en Arizona, continue d\u2019enqu\u00eater sur une fusillade sur plusieurs sc\u00e8nes qui a bless\u00e9 deux membres de la section locale I-60 de United Emergency Medical Professionals of Arizona et un membre de la section locale 479 de Tucson, en Arizona.<\/p>\n<\/div><div class=\"wp-block-paragraph \">\n<p>Un seul nom a \u00e9t\u00e9 rendu public jusqu\u2019\u00e0 pr\u00e9sent, Jacob Dindinger, membre de la section locale I-60. Il est toujours hospitalis\u00e9 dans un \u00e9tat critique. L\u2019autre membre de la section locale I-60 devrait recevoir son cong\u00e9 de l\u2019h\u00f4pital le 21 juillet. Le membre de la section locale 479 a \u00e9t\u00e9 trait\u00e9 et lib\u00e9r\u00e9.   <\/p>\n<\/div><div class=\"wp-block-paragraph \">\n<p>\u00ab Nos membres d\u00e9vou\u00e9s de la section locale I-60 et notre membre de la section locale 479 \u00e9taient au travail pour faire ce que les membres de l\u2019AIP font toujours; ils se mettent en danger pour servir les autres et leurs communaut\u00e9s. Ces \u00e9v\u00e9nements nous rappellent \u00e0 quel point notre profession peut \u00eatre dangereuse \u00bb, a d\u00e9clar\u00e9 le pr\u00e9sident g\u00e9n\u00e9ral Ed Kelly. \u00ab Les pens\u00e9es et les pri\u00e8res de toute l\u2019AIP vont aux membres et \u00e0 leurs familles, ainsi qu\u2019aux victimes de l\u2019incendie. Tout le poids de nos ressources a \u00e9t\u00e9 consacr\u00e9 \u00e0 nos fr\u00e8res et s\u0153urs membres en Arizona. <\/p>\n<\/div><div class=\"wp-block-paragraph \">\n<p>\u00ab Chaque fois que nos membres sont bless\u00e9s au travail, c\u2019est difficile, mais cette situation est particuli\u00e8rement tragique \u00bb, a d\u00e9clar\u00e9 le secr\u00e9taire-tr\u00e9sorier g\u00e9n\u00e9ral Frank L\u00edma. \u00ab Notre travail \u00e0 l\u2019avenir est d\u2019aider nos affili\u00e9s d\u2019\u00c9tat et locaux \u00e0 continuer \u00e0 soutenir nos deux fr\u00e8res et s\u0153urs bless\u00e9s et leurs familles tout au long de leur r\u00e9tablissement. \u00bb <\/p>\n<\/div><div class=\"wp-block-paragraph \">\n<p>La s\u00e9rie d\u2019incidents semble \u00eatre li\u00e9e \u00e0 un incendie de maison qui a commenc\u00e9 dans l\u2019apr\u00e8s-midi du 18 juillet.<\/p>\n<\/div><div class=\"wp-block-paragraph \">\n<p>Les enqu\u00eateurs croient que le suspect s\u2019est d\u2019abord approch\u00e9 de l\u2019unit\u00e9 ambulanci\u00e8re situ\u00e9e \u00e0 environ deux p\u00e2t\u00e9s de maisons de l\u2019incendie de la maison o\u00f9 elle \u00e9tait en attente pour une situation non li\u00e9e. Le suspect a tir\u00e9 \u00e0 l\u2019int\u00e9rieur du v\u00e9hicule, blessant les deux membres de la section locale I-60. <\/p>\n<\/div><div class=\"wp-block-paragraph \">\n<p>Le suspect s\u2019est ensuite approch\u00e9 de l\u2019incendie de la maison, tirant sur les pompiers et les passants. Un membre de la section locale 479 a \u00e9t\u00e9 bless\u00e9 et un passant a \u00e9t\u00e9 tu\u00e9. Le suspect a \u00e9t\u00e9 bless\u00e9 lors d\u2019une fusillade avec des policiers alors qu\u2019ils travaillaient \u00e0 l\u2019appr\u00e9hender.  <\/p>\n<\/div><div class=\"wp-block-paragraph \">\n<p>\u00ab Cela a \u00e9t\u00e9 difficile, mais nous continuons de nous concentrer sur les besoins de nos membres et de leurs familles \u00bb, d\u00e9clare le pr\u00e9sident de la section locale I-60 de United Emergency Medical Professionals of Arizona, Jacob Mayer. \u00ab Nous avons mis des ressources de soutien par les pairs \u00e0 la disposition de tous ceux qui en ont besoin et nous avons aid\u00e9 les familles avec tout ce dont elles pourraient avoir besoin. \u00bb <\/p>\n<\/div><div class=\"wp-block-paragraph \">\n<p>\u00ab Toute la section locale 479 soutient notre membre bless\u00e9 pendant qu\u2019il se r\u00e9tablit \u00bb, a d\u00e9clar\u00e9 le pr\u00e9sident de la section locale 479 de Tucson, Josh Campbell. \u00ab Cette situation est difficile \u00e0 traiter. Nous avons la chance d\u2019avoir acc\u00e8s \u00e0 un excellent soutien en sant\u00e9 comportementale. Nous allons y aller une \u00e9tape \u00e0 la fois. <\/p>\n<\/div><div class=\"wp-block-paragraph \">\n<p>Parmi les r\u00e9sidents de la maison en feu figuraient une m\u00e8re et ses trois enfants. Les pompiers ont trouv\u00e9 les restes de la m\u00e8re dans la maison. Les trois enfants ont ensuite \u00e9t\u00e9 retrouv\u00e9s vivants \u00e0 un endroit diff\u00e9rent.  <\/p>\n<\/div>","protected":false},"featured_media":964,"menu_order":0,"template":"","tags":[],"class_list":["post-84753","news","type-news","status-publish","has-post-thumbnail","hentry"],"acf":[],"publishpress_future_workflow_manual_trigger":{"enabledWorkflows":[]},"_links":{"self":[{"href":"https:\/\/www.iaff.org\/fr-ca\/wp-json\/wp\/v2\/news\/84753","targetHints":{"allow":["GET"]}}],"collection":[{"href":"https:\/\/www.iaff.org\/fr-ca\/wp-json\/wp\/v2\/news"}],"about":[{"href":"https:\/\/www.iaff.org\/fr-ca\/wp-json\/wp\/v2\/types\/news"}],"version-history":[{"count":0,"href":"https:\/\/www.iaff.org\/fr-ca\/wp-json\/wp\/v2\/news\/84753\/revisions"}],"wp:featuredmedia":[{"embeddable":true,"href":"https:\/\/www.iaff.org\/fr-ca\/wp-json\/wp\/v2\/media\/964"}],"wp:attachment":[{"href":"https:\/\/www.iaff.org\/fr-ca\/wp-json\/wp\/v2\/media?parent=84753"}],"wp:term":[{"taxonomy":"post_tag","embeddable":true,"href":"https:\/\/www.iaff.org\/fr-ca\/wp-json\/wp\/v2\/tags?post=84753"}],"curies":[{"name":"wp","href":"https:\/\/api.w.org\/{rel}","templated":true}]}}