{"id":84684,"date":"2021-02-26T16:18:07","date_gmt":"2021-02-26T21:18:07","guid":{"rendered":"https:\/\/www.iaff.org\/news\/tahoe-douglas-nv-membre-de-la-section-locale-2441-reconnu-lors-dun-evenement-exterieur-de-la-lnh\/"},"modified":"2025-08-07T14:37:13","modified_gmt":"2025-08-07T18:37:13","slug":"tahoe-douglas-nv-membre-de-la-section-locale-2441-reconnu-lors-dun-evenement-exterieur-de-la-lnh","status":"publish","type":"news","link":"https:\/\/www.iaff.org\/fr-ca\/news\/tahoe-douglas-nv-membre-de-la-section-locale-2441-reconnu-lors-dun-evenement-exterieur-de-la-lnh\/","title":{"rendered":"Tahoe Douglas, NV : Membre de la section locale 2441 reconnu lors d\u2019un \u00e9v\u00e9nement ext\u00e9rieur de la LNH"},"content":{"rendered":"<div class=\"wp-block-paragraph \">\n<p>Lors des Jeux ext\u00e9rieurs de la Ligue nationale de hockey \u00e0 Lake Tahoe, la ligue a rendu un hommage particulier aux premiers r\u00e9pondants et aux travailleurs de la sant\u00e9 lors de la c\u00e9r\u00e9monie d\u2019ouverture pour leurs efforts h\u00e9ro\u00efques pendant la pand\u00e9mie.<\/p>\n<\/div><div class=\"wp-block-paragraph \">\n<p>Tahoe Douglas, membre de la section locale 2441 du NV, Dusty Gooch, qui repr\u00e9sentait le service d\u2019incendie, d\u00e9clare : \u00ab Ma fille, Aurora, et moi avons \u00e9t\u00e9 honor\u00e9es d\u2019\u00eatre invit\u00e9es \u00e0 nous tenir aux c\u00f4t\u00e9s d\u2019autres travailleurs de premi\u00e8re ligne pour cet \u00e9v\u00e9nement. La derni\u00e8re ann\u00e9e a \u00e9t\u00e9 un d\u00e9fi pour nous tous, mais nous continuons de faire ce que nous faisons pour prot\u00e9ger les citoyens que nous servons.<\/p>\n<\/div><div class=\"wp-block-paragraph \">\n<p>L\u2019\u00e9v\u00e9nement, qui a eu lieu les 20 et 21 f\u00e9vrier, a commenc\u00e9 avec la fille de Gooch chantant l\u2019hymne national. Aurora, 21 ans, est sp\u00e9cialiste de la collecte pour une entreprise locale de tests de d\u00e9pistage de la COVID-19, Test Well. <\/p>\n<\/div>\n<figure class=\"wp-block-image aligncenter size-large\"><img decoding=\"async\" src=\"https:\/\/www.iaff.org\/wp-content\/uploads\/GoochWithDaughter-225x300.jpeg\" alt=\"\"><\/figure>\n<div class=\"wp-block-paragraph \">\n<p>La rondelle a \u00e9t\u00e9 lanc\u00e9e par voie d\u2019eau sur le lac Tahoe par le ma\u00eetre de 2e classe de la Garde c\u00f4ti\u00e8re am\u00e9ricaine Jared Elliott. Elliot a remis la rondelle \u00e0 Gooch, membre de la section locale 2441, et au personnel de l\u2019H\u00f4pital Barton Memorial Daryl Braga et Miranda Miller. <\/p>\n<\/div><div class=\"wp-block-paragraph \">\n<p>Les trois ont ensuite pr\u00e9sent\u00e9 la rondelle aux officiels du match entre les Golden Knights de Vegas et l\u2019Avalanche du Colorado.<\/p>\n<\/div>","protected":false},"featured_media":1158,"menu_order":0,"template":"","tags":[],"class_list":["post-84684","news","type-news","status-publish","has-post-thumbnail","hentry"],"acf":[],"publishpress_future_workflow_manual_trigger":{"enabledWorkflows":[]},"_links":{"self":[{"href":"https:\/\/www.iaff.org\/fr-ca\/wp-json\/wp\/v2\/news\/84684","targetHints":{"allow":["GET"]}}],"collection":[{"href":"https:\/\/www.iaff.org\/fr-ca\/wp-json\/wp\/v2\/news"}],"about":[{"href":"https:\/\/www.iaff.org\/fr-ca\/wp-json\/wp\/v2\/types\/news"}],"version-history":[{"count":0,"href":"https:\/\/www.iaff.org\/fr-ca\/wp-json\/wp\/v2\/news\/84684\/revisions"}],"wp:featuredmedia":[{"embeddable":true,"href":"https:\/\/www.iaff.org\/fr-ca\/wp-json\/wp\/v2\/media\/1158"}],"wp:attachment":[{"href":"https:\/\/www.iaff.org\/fr-ca\/wp-json\/wp\/v2\/media?parent=84684"}],"wp:term":[{"taxonomy":"post_tag","embeddable":true,"href":"https:\/\/www.iaff.org\/fr-ca\/wp-json\/wp\/v2\/tags?post=84684"}],"curies":[{"name":"wp","href":"https:\/\/api.w.org\/{rel}","templated":true}]}}