{"id":84678,"date":"2021-01-25T17:31:53","date_gmt":"2021-01-25T22:31:53","guid":{"rendered":"https:\/\/www.iaff.org\/news\/un-membre-de-la-floride-nomme-pompier-de-lannee-pour-les-efforts-de-secours-en-cas-de-catastrophe-de-laip\/"},"modified":"2025-09-29T15:16:55","modified_gmt":"2025-09-29T19:16:55","slug":"un-membre-de-la-floride-nomme-pompier-de-lannee-pour-les-efforts-de-secours-en-cas-de-catastrophe-de-laip","status":"publish","type":"news","link":"https:\/\/www.iaff.org\/fr-ca\/news\/un-membre-de-la-floride-nomme-pompier-de-lannee-pour-les-efforts-de-secours-en-cas-de-catastrophe-de-laip\/","title":{"rendered":"Membre de la Floride nomm\u00e9 pompier de l\u2019ann\u00e9e pour les efforts de secours en cas de catastrophe de l\u2019IAFF"},"content":{"rendered":"<div class=\"wp-block-paragraph \">\n<p>Le service de sauvetage et de lutte contre les incendies d\u2019a\u00e9ronefs de l\u2019autorit\u00e9 portuaire du comt\u00e9 de Lee a d\u00e9cern\u00e9 le prix du pompier de l\u2019ann\u00e9e 2020 \u00e0 David Syvret, membre de la section locale 1826 des pompiers professionnels du sud-ouest de la Floride, pour son travail d\u2019aide aux efforts de secours en cas de catastrophe de l\u2019AIP et son intervention \u00e0 la suite d\u2019un grave incendie pr\u00e8s de l\u2019a\u00e9roport international du sud-ouest de la Floride (RSW).<\/p>\n<\/div><div class=\"wp-block-paragraph \">\n<p>\u00ab Le confr\u00e8re Syvret se consacre \u00e0 aider les autres, que ce soit en tant que pompier ou en tant que membre d\u2019un syndicat \u00bb, d\u00e9clare John Duncan, pr\u00e9sident de la section locale 1826 des pompiers professionnels du sud-ouest de la Floride. \u00ab Je f\u00e9licite son service d\u2019avoir honor\u00e9 ses r\u00e9alisations avec son prix du pompier de l\u2019ann\u00e9e. \u00bb <\/p>\n<\/div><div class=\"wp-block-paragraph \">\n<p>\u00ab Je suis honor\u00e9 et touch\u00e9 de recevoir ce prix \u00bb, d\u00e9clare Syvret, qui est technicien ARFF pour son d\u00e9partement. \u00ab Tout ce que j\u2019ai fait dans le cadre de l\u2019intervention de secours en cas de catastrophe de l\u2019AIP et de l\u2019incendie de RSW, je l\u2019ai fait en tant que membre d\u2019une \u00e9quipe. Ce sont deux situations difficiles qui n\u2019auraient pas pu \u00eatre accomplies seules. <\/p>\n<\/div>\n<figure class=\"wp-block-image aligncenter size-large\"><img decoding=\"async\" src=\"https:\/\/www.iaff.org\/wp-content\/uploads\/\/SyvretHurricane-300x201.jpg\" alt=\"\"><\/figure>\n<div class=\"wp-block-paragraph \">\n<p>2020 a \u00e9t\u00e9 une saison des ouragans tr\u00e8s active. En r\u00e9ponse, les op\u00e9rations de secours en cas de catastrophe de l\u2019IAFF ont fourni une assistance aux membres dans les r\u00e9gions touch\u00e9es. Syvret a fait partie de la r\u00e9ponse de l\u2019IAFF aux ouragans Laura, Sally, Delta et Zeta.  <\/p>\n<\/div><div class=\"wp-block-paragraph \">\n<p>\u00ab Les ouragans sont arriv\u00e9s l\u2019un apr\u00e8s l\u2019autre cette saison et le confr\u00e8re Syvret a r\u00e9pondu \u00e0 l\u2019appel chaque fois que nous avions besoin de lui \u00bb, a d\u00e9clar\u00e9 le vice-pr\u00e9sident du 12e district, Walt Dix. \u00ab Il \u00e9tait un grand atout pour nous sur le terrain et m\u00e9ritait vraiment le prix du pompier de l\u2019ann\u00e9e de son service. \u00bb <\/p>\n<\/div><div class=\"wp-block-paragraph \">\n<p>\u00ab Qu\u2019il s\u2019agisse de b\u00e2cher les toits qui fuient ou d\u2019enlever les arbres abattus des cours, j\u2019\u00e9tais fier de faire partie de cette intervention et je pr\u00e9vois continuer \u00e0 faire partie des efforts de secours en cas de catastrophe \u00bb, d\u00e9clare M. Syvret.<\/p>\n<\/div>\n<figure class=\"wp-block-image aligncenter size-large\"><img decoding=\"async\" src=\"https:\/\/www.iaff.org\/wp-content\/uploads\/\/SyvretFire-300x200.jpg\" alt=\"\"><\/figure>\n<div class=\"wp-block-paragraph \">\n<p>Le d\u00e9partement de Syvet l\u2019a \u00e9galement reconnu pour son d\u00e9vouement au devoir lorsque des milliers de voitures de location ont pris feu \u00e0 RSW en avril 2020. En raison de la pand\u00e9mie, quelque 6 000 voitures de location \u00e9taient inutilis\u00e9es dans un espace ouvert pr\u00e8s de l\u2019a\u00e9roport. <\/p>\n<\/div><div class=\"wp-block-paragraph \">\n<p>L\u2019un des premiers pompiers \u00e0 arriver sur les lieux, les membres de son service disent que Syvret a pass\u00e9 des heures \u00e0 d\u00e9verser des milliers de gallons d\u2019eau et de mousse sur l\u2019incendie \u00e0 RSW.<\/p>\n<\/div><div class=\"wp-block-paragraph \">\n<p>L\u2019incendie \u00e9tait difficile \u00e0 ma\u00eetriser car le vent continuait d\u2019alimenter l\u2019incendie, mais Syvret n\u2019a pas recul\u00e9 avant que le travail ne soit termin\u00e9. Lorsque l\u2019incendie a \u00e9t\u00e9 \u00e9teint, environ la moiti\u00e9 des wagons avaient subi des dommages. <\/p>\n<\/div><div class=\"wp-block-paragraph \">\n<p>Syvret a obtenu sa certification d\u2019officier d\u2019incendie I en 2019 et travaille actuellement \u00e0 sa certification de pompier ma\u00eetre d\u2019a\u00e9roport de l\u2019American Association of Airport Executives (AAAE).<\/p>\n<\/div>","protected":false},"featured_media":1180,"menu_order":0,"template":"","tags":[],"class_list":["post-84678","news","type-news","status-publish","has-post-thumbnail","hentry"],"acf":[],"publishpress_future_workflow_manual_trigger":{"enabledWorkflows":[]},"_links":{"self":[{"href":"https:\/\/www.iaff.org\/fr-ca\/wp-json\/wp\/v2\/news\/84678","targetHints":{"allow":["GET"]}}],"collection":[{"href":"https:\/\/www.iaff.org\/fr-ca\/wp-json\/wp\/v2\/news"}],"about":[{"href":"https:\/\/www.iaff.org\/fr-ca\/wp-json\/wp\/v2\/types\/news"}],"version-history":[{"count":0,"href":"https:\/\/www.iaff.org\/fr-ca\/wp-json\/wp\/v2\/news\/84678\/revisions"}],"wp:featuredmedia":[{"embeddable":true,"href":"https:\/\/www.iaff.org\/fr-ca\/wp-json\/wp\/v2\/media\/1180"}],"wp:attachment":[{"href":"https:\/\/www.iaff.org\/fr-ca\/wp-json\/wp\/v2\/media?parent=84678"}],"wp:term":[{"taxonomy":"post_tag","embeddable":true,"href":"https:\/\/www.iaff.org\/fr-ca\/wp-json\/wp\/v2\/tags?post=84678"}],"curies":[{"name":"wp","href":"https:\/\/api.w.org\/{rel}","templated":true}]}}