{"id":84673,"date":"2021-01-14T21:29:58","date_gmt":"2021-01-15T02:29:58","guid":{"rendered":"https:\/\/www.iaff.org\/news\/la-presidente-de-la-section-locale-de-south-fulton-dirigera-le-serment-dallegeance-lors-de-linvestiture\/"},"modified":"2025-08-07T21:18:28","modified_gmt":"2025-08-08T01:18:28","slug":"la-presidente-de-la-section-locale-de-south-fulton-dirigera-le-serment-dallegeance-lors-de-linvestiture","status":"publish","type":"news","link":"https:\/\/www.iaff.org\/fr-ca\/news\/la-presidente-de-la-section-locale-de-south-fulton-dirigera-le-serment-dallegeance-lors-de-linvestiture\/","title":{"rendered":"La pr\u00e9sidente de la section locale de South Fulton dirigera le serment d\u2019all\u00e9geance lors de l\u2019investiture"},"content":{"rendered":"<div class=\"wp-block-paragraph \">\n<p>Le Comit\u00e9 d\u2019investiture pr\u00e9sidentielle (PIC) a publi\u00e9 une liste de participants \u00e0 la 59e c\u00e9r\u00e9monie d\u2019investiture le 20 janvier, lorsque Joe Biden et Kamala Harris pr\u00eateront serment en tant que pr\u00e9sident et vice-pr\u00e9sident des \u00c9tats-Unis, ce qui comprend la pr\u00e9sidente de la section locale 3920 de South Fulton, en G\u00e9orgie, Andrea Hall, qui a \u00e9t\u00e9 choisie pour diriger le serment d\u2019all\u00e9geance.<\/p>\n<\/div><div class=\"wp-block-paragraph \">\n<p>\u00ab Lorsque l\u2019\u00e9quipe de transition de Biden m\u2019a demand\u00e9 de recommander un dirigeant syndical et un pompier de base, mon travail \u00e9tait facile \u00bb, explique le pr\u00e9sident g\u00e9n\u00e9ral Harold Schaitberger. \u00ab La pr\u00e9sidente Hall a organis\u00e9 sa section locale et a ensuite adopt\u00e9 une ordonnance qui accordait des droits de n\u00e9gociation collective \u00e0 ses membres. Ce n\u2019\u00e9tait pas une chose facile \u00e0 faire dans un \u00c9tat de droit au travail. <\/p>\n<\/div><div class=\"wp-block-paragraph \">\n<p>\u00ab Andrea a \u00e9t\u00e9 une leader extr\u00eamement efficace dans le 12e district \u00bb, a d\u00e9clar\u00e9 le vice-pr\u00e9sident du 12e district, Walt Dix. \u00ab Je suis tr\u00e8s fier de ses r\u00e9alisations. Je ne peux penser \u00e0 personne de mieux pour cet honneur. <\/p>\n<\/div><div class=\"wp-block-paragraph \">\n<p>Le pr\u00e9sident Hall est un pompier de carri\u00e8re qui compte 28 ans de service d\u00e9vou\u00e9 au service d\u2019incendie et de sauvetage de la ville de South Fulton. En 2004, elle est devenue la premi\u00e8re femme afro-am\u00e9ricaine de l\u2019histoire du d\u00e9partement \u00e0 \u00eatre promue au grade de capitaine des pompiers en 2004. <\/p>\n<\/div><div class=\"wp-block-paragraph \">\n<p>\u00ab Je n\u2019aurais jamais pu imaginer qu\u2019on me demanderait de participer \u00e0 un \u00e9v\u00e9nement aussi historique. Je suis \u00e0 la fois humble et honor\u00e9 \u00bb, d\u00e9clare Hall. \u00ab C\u2019est un moment important. J\u2019ai h\u00e2te de voir quelles grandes choses nous pouvons faire ensemble. <\/p>\n<\/div><div class=\"wp-block-paragraph \">\n<p>En raison de la pand\u00e9mie en cours, une partie de la c\u00e9r\u00e9monie d\u2019investiture aura lieu virtuellement.<\/p>\n<\/div>","protected":false},"featured_media":1187,"menu_order":0,"template":"","tags":[],"class_list":["post-84673","news","type-news","status-publish","has-post-thumbnail","hentry"],"acf":[],"publishpress_future_workflow_manual_trigger":{"enabledWorkflows":[]},"_links":{"self":[{"href":"https:\/\/www.iaff.org\/fr-ca\/wp-json\/wp\/v2\/news\/84673","targetHints":{"allow":["GET"]}}],"collection":[{"href":"https:\/\/www.iaff.org\/fr-ca\/wp-json\/wp\/v2\/news"}],"about":[{"href":"https:\/\/www.iaff.org\/fr-ca\/wp-json\/wp\/v2\/types\/news"}],"version-history":[{"count":0,"href":"https:\/\/www.iaff.org\/fr-ca\/wp-json\/wp\/v2\/news\/84673\/revisions"}],"wp:featuredmedia":[{"embeddable":true,"href":"https:\/\/www.iaff.org\/fr-ca\/wp-json\/wp\/v2\/media\/1187"}],"wp:attachment":[{"href":"https:\/\/www.iaff.org\/fr-ca\/wp-json\/wp\/v2\/media?parent=84673"}],"wp:term":[{"taxonomy":"post_tag","embeddable":true,"href":"https:\/\/www.iaff.org\/fr-ca\/wp-json\/wp\/v2\/tags?post=84673"}],"curies":[{"name":"wp","href":"https:\/\/api.w.org\/{rel}","templated":true}]}}