{"id":84670,"date":"2021-01-07T20:14:52","date_gmt":"2021-01-08T01:14:52","guid":{"rendered":"https:\/\/www.iaff.org\/news\/declaration-de-laip-sur-lincident-troublant-au-capitole-des-etats-unis\/"},"modified":"2025-10-06T10:46:42","modified_gmt":"2025-10-06T14:46:42","slug":"declaration-de-laip-sur-lincident-troublant-au-capitole-des-etats-unis","status":"publish","type":"news","link":"https:\/\/www.iaff.org\/fr-ca\/news\/declaration-de-laip-sur-lincident-troublant-au-capitole-des-etats-unis\/","title":{"rendered":"D\u00e9claration de l\u2019IAFF sur un incident troublant au Capitole des \u00c9tats-Unis"},"content":{"rendered":"<div class=\"wp-block-paragraph \">\n<p>L\u2019attaque du Capitole des \u00c9tats-Unis hier par une foule provoqu\u00e9e par la d\u00e9magogie et les actions irresponsables du pr\u00e9sident en exercice des \u00c9tats-Unis \u00e9tait une attaque contre les fondements institutionnels de notre nation.<\/p>\n<\/div><div class=\"wp-block-paragraph \">\n<p>Le droit \u00e0 la libert\u00e9 d\u2019expression et de r\u00e9union est un droit fondamental dans une nation fond\u00e9e sur la loi et l\u2019ordre, mais une foule en col\u00e8re d\u00e9termin\u00e9e \u00e0 arr\u00eater le processus d\u2019\u00e9lections libres et \u00e9quitables devrait \u00eatre d\u00e9nonc\u00e9e pour ce qu\u2019elle est : l\u2019insurrection.<\/p>\n<\/div><div class=\"wp-block-paragraph \">\n<p>Il n\u2019y a pas de place pour des actions s\u00e9ditieuses comme celles dont nous avons \u00e9t\u00e9 t\u00e9moins hier.<\/p>\n<\/div><div class=\"wp-block-paragraph \">\n<p>La fr\u00e9n\u00e9sie ill\u00e9gale a co\u00fbt\u00e9 la vie \u00e0 certains de nos compatriotes am\u00e9ricains. Ceux qui ont particip\u00e9 doivent r\u00e9pondre aux lois de notre nation pour la vie que leurs actions ont caus\u00e9e et les dommages qu\u2019elles ont caus\u00e9s \u00e0 notre d\u00e9mocratie. <\/p>\n<\/div>","protected":false},"featured_media":323,"menu_order":0,"template":"","tags":[],"class_list":["post-84670","news","type-news","status-publish","has-post-thumbnail","hentry"],"acf":[],"publishpress_future_workflow_manual_trigger":{"enabledWorkflows":[]},"_links":{"self":[{"href":"https:\/\/www.iaff.org\/fr-ca\/wp-json\/wp\/v2\/news\/84670","targetHints":{"allow":["GET"]}}],"collection":[{"href":"https:\/\/www.iaff.org\/fr-ca\/wp-json\/wp\/v2\/news"}],"about":[{"href":"https:\/\/www.iaff.org\/fr-ca\/wp-json\/wp\/v2\/types\/news"}],"version-history":[{"count":0,"href":"https:\/\/www.iaff.org\/fr-ca\/wp-json\/wp\/v2\/news\/84670\/revisions"}],"wp:featuredmedia":[{"embeddable":true,"href":"https:\/\/www.iaff.org\/fr-ca\/wp-json\/wp\/v2\/media\/323"}],"wp:attachment":[{"href":"https:\/\/www.iaff.org\/fr-ca\/wp-json\/wp\/v2\/media?parent=84670"}],"wp:term":[{"taxonomy":"post_tag","embeddable":true,"href":"https:\/\/www.iaff.org\/fr-ca\/wp-json\/wp\/v2\/tags?post=84670"}],"curies":[{"name":"wp","href":"https:\/\/api.w.org\/{rel}","templated":true}]}}