{"id":84647,"date":"2020-10-28T20:10:00","date_gmt":"2020-10-29T00:10:00","guid":{"rendered":"https:\/\/www.iaff.org\/news\/deux-membres-de-laip-grievement-blesses-dans-un-incendie-de-foret-en-californie\/"},"modified":"2025-09-29T15:16:23","modified_gmt":"2025-09-29T19:16:23","slug":"deux-membres-de-laip-grievement-blesses-dans-un-incendie-de-foret-en-californie","status":"publish","type":"news","link":"https:\/\/www.iaff.org\/fr-ca\/news\/deux-membres-de-laip-grievement-blesses-dans-un-incendie-de-foret-en-californie\/","title":{"rendered":"Deux membres de l\u2019IAFF gri\u00e8vement bless\u00e9s lors d\u2019un feu de for\u00eat en Californie"},"content":{"rendered":"<div class=\"wp-block-paragraph \">\n<p>Des centaines de membres de l\u2019IAFF sont en premi\u00e8re ligne dans l\u2019incendie de Silverado, qui a br\u00fbl\u00e9 pr\u00e8s de 13 500 acres et menace des milliers de maisons. Environ 90 000 r\u00e9sidents, dont plusieurs membres de l\u2019IAFF, ont \u00e9vacu\u00e9. <\/p>\n<\/div><div class=\"wp-block-paragraph \">\n<p>Les membres s\u2019efforcent de contenir l\u2019incendie, mais sont mis au d\u00e9fi par des vents violents. Deux membres de la section locale 3631 du comt\u00e9 d\u2019Orange ont \u00e9t\u00e9 gri\u00e8vement bless\u00e9s alors qu\u2019ils luttaient contre l\u2019incendie. D\u2019autres d\u00e9tails concernant leurs blessures seront communiqu\u00e9s prochainement.  <\/p>\n<\/div><div class=\"wp-block-paragraph \">\n<p>\u00ab Pendant que nos membres restent \u00e0 l\u2019h\u00f4pital, l\u2019AIP et la section locale 3631 concentrent leurs ressources sur les membres et leurs familles \u00bb, a d\u00e9clar\u00e9 le pr\u00e9sident g\u00e9n\u00e9ral Harold Schaitberger. \u00ab Ils ont tout notre soutien alors qu\u2019ils traversent cette p\u00e9riode difficile. \u00bb <\/p>\n<\/div><div class=\"wp-block-paragraph \">\n<p>\u00ab J\u2019ai d\u00e9ploy\u00e9 un repr\u00e9sentant du service sur le terrain du district, un coordonnateur des br\u00fblures et du personnel de soutien par les pairs pour commencer \u00e0 aider la section locale 3631 et nos membres bless\u00e9s \u00bb, a d\u00e9clar\u00e9 le vice-pr\u00e9sident du 10e district, Frank Lima. \u00ab Le 10e district continuera de fournir des ressources aussi longtemps qu\u2019elles seront n\u00e9cessaires. \u00bb <\/p>\n<\/div><div class=\"wp-block-paragraph \">\n<p>L\u2019autorit\u00e9 des incendies du comt\u00e9 d\u2019Orange a demand\u00e9 au gouverneur Gavin Newsom de d\u00e9clarer l\u2019\u00e9tat d\u2019urgence afin de lib\u00e9rer des ressources de l\u2019\u00c9tat pour aider \u00e0 lutter contre cet incendie. Pendant ce temps, l\u2019autorit\u00e9 des incendies a lanc\u00e9 une enqu\u00eate sur la cause de l\u2019incendie. <\/p>\n<\/div>","protected":false},"featured_media":1265,"menu_order":0,"template":"","tags":[],"class_list":["post-84647","news","type-news","status-publish","has-post-thumbnail","hentry"],"acf":[],"publishpress_future_workflow_manual_trigger":{"enabledWorkflows":[]},"_links":{"self":[{"href":"https:\/\/www.iaff.org\/fr-ca\/wp-json\/wp\/v2\/news\/84647","targetHints":{"allow":["GET"]}}],"collection":[{"href":"https:\/\/www.iaff.org\/fr-ca\/wp-json\/wp\/v2\/news"}],"about":[{"href":"https:\/\/www.iaff.org\/fr-ca\/wp-json\/wp\/v2\/types\/news"}],"version-history":[{"count":0,"href":"https:\/\/www.iaff.org\/fr-ca\/wp-json\/wp\/v2\/news\/84647\/revisions"}],"wp:featuredmedia":[{"embeddable":true,"href":"https:\/\/www.iaff.org\/fr-ca\/wp-json\/wp\/v2\/media\/1265"}],"wp:attachment":[{"href":"https:\/\/www.iaff.org\/fr-ca\/wp-json\/wp\/v2\/media?parent=84647"}],"wp:term":[{"taxonomy":"post_tag","embeddable":true,"href":"https:\/\/www.iaff.org\/fr-ca\/wp-json\/wp\/v2\/tags?post=84647"}],"curies":[{"name":"wp","href":"https:\/\/api.w.org\/{rel}","templated":true}]}}