{"id":84615,"date":"2020-08-04T16:23:30","date_gmt":"2020-08-04T20:23:30","guid":{"rendered":"https:\/\/www.iaff.org\/news\/les-membres-de-cal-fire-repondent-a-lincendie-dapple-dans-le-cadre-devacuations\/"},"modified":"2025-08-08T14:26:51","modified_gmt":"2025-08-08T18:26:51","slug":"les-membres-de-cal-fire-repondent-a-lincendie-dapple-dans-le-cadre-devacuations","status":"publish","type":"news","link":"https:\/\/www.iaff.org\/fr-ca\/news\/les-membres-de-cal-fire-repondent-a-lincendie-dapple-dans-le-cadre-devacuations\/","title":{"rendered":"Les membres de CAL FIRE r\u00e9pondent \u00e0 l\u2019incendie d\u2019Apple dans le cadre d\u2019\u00e9vacuations"},"content":{"rendered":"<div class=\"wp-block-paragraph \">\n<p>Plus de 2 000 membres de la section locale 2881 de CAL FIRE et des \u00e9quipes de gr\u00e8ve de toute la r\u00e9gion interviennent sur l\u2019incendie d\u2019Apple dans le comt\u00e9 de San Bernardino, en Californie. L\u2019incendie s\u2019est \u00e9tendu \u00e0 27 000 acres et menace les zones r\u00e9sidentielles. Au moins 2 500 maisons ont d\u00e9j\u00e0 \u00e9t\u00e9 \u00e9vacu\u00e9es, dont 10 appartenant \u00e0 des membres de l\u2019AIP. D\u2019autres \u00e9vacuations sont attendues si le feu continue de se propager.   <\/p>\n<\/div><div class=\"wp-block-paragraph \">\n<p>\u00ab Les dirigeants du 10e district communiquent avec les membres dans les zones de menace imm\u00e9diate et potentielle pour s\u2019assurer que les besoins critiques sont satisfaits \u00bb, a d\u00e9clar\u00e9 le vice-pr\u00e9sident du 10e district, Frank Lima. \u00ab Nous leur rappelons \u00e9galement que le <a href=\"https:\/\/foundation.iaff.org\/disaster-relief\/\" target=\"_blank\" rel=\"noreferrer noopener\">Fonds de secours en cas de catastrophe de l\u2019AIP<\/a> est l\u00e0 s\u2019ils en ont besoin. \u00bb <\/p>\n<\/div><div class=\"wp-block-paragraph \">\n<p>Le fonds fournit une aide financi\u00e8re imm\u00e9diate et d\u2019autres formes d\u2019aide aux membres d\u00e9plac\u00e9s de leur foyer par des catastrophes.<\/p>\n<\/div><div class=\"wp-block-paragraph \">\n<p>Les responsables de l\u2019incendie croient qu\u2019il s\u2019est d\u00e9clar\u00e9 le 31 juillet lorsqu\u2019une voiture a tir\u00e9 des particules de diesel de son tuyau d\u2019\u00e9chappement. Les pompiers esp\u00e8rent que l\u2019augmentation de l\u2019humidit\u00e9 et la l\u00e9g\u00e8re r\u00e9duction des temp\u00e9ratures aideront les efforts de confinement. <\/p>\n<\/div>","protected":false},"featured_media":1368,"menu_order":0,"template":"","tags":[],"class_list":["post-84615","news","type-news","status-publish","has-post-thumbnail","hentry"],"acf":[],"publishpress_future_workflow_manual_trigger":{"enabledWorkflows":[]},"_links":{"self":[{"href":"https:\/\/www.iaff.org\/fr-ca\/wp-json\/wp\/v2\/news\/84615","targetHints":{"allow":["GET"]}}],"collection":[{"href":"https:\/\/www.iaff.org\/fr-ca\/wp-json\/wp\/v2\/news"}],"about":[{"href":"https:\/\/www.iaff.org\/fr-ca\/wp-json\/wp\/v2\/types\/news"}],"version-history":[{"count":0,"href":"https:\/\/www.iaff.org\/fr-ca\/wp-json\/wp\/v2\/news\/84615\/revisions"}],"wp:featuredmedia":[{"embeddable":true,"href":"https:\/\/www.iaff.org\/fr-ca\/wp-json\/wp\/v2\/media\/1368"}],"wp:attachment":[{"href":"https:\/\/www.iaff.org\/fr-ca\/wp-json\/wp\/v2\/media?parent=84615"}],"wp:term":[{"taxonomy":"post_tag","embeddable":true,"href":"https:\/\/www.iaff.org\/fr-ca\/wp-json\/wp\/v2\/tags?post=84615"}],"curies":[{"name":"wp","href":"https:\/\/api.w.org\/{rel}","templated":true}]}}